{"id":82509,"date":"2020-04-15T13:51:35","date_gmt":"2020-04-15T17:51:35","guid":{"rendered":"https:\/\/linitiative.ca\/International\/coronavirus-90-nouveaux-cas-confirmes-et-10-nouveaux-deces-en-algerie\/"},"modified":"2020-04-15T13:51:35","modified_gmt":"2020-04-15T17:51:35","slug":"coronavirus-90-nouveaux-cas-confirmes-et-10-nouveaux-deces-en-algerie","status":"publish","type":"post","link":"https:\/\/linitiative.ca\/International\/coronavirus-90-nouveaux-cas-confirmes-et-10-nouveaux-deces-en-algerie\/","title":{"rendered":"Coronavirus : 90 nouveaux cas confirm\u00e9s et 10 nouveaux d\u00e9c\u00e8s en Alg\u00e9rie"},"content":{"rendered":"<p>Quatre-vingt-dix (90) nouveaux cas confirm\u00e9s de coronavirus (Covid-19) et 10 nouveaux d\u00e9c\u00e8s ont \u00e9t\u00e9 enregistr\u00e9s en Alg\u00e9rie, portant ainsi le nombre de cas confirm\u00e9s \u00e0 2160 et celui des d\u00e9c\u00e8s \u00e0 336, a indiqu\u00e9 mercredi le porte-parole du Comit\u00e9 scientifique de suivi de l\u2019\u00e9volution de la pand\u00e9mie du Coronavirus, Djamel Fourar, lors du point de presse quotidien consacr\u00e9 \u00e0 l\u2019\u00e9volution de la pand\u00e9mie.<\/p>\n<p>Auteur: Boudjedri<br \/>\n<a href=\"http:\/\/www.jeune-independant.net\/Coronavirus-90-nouveaux-cas.html\">Cliquez ici pour lire l&rsquo;article depuis sa source.<\/a><\/p>\n","protected":false},"excerpt":{"rendered":"<p>Quatre-vingt-dix (90) nouveaux cas confirm\u00e9s de coronavirus (Covid-19) et 10 nouveaux d\u00e9c\u00e8s ont \u00e9t\u00e9 enregistr\u00e9s en Alg\u00e9rie, portant ainsi le nombre de cas confirm\u00e9s \u00e0 2160 et celui des d\u00e9c\u00e8s \u00e0 336, a indiqu\u00e9 mercredi le porte-parole du Comit\u00e9 scientifique de suivi de l\u2019\u00e9volution de la pand\u00e9mie du Coronavirus, Djamel Fourar, lors du point de [&hellip;]<\/p>\n","protected":false},"author":1737,"featured_media":0,"comment_status":"closed","ping_status":"closed","sticky":false,"template":"","format":"standard","meta":{"fifu_image_url":"","fifu_image_alt":"","footnotes":""},"categories":[73,53],"tags":[],"class_list":["post-82509","post","type-post","status-publish","format-standard","hentry","category-actualite","category-algerie"],"_links":{"self":[{"href":"https:\/\/linitiative.ca\/International\/wp-json\/wp\/v2\/posts\/82509","targetHints":{"allow":["GET"]}}],"collection":[{"href":"https:\/\/linitiative.ca\/International\/wp-json\/wp\/v2\/posts"}],"about":[{"href":"https:\/\/linitiative.ca\/International\/wp-json\/wp\/v2\/types\/post"}],"author":[{"embeddable":true,"href":"https:\/\/linitiative.ca\/International\/wp-json\/wp\/v2\/users\/1737"}],"replies":[{"embeddable":true,"href":"https:\/\/linitiative.ca\/International\/wp-json\/wp\/v2\/comments?post=82509"}],"version-history":[{"count":0,"href":"https:\/\/linitiative.ca\/International\/wp-json\/wp\/v2\/posts\/82509\/revisions"}],"wp:attachment":[{"href":"https:\/\/linitiative.ca\/International\/wp-json\/wp\/v2\/media?parent=82509"}],"wp:term":[{"taxonomy":"category","embeddable":true,"href":"https:\/\/linitiative.ca\/International\/wp-json\/wp\/v2\/categories?post=82509"},{"taxonomy":"post_tag","embeddable":true,"href":"https:\/\/linitiative.ca\/International\/wp-json\/wp\/v2\/tags?post=82509"}],"curies":[{"name":"wp","href":"https:\/\/api.w.org\/{rel}","templated":true}]}}