{"id":82517,"date":"2020-04-15T13:59:10","date_gmt":"2020-04-15T17:59:10","guid":{"rendered":"https:\/\/linitiative.ca\/International\/coronavirus-plus-de-18-000-marocains-bloques-a-letranger\/"},"modified":"2020-04-15T13:59:10","modified_gmt":"2020-04-15T17:59:10","slug":"coronavirus-plus-de-18-000-marocains-bloques-a-letranger","status":"publish","type":"post","link":"https:\/\/linitiative.ca\/International\/coronavirus-plus-de-18-000-marocains-bloques-a-letranger\/","title":{"rendered":"Coronavirus: plus de 18.000 Marocains bloqu\u00e9s \u00e0 l\u2019\u00e9tranger"},"content":{"rendered":"<p><strong>Selon la ministre d\u00e9l\u00e9gu\u00e9e charg\u00e9e des Marocains r\u00e9sidant \u00e0 l\u2019\u00e9tranger, Nezha El Ouafi, 18.226 Marocains sont bloqu\u00e9s \u00e0 l\u2019\u00e9tranger \u00e0 cause de la fermeture des fronti\u00e8res dans le cadre des mesures pr\u00e9ventives prises pour lutter contre la propagation du nouveau coronavirus. \u00a0<\/strong><\/p>\n<div class=\"c10\"\/>\n<p>La ministre, qui s\u2019exprimait r\u00e9cemment devant la <strong>Commission des Affaires \u00e9trang\u00e8res<\/strong>, de la d\u00e9fense, des affaires islamiques et des MRE \u00e0 la Chambre des repr\u00e9sentants, a assur\u00e9 que le minist\u00e8re des Affaires \u00e9trang\u00e8res, de la coop\u00e9ration africaine et des MRE veille \u00e0 travers ses missions diplomatiques et consulats \u00e0 accompagner les Marocains concern\u00e9s et \u00e0 prendre en charge les <strong>frais d\u2019h\u00e9bergement<\/strong> et de soins pour certains d\u2019entre eux.<\/p>\n<p>A cela s\u2019ajoutent les mesures prises aupr\u00e8s des autorit\u00e9s des pays en question afin de prolonger la dur\u00e9e de validit\u00e9 de leur s\u00e9jour, de maintenir ouverts les h\u00f4tels qui les accueillent, ou bien pour r\u00e9server des h\u00f4tels sp\u00e9cialement pour les h\u00e9berger. On apprend ainsi que ce sont \u00a02.743 ressortissants marocains qui ont ont \u00e9t\u00e9 pris en charge sur un total de 18.226 bloqu\u00e9s \u00e0 l\u2019\u00e9tranger. De m\u00eame, 167 \u00e9tudiants marocains ont \u00e9t\u00e9 rapatri\u00e9s de la ville chinoise de Wuhan.<\/p>\n<p>Lire aussi: <a href=\"https:\/\/www.challenge.ma\/masques-les-griefs-des-textiliens-contre-le-ministere-de-lindustrie-137409\/\">Masques : les griefs des textiliens contre le Minist\u00e8re de l\u2019Industrie<\/a><\/p>\n<p>La ministre a aussi soulign\u00e9 que depuis l\u2019apparition des premiers cas de contamination, une cellule de crise a \u00e9t\u00e9 mise en place au minist\u00e8re des Affaires \u00e9trang\u00e8res, de la <strong>coop\u00e9ration<\/strong> africaine et des MRE pour accompagner les Marocains se trouvant \u00e0 l\u2019\u00e9tranger apr\u00e8s la fermeture des fronti\u00e8res par plusieurs pays du monde. Aussi, des cellules de crise ont-elles \u00e9t\u00e9 cr\u00e9\u00e9es dans l\u2019ensemble des missions diplomatiques et consulats du Royaume \u00e0 l\u2019\u00e9tranger, en plus de lignes t\u00e9l\u00e9phoniques directes d\u00e9di\u00e9es aux MRE.<\/p>\n<p>Mme El Ouafi a \u00e9galement rappel\u00e9 la mise en place au niveau du minist\u00e8re d\u2019une cellule de veille et d\u2019orientation qui a interagi avec un grand nombre de citoyens afin d\u2019apporter des <strong>solutions<\/strong> aux diff\u00e9rents probl\u00e8mes constat\u00e9s. En m\u00eame temps, la cellule cr\u00e9\u00e9e par le minist\u00e8re d\u00e9l\u00e9gu\u00e9 travaille d\u2019arrache-pied pour le traitement \u00e0 distance des plaintes pr\u00e9sent\u00e9es par les Marocains r\u00e9sidant \u00e0 l\u2019\u00e9tranger.<\/p>\n<p>La responsable gouvernementale a d\u2019autre part mis en exergue la forte mobilisation de toutes les repr\u00e9sentations diplomatiques et consulats dans les pays d\u2019accueil de m\u00eame que des cellules cr\u00e9\u00e9es au niveau central et r\u00e9gional pour le suivi de la situation des Marocains du monde et des marocains se trouvant actuellement \u00e0 l\u2019\u00e9tranger, soulignant les efforts consid\u00e9rables et continus d\u00e9ploy\u00e9s en ces circonstances particuli\u00e8res.<\/p>\n<div class=\"c17\">\n<fieldset class=\"c16\">\n<legend><strong><span class=\"c11\">Challenge<\/span><span class=\"c12\">news<\/span><\/strong><\/legend>\n<div class=\"c15\">Le meilleur de Challenge s\u00e9lectionn\u00e9 par la r\u00e9daction :<\/p>\n<\/div>\n<\/fieldset>\n<\/div>\n<p>Auteur: challenge<br \/>\n<a href=\"https:\/\/www.challenge.ma\/coronavirus-plus-de-18-000-marocains-bloques-a-letranger-137441\/\">Cliquez ici pour lire l&rsquo;article depuis sa source.<\/a><\/p>\n","protected":false},"excerpt":{"rendered":"<p>Selon la ministre d\u00e9l\u00e9gu\u00e9e charg\u00e9e des Marocains r\u00e9sidant \u00e0 l\u2019\u00e9tranger, Nezha El Ouafi, 18.226 Marocains sont bloqu\u00e9s \u00e0 l\u2019\u00e9tranger \u00e0 cause de la fermeture des fronti\u00e8res dans le cadre des mesures pr\u00e9ventives prises pour lutter contre la propagation du nouveau coronavirus. \u00a0 La ministre, qui s\u2019exprimait r\u00e9cemment devant la Commission des Affaires \u00e9trang\u00e8res, de la [&hellip;]<\/p>\n","protected":false},"author":1787,"featured_media":0,"comment_status":"closed","ping_status":"closed","sticky":false,"template":"","format":"standard","meta":{"fifu_image_url":"","fifu_image_alt":"","footnotes":""},"categories":[78,54],"tags":[],"class_list":["post-82517","post","type-post","status-publish","format-standard","hentry","category-economie","category-maroc"],"_links":{"self":[{"href":"https:\/\/linitiative.ca\/International\/wp-json\/wp\/v2\/posts\/82517","targetHints":{"allow":["GET"]}}],"collection":[{"href":"https:\/\/linitiative.ca\/International\/wp-json\/wp\/v2\/posts"}],"about":[{"href":"https:\/\/linitiative.ca\/International\/wp-json\/wp\/v2\/types\/post"}],"author":[{"embeddable":true,"href":"https:\/\/linitiative.ca\/International\/wp-json\/wp\/v2\/users\/1787"}],"replies":[{"embeddable":true,"href":"https:\/\/linitiative.ca\/International\/wp-json\/wp\/v2\/comments?post=82517"}],"version-history":[{"count":0,"href":"https:\/\/linitiative.ca\/International\/wp-json\/wp\/v2\/posts\/82517\/revisions"}],"wp:attachment":[{"href":"https:\/\/linitiative.ca\/International\/wp-json\/wp\/v2\/media?parent=82517"}],"wp:term":[{"taxonomy":"category","embeddable":true,"href":"https:\/\/linitiative.ca\/International\/wp-json\/wp\/v2\/categories?post=82517"},{"taxonomy":"post_tag","embeddable":true,"href":"https:\/\/linitiative.ca\/International\/wp-json\/wp\/v2\/tags?post=82517"}],"curies":[{"name":"wp","href":"https:\/\/api.w.org\/{rel}","templated":true}]}}