{"id":82526,"date":"2020-04-15T14:07:47","date_gmt":"2020-04-15T18:07:47","guid":{"rendered":"https:\/\/linitiative.ca\/International\/dette-africaine\/"},"modified":"2020-04-15T14:07:47","modified_gmt":"2020-04-15T18:07:47","slug":"dette-africaine","status":"publish","type":"post","link":"https:\/\/linitiative.ca\/International\/dette-africaine\/","title":{"rendered":"DETTE AFRICAINE"},"content":{"rendered":"<div class=\"stream-item stream-item-above-post-content\">\n<p><noscript><\/p>\n<p><a href=\"\/\/www3.smartadserver.com\/ac?jump=1&amp;nwid=2136&amp;siteid=240610&amp;pgname=rg&amp;fmtid=49046&amp;visit=m&amp;tmstp=[timestamp]&amp;out=nonrich\" target=\"_blank\" rel=\"noopener noreferrer\"><img decoding=\"async\" src=\"\/\/www3.smartadserver.com\/ac?out=nonrich&amp;nwid=2136&amp;siteid=240610&amp;pgname=rg&amp;fmtid=49046&amp;visit=m&amp;tmstp=[timestamp]\" border=\"0\" alt=\"\"\/><\/a><\/p>\n<p><\/noscript><\/div>\n<p class=\"c3\"><em>Faisant suite aux appels r\u00e9p\u00e9t\u00e9s de personnalit\u00e9s morales ou politiques comme le Pape Fran\u00e7ois ou le Secr\u00e9taire g\u00e9n\u00e9ral de l\u2019Organisation des Nations unies (ONU), Antonio Gutteres ou encore le pr\u00e9sident fran\u00e7ais, Emmanuel Macron, les bonnes nouvelles s\u2019accumulent. En effet, apr\u00e8s la suspension avec effet imm\u00e9diat, de la dette des pays en voie de d\u00e9veloppement, d\u00e9cid\u00e9e par le FMI, ce sont les grands cr\u00e9anciers du monde, en l\u2019occurrence le Club de Paris et le G20, qui ont act\u00e9 finalement un moratoire sur la dette pour un groupe de 76 pays dont une quarantaine d\u2019Etats africains.\u00a0 Si l\u2019on est encore loin de l\u2019annulation pure et simple de la dette que continuent de r\u00e9clamer de nombreuses voix, l\u2019on peut d\u00e9j\u00e0 se f\u00e9liciter de ces mesures qui viennent apporter de l\u2019oxyg\u00e8ne aux tr\u00e9soreries des Etats africains et surtout augmenter les capacit\u00e9s de r\u00e9silience des \u00e9conomies africaines face \u00e0 la pand\u00e9mie du Covid-19. En effet, les ressources ainsi \u00e9pargn\u00e9es pour \u00eatre inject\u00e9es dans la vie \u00e9conomique du continent, s\u2019\u00e9l\u00e8vent \u00e0 environ 32 milliards de dollars. M\u00eame si l\u2019on peut douter que cette somme suffise \u00e0 sortir du coma, les \u00e9conomies qui sont presque totalement \u00e0 l\u2019arr\u00eat, c\u2019est tout de m\u00eame bon \u00e0 prendre.<\/em><\/p>\n<p class=\"c3\"><strong><em>Il faut craindre que le moratoire n\u2019entra\u00eene des effets pervers tout aussi nuisibles que la dette elle-m\u00eame<\/em><\/strong><\/p>\n<p class=\"c3\"><em>Mais cette mansu\u00e9tude des cr\u00e9anciers du continent ne suffit pas \u00e0 dissiper l\u2019arri\u00e8re-go\u00fbt amer laiss\u00e9 par cette dette qui maintient l\u2019Afrique dans une trop grande d\u00e9pendance vis-\u00e0-vis de l\u2019ext\u00e9rieur. Cette d\u00e9pendance se traduit non seulement par les ing\u00e9rences inopportunes des grandes puissances dans les affaires int\u00e9rieures des Etats africains, mais aussi par l\u2019imposition de doctrines et politiques \u00e9conomiques dont les effets sont parfois d\u00e9sastreux pour le d\u00e9veloppement du continent. L\u2019autre aspect pervers de cette dette pour le continent, c\u2019est l\u2019absence quasi-totale de l\u2019Afrique dans les instances d\u00e9cisionnelles internationales, y compris dans des milieux o\u00f9 se discutent sa stabilit\u00e9 et sa s\u00e9curit\u00e9 comme par exemple dans le dossier libyen. Mais, comme le dit un proverbe, \u00ab la main qui re\u00e7oit ne peut pas \u00eatre plus haute que celle qui donne \u00bb.\u00a0<\/em> <em>Pour revenir au moratoire en lui-m\u00eame, il faut craindre qu\u2019il n\u2019entra\u00eene des effets pervers tout aussi nuisibles que la dette elle-m\u00eame. En effet, l\u2019on peut se demander si ce report momentan\u00e9 du paiement de la dette, ne finira pas par cr\u00e9er un cumul impossible \u00e0 g\u00e9rer, surtout que les pr\u00e9visions de croissance \u00e9conomique pour 2020 sont catastrophiques pour le continent et que certains partenaires techniques et financiers continuent d\u2019inciter les Etats africains \u00e0 contracter d\u2019autres dettes pour la riposte contre le Covid-19. Quand on sait que de l\u2019avis de certains sp\u00e9cialistes, il n\u2019est pas exclu que le moratoire qui vient d\u2019\u00eatre act\u00e9 soit accompagn\u00e9 de p\u00e9nalit\u00e9s, il faut redouter le surendettement. Cette crainte est d\u2019autant plus justifi\u00e9e que certains grands commis des Etats africains ne sont pas loin de penser qu\u2019il faut s\u2019endetter au maximum pour b\u00e9n\u00e9ficier plus tard des effets d\u2019all\u00e8gement ou de suppression de la dette. Il y a donc de grands risques qu\u2019il naisse en Afrique des doctrines de d\u00e9veloppement bas\u00e9es sur la course \u00e0 l\u2019endettement.<\/em><\/p>\n<p class=\"c3\"><strong><em>Ce dont l\u2019Afrique a besoin, c\u2019est qu\u2019on l\u2019aide \u00e0 se passer de l\u2019aide<\/em><\/strong><\/p>\n<p class=\"c3\"><em>En tout \u00e9tat de cause, il para\u00eet plus qu\u2019\u00e9vident que ni la dette ni les mesures d\u2019all\u00e8gement pour la rendre indolore, ne font les int\u00e9r\u00eats du continent. Ce dont l\u2019Afrique a besoin, c\u2019est qu\u2019on l\u2019aide \u00e0 se passer de l\u2019aide. Et cela passe d\u2019abord par l\u2019instauration de r\u00e8gles d\u2019\u00e9changes \u00e9quitables qui lui permettent de passer du statut de march\u00e9 d\u2019approvisionnement en mati\u00e8res premi\u00e8res et d\u2019\u00e9coulement de produits factur\u00e9s \u00e0 celui de partenaire \u00e9conomique. Cela passe aussi par la n\u00e9cessaire restructuration de l\u2019\u00e9conomie mondiale pour passer \u00e0 un mod\u00e8le de production plus respectueux de l\u2019environnement afin d\u2019\u00e9viter les maladies \u00e9mergentes dont les r\u00e9percussions socio-\u00e9conomiques sont difficilement g\u00e9rables. Il faut enfin et surtout \u0153uvrer \u00e0 l\u2019av\u00e8nement d\u2019une nouvelle citoyennet\u00e9 mondiale o\u00f9 chaque habitant de la plan\u00e8te se sent plus responsable et solidaire de l\u2019Afrique. Car, le probl\u00e8me n\u2019est certainement pas la trop grande pauvret\u00e9 des Africains, mais la boulimie et le refus de partager des nations les plus d\u00e9velopp\u00e9es \u00e9conomiquement.\u00a0<\/em> <em>Mais en attendant ces grands bouleversements dans l\u2019ordre \u00e9conomique mondial, les Africains doivent eux-m\u00eames se remettre au travail. C\u2019est le seul moyen de cr\u00e9er de la richesse pour pouvoir se passer de la d\u00e9pendance vis-\u00e0-vis de l\u2019ext\u00e9rieur et prendre leur destin en main.<\/em> <em>Cela dit, l\u2019on ne peut que souhaiter que les ressources d\u00e9gag\u00e9es par le moratoire d\u00e9cid\u00e9 par les grands cr\u00e9anciers internationaux, soient utilis\u00e9es \u00e0 bon escient pour financer des plans de relance \u00e9conomique bien \u00e9labor\u00e9s et qu\u2019elles g\u00e9n\u00e8rent \u00e0 terme une plus-value qui permette de payer la dette. Ce n\u2019est pas un pari gagn\u00e9 en Afrique quand on sait que, de par le pass\u00e9, il a exist\u00e9 des initiatives du genre, notamment l\u2019initiative pour les Pays pauvres tr\u00e8s endett\u00e9s (PPTE), qui n\u2019ont pas produit les effets escompt\u00e9s en termes de progr\u00e8s socio-\u00e9conomiques sur le continent. Il faut surtout veiller \u00e0 ce que ces gains financiers n\u2019aillent pas renforcer les fortunes personnelles de cupides dirigeants.<\/em><\/p>\n<p class=\"c3\"><strong><em>\u00ab\u00a0Le Pays\u00a0\u00bb<\/em><\/strong><\/p>\n<p>Auteur: Le Pays<br \/>\n<a href=\"http:\/\/lepays.bf\/dette-africaine\/\">Cliquez ici pour lire l&rsquo;article depuis sa source.<\/a><\/p>\n","protected":false},"excerpt":{"rendered":"<p>Faisant suite aux appels r\u00e9p\u00e9t\u00e9s de personnalit\u00e9s morales ou politiques comme le Pape Fran\u00e7ois ou le Secr\u00e9taire g\u00e9n\u00e9ral de l\u2019Organisation des Nations unies (ONU), Antonio Gutteres ou encore le pr\u00e9sident fran\u00e7ais, Emmanuel Macron, les bonnes nouvelles s\u2019accumulent. En effet, apr\u00e8s la suspension avec effet imm\u00e9diat, de la dette des pays en voie de d\u00e9veloppement, d\u00e9cid\u00e9e [&hellip;]<\/p>\n","protected":false},"author":1813,"featured_media":0,"comment_status":"closed","ping_status":"closed","sticky":false,"template":"","format":"standard","meta":{"fifu_image_url":"","fifu_image_alt":"","footnotes":""},"categories":[73,81],"tags":[],"class_list":["post-82526","post","type-post","status-publish","format-standard","hentry","category-actualite","category-burkina-faso"],"_links":{"self":[{"href":"https:\/\/linitiative.ca\/International\/wp-json\/wp\/v2\/posts\/82526","targetHints":{"allow":["GET"]}}],"collection":[{"href":"https:\/\/linitiative.ca\/International\/wp-json\/wp\/v2\/posts"}],"about":[{"href":"https:\/\/linitiative.ca\/International\/wp-json\/wp\/v2\/types\/post"}],"author":[{"embeddable":true,"href":"https:\/\/linitiative.ca\/International\/wp-json\/wp\/v2\/users\/1813"}],"replies":[{"embeddable":true,"href":"https:\/\/linitiative.ca\/International\/wp-json\/wp\/v2\/comments?post=82526"}],"version-history":[{"count":0,"href":"https:\/\/linitiative.ca\/International\/wp-json\/wp\/v2\/posts\/82526\/revisions"}],"wp:attachment":[{"href":"https:\/\/linitiative.ca\/International\/wp-json\/wp\/v2\/media?parent=82526"}],"wp:term":[{"taxonomy":"category","embeddable":true,"href":"https:\/\/linitiative.ca\/International\/wp-json\/wp\/v2\/categories?post=82526"},{"taxonomy":"post_tag","embeddable":true,"href":"https:\/\/linitiative.ca\/International\/wp-json\/wp\/v2\/tags?post=82526"}],"curies":[{"name":"wp","href":"https:\/\/api.w.org\/{rel}","templated":true}]}}