{"id":82527,"date":"2020-04-15T14:09:55","date_gmt":"2020-04-15T18:09:55","guid":{"rendered":"https:\/\/linitiative.ca\/International\/accusation-de-laxisme-au-sommet-de-letat-congolais\/"},"modified":"2020-04-15T14:09:55","modified_gmt":"2020-04-15T18:09:55","slug":"accusation-de-laxisme-au-sommet-de-letat-congolais","status":"publish","type":"post","link":"https:\/\/linitiative.ca\/International\/accusation-de-laxisme-au-sommet-de-letat-congolais\/","title":{"rendered":"ACCUSATION DE LAXISME AU SOMMET DE L\u2019ETAT CONGOLAIS"},"content":{"rendered":"<div class=\"stream-item stream-item-above-post-content\">\n<p><noscript><\/p>\n<p><a href=\"\/\/www3.smartadserver.com\/ac?jump=1&amp;nwid=2136&amp;siteid=240610&amp;pgname=rg&amp;fmtid=49046&amp;visit=m&amp;tmstp=[timestamp]&amp;out=nonrich\" target=\"_blank\" rel=\"noopener noreferrer\"><img decoding=\"async\" src=\"\/\/www3.smartadserver.com\/ac?out=nonrich&amp;nwid=2136&amp;siteid=240610&amp;pgname=rg&amp;fmtid=49046&amp;visit=m&amp;tmstp=[timestamp]\" border=\"0\" alt=\"\"\/><\/a><\/p>\n<p><\/noscript><\/div>\n<p class=\"c3\"><em>Vital Kamerhe, le directeur de cabinet du chef de l\u2019Etat congolais, F\u00e9lix Tshisekedi, plac\u00e9 en d\u00e9tention pr\u00e9ventive depuis le 8 avril dernier par le tribunal de Paix de Kinshasa\/Matete pour surfacturations et d\u00e9tournements pr\u00e9sum\u00e9s de deniers publics dans le cadre de l\u2019enqu\u00eate sur le programme pr\u00e9sidentiel des 100 jours, vient de passer sa premi\u00e8re semaine en tant que pensionnaire de la prison de Makala. Alors que cette affaire qui promet encore des vagues, n\u2019en est qu\u2019\u00e0 ses d\u00e9buts, des voix s\u2019\u00e9l\u00e8vent pour accuser le plus haut sommet de l\u2019Etat, en l\u2019occurrence le pr\u00e9sident de la R\u00e9publique lui-m\u00eame, de laxisme voire de collusion avec le pr\u00e9venu dans cette scabreuse affaire qui \u00e9tale sur la place publique, les draps sales de la pr\u00e9sidence. En effet, \u00e0 en croire certains t\u00e9nors de la sc\u00e8ne politique congolaise, l\u2019attention de F\u00e9lix Tshisekedi a \u00e9t\u00e9, \u00e0 maintes reprises, attir\u00e9e sur les agissements de son \u00ab\u00a0Dircab\u00a0\u00bb, sans qu\u2019il ne daigne lever le petit doigt, ne serait-ce que pour le rappeler \u00e0 l\u2019ordre.<\/em><\/p>\n<p class=\"c3\"><strong><em>On peut f\u00e9liciter le pr\u00e9sident Tshisekedi pour avoir laiss\u00e9 la Justice faire son travail<\/em><\/strong><\/p>\n<p class=\"c3\"><em>Or, de l\u2019avis de ceux qui portent ces griefs contre le chef de l\u2019Etat, sa r\u00e9action aurait pu freiner les ardeurs de son poulain et limiter ainsi le nombre des casseroles sales.\u00a0<\/em> <em>Sans prendre parti dans cette gu\u00e9guerre, l\u2019on peut, tout de m\u00eame, f\u00e9liciter le pr\u00e9sident Tshisekedi pour avoir laiss\u00e9 la Justice faire son travail. Une telle attitude aurait \u00e9t\u00e9 difficilement imaginable sous le pouvoir totalitaire de son pr\u00e9d\u00e9cesseur, Joseph Kabila, qui aurait tout simplement \u00e9touff\u00e9 l\u2019affaire dans l\u2019\u0153uf. Il n\u2019y a pas, en tout cas, en apparence, plus belle preuve de s\u00e9paration des pouvoirs et d\u2019ind\u00e9pendance de la Justice que de laisser les juges fouiner dans les dossiers de la pr\u00e9sidence au point d\u2019alpaguer de gros rats que l\u2019on jette aux fers. Le chef de l\u2019Etat est d\u2019autant plus \u00e0 f\u00e9liciter que son attitude a une forte valeur p\u00e9dagogique. En effet, elle sonne comme un avertissement \u00e0 l\u2019endroit de tous les d\u00e9linquants \u00e0 col blanc qui sont tapis dans les administrations et dont le sport favori est la surfacturation dans les d\u00e9penses de l\u2019Etat et le d\u00e9tournement des deniers publics. En acceptant de livrer \u00e0 la Justice son directeur de cabinet et alli\u00e9 politique, F\u00e9lix Tshisekedi donne \u00e0 m\u00e9diter cette parole biblique : \u00abSi l\u2019on traite ainsi le bois vert, qu\u2019en sera-t-il du bois sec ? \u00bb Cela dit, ce serait donner le bon Dieu sans confession au pr\u00e9sident de la R\u00e9publique, que de croire qu\u2019il a agi sans calculs politiques. En effet, l\u2019on peut se demander, avec certains t\u00e9nors de la sc\u00e8ne politique congolaise, pourquoi F\u00e9lix Tshisekedi n\u2019a pas r\u00e9agi plus t\u00f4t aux accusations port\u00e9es contre Vital Kamerhe par la suite. Est-ce parce qu\u2019il est lui-m\u00eame mouill\u00e9 dans cette affaire comme le soup\u00e7onnent certains ? A-t-il voulu prot\u00e9ger un alli\u00e9 politique dont les d\u00e9boires judiciaires impacteraient n\u00e9gativement la coalition au pouvoir ? Ou alors a-t-il voulu pousser \u00e0 la faute un alli\u00e9 politique devenu encombrant pour pouvoir s\u2019en d\u00e9barrasser? Cette derni\u00e8re hypoth\u00e8se semble un peu plus plausible si l\u2019on en croit certains bruits qui font cas de m\u00e9sententes entre le chef de l\u2019Etat et son directeur de cabinet dans la gestion de l\u2019\u00e9pid\u00e9mie du Covid-19.<\/em><\/p>\n<p class=\"c3\"><strong><em>On peut se poser des questions sur les cons\u00e9quences politiques des d\u00e9boires judiciaires de Vital Kamerhe<\/em><\/strong><\/p>\n<p class=\"c3\"><em>Mais quelles que soient les raisons que l\u2019on peut \u00e9voquer pour expliquer la r\u00e9action un peu tardive du pr\u00e9sident Tshisekedi, il y a un appel \u00e0 la Justice \u00e0 aller plus loin dans ses investigations pour ratisser large. Et si \u00e0 l\u2019issue du traitement judiciaire, le pr\u00e9sident n\u2019a rien \u00e0 se reprocher, il r\u00e9ussira, une fois de plus, \u00e0 surprendre agr\u00e9ablement l\u2019opinion publique congolaise et internationale. En effet, au regard des conditions de son arriv\u00e9e au pouvoir, ils n\u2019\u00e9taient pas nombreux les observateurs de la sc\u00e8ne politique congolaise \u00e0 parier sur le moindre succ\u00e8s de Tshisekedi. L\u2019homme r\u00e9ussira-t-il \u00e0 faire mentir tous les pronostics pour marquer de la plus belle des mani\u00e8res, son passage \u00e0 la t\u00eate de l\u2019Etat congolais ?\u00a0<\/em> <em>En attendant que l\u2019avenir apporte la r\u00e9ponse \u00e0 cette question, l\u2019on peut se poser des questions sur les cons\u00e9quences politiques des d\u00e9boires judiciaires de Vital Kamerhe. Cette affaire constitue\u2013t-elle la fin des haricots pour cet homme politique dont toute la carri\u00e8re s\u2019est b\u00e2tie sur l\u2019art du retournement de veste ? Et si tel \u00e9tait le cas, cette situation ne risque-t-elle pas de fragiliser la coalition au pouvoir face aux app\u00e9tits gargantuesques des partisans de Joseph Kabila qui attendent dans l\u2019ombre leur heure ? Ou alors, en mettant \u00e0 l\u2019\u00e9cart son alli\u00e9, le pr\u00e9sident Tshisekedi se donne-t-il une plus grande marge de man\u0153uvre dans la gestion des affaires de l\u2019Etat ?<\/em> <em>Faute de r\u00e9ponse, pour l\u2019heure, \u00e0 toutes ces questions, ils sont nombreux les Congolais qui se f\u00e9licitent de cette descente aux enfers de Vital Kamerhe qui n\u2019en est pas \u00e0 sa premi\u00e8re l\u00e9g\u00e8ret\u00e9. A ce que l\u2019on dit, son passage \u00e0 la t\u00eate de l\u2019Assembl\u00e9e nationale aurait aussi laiss\u00e9 de gros trous. Pour l\u2019opposition politique congolaise, l\u2019homme est devenu le symbole de la f\u00e9lonie et beaucoup ne sont pas loin de penser qu\u2019il paie pour ses turpitudes. Mais pour l\u2019instant, en attendant l\u2019\u00e9pilogue de ce feuilleton judiciaire, l\u2019on ne peut qu\u2019esp\u00e9rer que le pr\u00e9sident Tshisekedi puisse tirer toutes les le\u00e7ons de cette affaire en termes de bonne gouvernance et de transparence dans la gestion des affaires de l\u2019Etat.<\/em><\/p>\n<p class=\"c3\"><strong><em>\u00ab\u00a0Le Pays\u00a0\u00bb<\/em><\/strong><\/p>\n<p>Auteur: Le Pays<br \/>\n<a href=\"http:\/\/lepays.bf\/accusation-de-laxisme-au-sommet-de-letat-congolais-2\/\">Cliquez ici pour lire l&rsquo;article depuis sa source.<\/a><\/p>\n","protected":false},"excerpt":{"rendered":"<p>Vital Kamerhe, le directeur de cabinet du chef de l\u2019Etat congolais, F\u00e9lix Tshisekedi, plac\u00e9 en d\u00e9tention pr\u00e9ventive depuis le 8 avril dernier par le tribunal de Paix de Kinshasa\/Matete pour surfacturations et d\u00e9tournements pr\u00e9sum\u00e9s de deniers publics dans le cadre de l\u2019enqu\u00eate sur le programme pr\u00e9sidentiel des 100 jours, vient de passer sa premi\u00e8re semaine [&hellip;]<\/p>\n","protected":false},"author":1813,"featured_media":0,"comment_status":"closed","ping_status":"closed","sticky":false,"template":"","format":"standard","meta":{"fifu_image_url":"","fifu_image_alt":"","footnotes":""},"categories":[73,81],"tags":[],"class_list":["post-82527","post","type-post","status-publish","format-standard","hentry","category-actualite","category-burkina-faso"],"_links":{"self":[{"href":"https:\/\/linitiative.ca\/International\/wp-json\/wp\/v2\/posts\/82527","targetHints":{"allow":["GET"]}}],"collection":[{"href":"https:\/\/linitiative.ca\/International\/wp-json\/wp\/v2\/posts"}],"about":[{"href":"https:\/\/linitiative.ca\/International\/wp-json\/wp\/v2\/types\/post"}],"author":[{"embeddable":true,"href":"https:\/\/linitiative.ca\/International\/wp-json\/wp\/v2\/users\/1813"}],"replies":[{"embeddable":true,"href":"https:\/\/linitiative.ca\/International\/wp-json\/wp\/v2\/comments?post=82527"}],"version-history":[{"count":0,"href":"https:\/\/linitiative.ca\/International\/wp-json\/wp\/v2\/posts\/82527\/revisions"}],"wp:attachment":[{"href":"https:\/\/linitiative.ca\/International\/wp-json\/wp\/v2\/media?parent=82527"}],"wp:term":[{"taxonomy":"category","embeddable":true,"href":"https:\/\/linitiative.ca\/International\/wp-json\/wp\/v2\/categories?post=82527"},{"taxonomy":"post_tag","embeddable":true,"href":"https:\/\/linitiative.ca\/International\/wp-json\/wp\/v2\/tags?post=82527"}],"curies":[{"name":"wp","href":"https:\/\/api.w.org\/{rel}","templated":true}]}}