{"id":82528,"date":"2020-04-15T14:11:59","date_gmt":"2020-04-15T18:11:59","guid":{"rendered":"https:\/\/linitiative.ca\/International\/reprise-des-combats-en-libye\/"},"modified":"2020-04-15T14:11:59","modified_gmt":"2020-04-15T18:11:59","slug":"reprise-des-combats-en-libye","status":"publish","type":"post","link":"https:\/\/linitiative.ca\/International\/reprise-des-combats-en-libye\/","title":{"rendered":"REPRISE DES COMBATS EN LIBYE"},"content":{"rendered":"<div class=\"stream-item stream-item-above-post-content\">\n<p><noscript><\/p>\n<p><a href=\"\/\/www3.smartadserver.com\/ac?jump=1&amp;nwid=2136&amp;siteid=240610&amp;pgname=rg&amp;fmtid=49046&amp;visit=m&amp;tmstp=[timestamp]&amp;out=nonrich\" target=\"_blank\" rel=\"noopener noreferrer\"><img decoding=\"async\" src=\"\/\/www3.smartadserver.com\/ac?out=nonrich&amp;nwid=2136&amp;siteid=240610&amp;pgname=rg&amp;fmtid=49046&amp;visit=m&amp;tmstp=[timestamp]\" border=\"0\" alt=\"\"\/><\/a><\/p>\n<p><\/noscript><\/div>\n<p class=\"c3\"><em>Alors que l\u2019heure est \u00e0 la lutte contre le coronavirus sur fond de confinement et de tr\u00eave dans bien des pays de la plan\u00e8te, il en va autrement en Libye o\u00f9 les armes continuent de cr\u00e9piter. En effet, pas plus tard que le 13 avril dernier, les combats ont repris de plus belle entre les forces du mar\u00e9chal Khalifa Haftar et celles du gouvernement d\u2019union nationale bas\u00e9 \u00e0 Tripoli. Soutenues par la Turquie, ces derni\u00e8res, \u00e0 l\u2019issue de frappes nourries et pr\u00e9cises, sont parvenues \u00e0 prendre le contr\u00f4le, dit-on, de six villes strat\u00e9giques dont Sabratha et Sorman. Ces deux villes susnomm\u00e9es \u00e9taient pass\u00e9es sous le contr\u00f4le des troupes de Haftar, respectivement en 2017 et 2019. Tout se passe, en effet, comme si la relative accalmie \u00e0 laquelle l\u2019on avait assist\u00e9 les semaines \u00e9coul\u00e9es, \u00e9tait mise \u00e0 profit par les deux camps pour se faire une sant\u00e9 militaire. La preuve est que m\u00eame apr\u00e8s avoir repris le contr\u00f4le de quelques villes, l\u2019aviation pro-Haftar a aussi r\u00e9ussi \u00e0 repousser la progression des forces du gouvernement d\u2019union nationale, tout en leur promettant de se venger incessamment. Et qui conna\u00eet Haftar sait que ce dernier n\u2019est pas homme \u00e0 capituler devant l\u2019adversaire. Il ne tardera pas \u00e0 organiser \u00e0 nouveau une offensive sur Tripoli. Surtout que pour lui faire un pied de nez, les milices du GNA ont proc\u00e9d\u00e9 \u00e0 des incendies de postes de police et de centres p\u00e9nitentiaires o\u00f9 \u00e9taient d\u00e9tenus des membres extr\u00e9mistes de l\u2019Etat islamique (EI) qui, du coup, ont \u00e9t\u00e9 lib\u00e9r\u00e9s pour aussit\u00f4t participer aux combats.<\/em><\/p>\n<p class=\"c3\"><strong><em>Le dossier libyen est si complexe qu\u2019il y a lieu d\u2019envisager une solution politique<\/em><\/strong><\/p>\n<p class=\"c3\"><em>Le ministre de l\u2019Int\u00e9rieur du GNA les a m\u00eame d\u00e9sign\u00e9s comme des \u00ab\u00a0compagnons d\u2019armes\u00a0\u00bb. En tout cas, le moins que l\u2019on puisse dire, c\u2019est que ce n\u2019est pas demain la veille que la paix reviendra en Libye. Les choses se sont d\u2019autant plus compliqu\u00e9es que les grandes puissances, au nom de leurs int\u00e9r\u00eats, passent le temps \u00e0 souffler le chaud et le froid. En t\u00e9moigne l\u2019exemple de la Turquie qui ne fait plus myst\u00e8re de son soutien au gouvernement de Tripoli reconnu par la communaut\u00e9 internationale. D\u00e8s lors, on comprend pourquoi, visiblement d\u00e9pit\u00e9 pour avoir plusieurs fois sonn\u00e9 en vain le tocsin, le repr\u00e9sentant sp\u00e9cial de l\u2019ONU en Libye, avait fini par rendre le tablier. Ghassan Salam\u00e9, puisque c\u2019est de lui qu\u2019il s\u2019agit, en avait gros sur le c\u0153ur face \u00e0 l\u2019intrusion sans cesse des puissances occidentales dans la crise libyenne. En tout cas, les Occidentaux, il faut avoir le courage de dire, filent du mauvais coton. Car le dossier libyen est si complexe qu\u2019il y a lieu d\u2019envisager une solution politique, pour autant que l\u2019on veuille aller vers une paix durable.<\/em><\/p>\n<p class=\"c3\"><strong><em>B.O<\/em><\/strong><\/p>\n<p>Auteur: Le Pays<br \/>\n<a href=\"http:\/\/lepays.bf\/reprise-des-combats-en-libye-2\/\">Cliquez ici pour lire l&rsquo;article depuis sa source.<\/a><\/p>\n","protected":false},"excerpt":{"rendered":"<p>Alors que l\u2019heure est \u00e0 la lutte contre le coronavirus sur fond de confinement et de tr\u00eave dans bien des pays de la plan\u00e8te, il en va autrement en Libye o\u00f9 les armes continuent de cr\u00e9piter. En effet, pas plus tard que le 13 avril dernier, les combats ont repris de plus belle entre les [&hellip;]<\/p>\n","protected":false},"author":1813,"featured_media":0,"comment_status":"closed","ping_status":"closed","sticky":false,"template":"","format":"standard","meta":{"fifu_image_url":"","fifu_image_alt":"","footnotes":""},"categories":[73,81],"tags":[],"class_list":["post-82528","post","type-post","status-publish","format-standard","hentry","category-actualite","category-burkina-faso"],"_links":{"self":[{"href":"https:\/\/linitiative.ca\/International\/wp-json\/wp\/v2\/posts\/82528","targetHints":{"allow":["GET"]}}],"collection":[{"href":"https:\/\/linitiative.ca\/International\/wp-json\/wp\/v2\/posts"}],"about":[{"href":"https:\/\/linitiative.ca\/International\/wp-json\/wp\/v2\/types\/post"}],"author":[{"embeddable":true,"href":"https:\/\/linitiative.ca\/International\/wp-json\/wp\/v2\/users\/1813"}],"replies":[{"embeddable":true,"href":"https:\/\/linitiative.ca\/International\/wp-json\/wp\/v2\/comments?post=82528"}],"version-history":[{"count":0,"href":"https:\/\/linitiative.ca\/International\/wp-json\/wp\/v2\/posts\/82528\/revisions"}],"wp:attachment":[{"href":"https:\/\/linitiative.ca\/International\/wp-json\/wp\/v2\/media?parent=82528"}],"wp:term":[{"taxonomy":"category","embeddable":true,"href":"https:\/\/linitiative.ca\/International\/wp-json\/wp\/v2\/categories?post=82528"},{"taxonomy":"post_tag","embeddable":true,"href":"https:\/\/linitiative.ca\/International\/wp-json\/wp\/v2\/tags?post=82528"}],"curies":[{"name":"wp","href":"https:\/\/api.w.org\/{rel}","templated":true}]}}