{"id":82530,"date":"2020-04-15T13:56:36","date_gmt":"2020-04-15T17:56:36","guid":{"rendered":"https:\/\/linitiative.ca\/International\/lautre-mesure-barriere-a-prendre\/"},"modified":"2020-04-15T13:56:36","modified_gmt":"2020-04-15T17:56:36","slug":"lautre-mesure-barriere-a-prendre","status":"publish","type":"post","link":"https:\/\/linitiative.ca\/International\/lautre-mesure-barriere-a-prendre\/","title":{"rendered":"L\u2019autre mesure barri\u00e8re \u00e0 prendre"},"content":{"rendered":"<div class=\"td-post-featured-image\"><a href=\"https:\/\/i1.wp.com\/www.sidwaya.info\/wp-content\/uploads\/2020\/03\/regard026.jpg?fit=448%2C270&amp;ssl=1\" data-caption=\"\"><img loading=\"lazy\" decoding=\"async\" width=\"448\" height=\"270\" class=\"entry-thumb td-modal-image\" src=\"https:\/\/i1.wp.com\/www.sidwaya.info\/wp-content\/uploads\/2020\/03\/regard026.jpg?resize=448%2C270&amp;ssl=1\" srcset=\"https:\/\/i1.wp.com\/www.sidwaya.info\/wp-content\/uploads\/2020\/03\/regard026.jpg?w=448&amp;ssl=1 448w, https:\/\/i1.wp.com\/www.sidwaya.info\/wp-content\/uploads\/2020\/03\/regard026.jpg?resize=300%2C181&amp;ssl=1 300w\" sizes=\"auto, (max-width: 448px) 100vw, 448px\" alt=\"\" title=\"regard026\"\/><\/a><\/div>\n<p>La lutte contre la pand\u00e9mie du coronavirus serait-elle en train de r\u00e9v\u00e9ler une crise de confiance entre gouvernants et gouvern\u00e9s sur la gestion de la chose publique au Burkina Faso\u00a0? Les commentaires des activistes sur les r\u00e9seaux sociaux ou de citoyens dans les \u00e9missions interactives, induisent une r\u00e9ponse par l\u2019affirmative \u00e0 cette interrogation. A travers ces fora, tout porte \u00e0 croire que le foss\u00e9 entre l\u2019ex\u00e9cutif et la population s\u2019est encore creus\u00e9 depuis l\u2019annonce du premier cas du Covid-19 au pays des Hommes int\u00e8gres, le 9 mars dernier. Les mesures barri\u00e8res prises par le gouvernement sont jug\u00e9es s\u00e9lectives, \u00e0 tort ou \u00e0 raison, par une partie de l\u2019opinion nationale.<\/p>\n<p>En effet, la d\u00e9cision, dans un premier temps, de la fermeture des \u00e9coles tout en occultant les autres lieux de grands rassemblements tels que les march\u00e9s, les mosqu\u00e9es, les \u00e9glises, les temples ainsi que les fronti\u00e8res rest\u00e9s ouvertes, peut \u00eatre consid\u00e9r\u00e9e comme le premier faux pas dans la gestion de la pand\u00e9mie. A cela, s\u2019ajoute une certaine confusion au niveau de la communication dans la gestion du Covid-19 au point qu\u2019on n\u2019est pas \u00e0 une contradiction pr\u00e8s entre les protagonistes de la gestion de la riposte. Les d\u00e9clarations du ministre en charge de la Recherche scientifique et celles du Coordonnateur national de la r\u00e9ponse \u00e0 l\u2019\u00e9pid\u00e9mie de Coronavirus sur les essais cliniques de l\u2019Apivirine un phyto-m\u00e9dicament, en disent long. Le dernier couac en date est celui portant sur les premi\u00e8res estimations du plan de riposte du gouvernement pour \u00e9radiquer le mal.<\/p>\n<p>Estim\u00e9 au d\u00e9part \u00e0 plus de 11 milliards F CFA, le plan a \u00e9t\u00e9 r\u00e9\u00e9valu\u00e9 a pr\u00e8s de 178 milliards de FCFA dont 121 milliards F CFA au titre des frais d\u2019h\u00e9bergement et de restauration de \u00ab\u00a0cas symptomatiques non graves\u00a0\u00bb dans des h\u00f4tels, soit pr\u00e8s de 70% du budget total du plan de riposte et qui a susciter moult incompr\u00e9hensions. De son c\u00f4t\u00e9, le gouvernement soutient qu\u2019il n\u2019avait pas donn\u00e9 son quitus pour ce plan. Le plan revu consacre d\u00e9sormais un peu plus de 57 milliards F CFA \u00e0 la prise en charge des personnes affect\u00e9es. En tout \u00e9tat de cause, il y a lieu de parer \u00e0 toute \u00e9ventualit\u00e9. S\u2019il y a d\u2019autres mesures barri\u00e8res \u00e0 prendre contre le Covid-19, c\u2019est bien la lutte contre toute tentative de d\u00e9tournement des ressources mobilis\u00e9es contre la pand\u00e9mie. Plut\u00f4t que de s\u2019adonner \u00e0 ces pratiques, les pays africains en particulier, le Burkina Faso, gagnerait \u00e0 saisir cette crise sanitaire comme une opportunit\u00e9 de revoir sa politique sanitaire afin de rapprocher davantage les centres de soins publics des usagers. Ne dit-on pas que c\u2019est en p\u00e9riode de crise que se r\u00e9v\u00e8lent les grandes nations\u00a0?<\/p>\n<p class=\"c1\"><strong>Abdoulaye BALBONE<\/strong><\/p>\n<div class=\"td-a-rec td-a-rec-id-content_bottom tdi_30_f98 td_block_template_1\"><img loading=\"lazy\" decoding=\"async\" class=\"aligncenter size-full wp-image-9623\" src=\"https:\/\/www.sidwaya.info\/wp-content\/uploads\/2019\/06\/Projet-bannie%CC%80re-Orange-mobile.jpg\" alt=\"\" width=\"728\" height=\"81\"\/><\/div>\n<p>Auteur: DD. Sidwaya<br \/>\n<a href=\"https:\/\/www.sidwaya.info\/blog\/2020\/04\/15\/lautre-mesure-barriere-a-prendre\/\">Cliquez ici pour lire l&rsquo;article depuis sa source.<\/a><\/p>\n","protected":false},"excerpt":{"rendered":"<p>La lutte contre la pand\u00e9mie du coronavirus serait-elle en train de r\u00e9v\u00e9ler une crise de confiance entre gouvernants et gouvern\u00e9s sur la gestion de la chose publique au Burkina Faso\u00a0? Les commentaires des activistes sur les r\u00e9seaux sociaux ou de citoyens dans les \u00e9missions interactives, induisent une r\u00e9ponse par l\u2019affirmative \u00e0 cette interrogation. A travers [&hellip;]<\/p>\n","protected":false},"author":1816,"featured_media":0,"comment_status":"closed","ping_status":"closed","sticky":false,"template":"","format":"standard","meta":{"fifu_image_url":"","fifu_image_alt":"","footnotes":""},"categories":[73,81],"tags":[],"class_list":["post-82530","post","type-post","status-publish","format-standard","hentry","category-actualite","category-burkina-faso"],"_links":{"self":[{"href":"https:\/\/linitiative.ca\/International\/wp-json\/wp\/v2\/posts\/82530","targetHints":{"allow":["GET"]}}],"collection":[{"href":"https:\/\/linitiative.ca\/International\/wp-json\/wp\/v2\/posts"}],"about":[{"href":"https:\/\/linitiative.ca\/International\/wp-json\/wp\/v2\/types\/post"}],"author":[{"embeddable":true,"href":"https:\/\/linitiative.ca\/International\/wp-json\/wp\/v2\/users\/1816"}],"replies":[{"embeddable":true,"href":"https:\/\/linitiative.ca\/International\/wp-json\/wp\/v2\/comments?post=82530"}],"version-history":[{"count":0,"href":"https:\/\/linitiative.ca\/International\/wp-json\/wp\/v2\/posts\/82530\/revisions"}],"wp:attachment":[{"href":"https:\/\/linitiative.ca\/International\/wp-json\/wp\/v2\/media?parent=82530"}],"wp:term":[{"taxonomy":"category","embeddable":true,"href":"https:\/\/linitiative.ca\/International\/wp-json\/wp\/v2\/categories?post=82530"},{"taxonomy":"post_tag","embeddable":true,"href":"https:\/\/linitiative.ca\/International\/wp-json\/wp\/v2\/tags?post=82530"}],"curies":[{"name":"wp","href":"https:\/\/api.w.org\/{rel}","templated":true}]}}