{"id":82532,"date":"2020-04-15T14:06:27","date_gmt":"2020-04-15T18:06:27","guid":{"rendered":"https:\/\/linitiative.ca\/International\/clement-sawadogo-1er-vice-president-du-mpp-il-est-hasardeux-detre-categorique-sur-la-date-des-elections\/"},"modified":"2020-04-15T14:06:27","modified_gmt":"2020-04-15T18:06:27","slug":"clement-sawadogo-1er-vice-president-du-mpp-il-est-hasardeux-detre-categorique-sur-la-date-des-elections","status":"publish","type":"post","link":"https:\/\/linitiative.ca\/International\/clement-sawadogo-1er-vice-president-du-mpp-il-est-hasardeux-detre-categorique-sur-la-date-des-elections\/","title":{"rendered":"Cl\u00e9ment Sawadogo, 1er vice-pr\u00e9sident du MPP  : \u00ab Il est hasardeux d\u2019\u00eatre cat\u00e9gorique sur la date des \u00e9lections \u00bb"},"content":{"rendered":"<div class=\"td-post-featured-image\"><a href=\"https:\/\/i1.wp.com\/www.sidwaya.info\/wp-content\/uploads\/2020\/04\/1-31.jpg?fit=595%2C397&amp;ssl=1\" data-caption=\"\"><img loading=\"lazy\" decoding=\"async\" width=\"595\" height=\"397\" class=\"entry-thumb td-modal-image\" src=\"https:\/\/i1.wp.com\/www.sidwaya.info\/wp-content\/uploads\/2020\/04\/1-31.jpg?resize=595%2C397&amp;ssl=1\" srcset=\"https:\/\/i1.wp.com\/www.sidwaya.info\/wp-content\/uploads\/2020\/04\/1-31.jpg?w=595&amp;ssl=1 595w, https:\/\/i1.wp.com\/www.sidwaya.info\/wp-content\/uploads\/2020\/04\/1-31.jpg?resize=300%2C200&amp;ssl=1 300w\" sizes=\"auto, (max-width: 595px) 100vw, 595px\" alt=\"\" title=\"1\"\/><\/a><\/div>\n<p><strong>Dans cette interview, le premier vice-pr\u00e9sident du Mouvement du peuple pour le progr\u00e8s (MPP), Pegdwend\u00e9 Cl\u00e9ment Sawadogo, appr\u00e9cie les mesures contre le COVID-19. Il se prononce \u00e9galement sur les couacs dans la communication gouvernementale et l\u2019organisation des \u00e9lections de novembre prochain.<\/strong><\/p>\n<p><strong>Sidwaya (S) : Comment vous portez-vous quand on sait qu\u2019une certaine opinion vous soup\u00e7onnait d\u2019\u00eatre malade du coronavirus ?<\/strong><\/p>\n<p><strong>Cl\u00e9ment Sawadogo (C.S.) :<\/strong> Je me porte bien, par la gr\u00e2ce de Dieu. Comme vous parlez de rumeur, sinon je n\u2019ai m\u00eame pas \u00e9t\u00e9 test\u00e9 \u00e0 plus forte raison, d\u00e9clar\u00e9 positif ou n\u00e9gatif. Je ne me suis pas mal port\u00e9 non plus. Je n\u2019ai pas non plus \u00e9t\u00e9 confin\u00e9.<\/p>\n<p><strong>S : Le pr\u00e9sident du Faso a pris des mesures sociales contre le COVID-19. Quelle appr\u00e9ciation en faites-vous ?<\/strong><\/p>\n<p><strong>C.S. :<\/strong> Nous avons estim\u00e9 qu\u2019il s\u2019agit de mesures suffisamment fortes, audacieuses et responsables. D\u00e9j\u00e0, les mesures concernant l\u2019eau et l\u2019\u00e9lectricit\u00e9 sont appliqu\u00e9es. Certes, elles co\u00fbtent cher \u00e0 l\u2019Etat dans un contexte o\u00f9 il n\u2019engrangera pas forc\u00e9ment des ressources, mais il fallait les prendre et le pr\u00e9sident du Faso l\u2019a assum\u00e9. C\u2019est un grand engagement qu\u2019il a pris devant le peuple. Nous le f\u00e9licitons pour cela et encourageons le gouvernement \u00e0 les mettre en \u0153uvre avec le maximum d\u2019efficacit\u00e9.<\/p>\n<p><strong>S : Pourquoi le MPP a mis en place un comit\u00e9 de crise contre la maladie pour une question apolitique?<\/strong><\/p>\n<p><strong>C.S. :<\/strong> La question est certes, apolitique parce qu\u2019a priori, elle ne fait pas l\u2019objet de politique partisane. Toute la nation est concern\u00e9e, que l\u2019on soit de gauche ou de droite, de tel parti ou de tel autre. Mais en tant que parti majoritaire, nous avons l\u2019obligation, en toute circonstance, d\u2019\u00e9pauler le gouvernement et les choix qu\u2019il fait nous concernent parce qu\u2019il travaille sur la base de l\u2019impulsion politique et id\u00e9ologique de notre parti. Nous ne voyons pas la crise comme une affaire politicienne, mais une occasion d\u2019accro\u00eetre l\u2019aura de notre parti en termes \u00e9lectoralistes. Il doit en \u00eatre ainsi pour tous les autres acteurs politiques parce qu\u2019il s\u2019agit d\u2019un dossier de survie de la nation.<\/p>\n<p><strong>S : Le secr\u00e9taire \u00e0 l\u2019orientation politique du MPP, Emile Par\u00e9, d\u00e9non\u00e7ait r\u00e9cemment une pl\u00e9thore de comit\u00e9s dans la gestion du COVID-19. N\u2019a-t-il pas raison ?<\/strong><\/p>\n<p><strong>C.S. :<\/strong> Non. Il ne peut m\u00eame pas avoir raison, parce qu\u2019il cite le comit\u00e9 de crise mis en place par le MPP et les comit\u00e9s mis en place par le gouvernement. Celui-ci a son r\u00f4le et le parti a le sien. Il n\u2019y a aucune confusion entre ces types de comit\u00e9s. Celui mis en place par le parti est un comit\u00e9 de r\u00e9flexion et de proposition. Il n\u2019est pas un comit\u00e9 op\u00e9rationnel qui se substitue \u00e0 celui mis en place par le gouvernement pour g\u00e9rer la crise. C\u2019est donc un amalgame inacceptable. Je ne vois pas \u00e0 quel niveau se trouve la confusion.<\/p>\n<p><strong>S : Des contradictions ont \u00e9t\u00e9 observ\u00e9es dans la communication gouvernementale ces derniers jours. Comment cela peut-il se comprendre?<\/strong><\/p>\n<p><strong>C.S.<\/strong> : Lorsqu\u2019on g\u00e8re une grande situation comme celle-l\u00e0, il y a toujours une certaine d\u00e9licatesse parce que tout ne coule pas de source. Qu\u2019il puisse avoir des gens qui marchent dans le domaine d\u2019intervention des autres avec certaines d\u00e9clarations quelque peu diff\u00e9rentes, cela traduit que chacun est \u00e0 pied d\u2019\u0153uvre et qu\u2019il est n\u00e9cessaire de s\u2019organiser pour qu\u2019il y ait une plus grande harmonie. Mais d\u00e8s les d\u00e9buts, rien n\u2019est \u00e9vident. En 2009 avec les inondations \u00e0 Ouagadougou, il y a eu des cafouillages au d\u00e9part et au fur et \u00e0 mesure, les choses sont rentr\u00e9es dans l\u2019ordre. Ailleurs, il y a les m\u00eames contradictions. L\u2019important c\u2019est d\u2019harmoniser les points de vue.<\/p>\n<p><strong>S : Une d\u00e9claration attribu\u00e9e \u00e0 des membres du Bureau politique national (BPN) du MPP demandait la d\u00e9mission de la ministre de la Sant\u00e9. Certes, votre parti a d\u00e9menti mais n\u2019emp\u00eache que d\u2019aucuns vous soup\u00e7onnent d\u2019en \u00eatre \u00e0 l\u2019origine\u2026<\/strong><\/p>\n<p><strong>C.S. : (Rires !)<\/strong> C\u2019est la premi\u00e8re fois que je l\u2019entends. Vous me donnez donc l\u2019occasion de dire qu\u2019il ne me vient m\u00eame pas \u00e0 l\u2019esprit de rentrer dans une \u0153uvre aussi machiav\u00e9lique. Mon niveau de formation politique et mon degr\u00e9 d\u2019engagement et de responsabilit\u00e9 ne m\u2019y autorisent pas. Mieux, j\u2019\u00e9mets un doute s\u00e9rieux sur la provenance interne de ce document. Je ne suis pas s\u00fbr qu\u2019il provienne des membres de notre BPN. De nos jours, surtout qu\u2019on s\u2019avance vers les \u00e9ch\u00e9ances \u00e9lectorales, il y a trop de rififi dans l\u2019air avec des gens qui passent par tous les moyens pour discr\u00e9diter le syst\u00e8me politique en place et qui n\u2019h\u00e9siteront pas \u00e0 faire usage de telles m\u00e9thodes. C\u2019est dans le style des tracts orduriers d\u2019antan o\u00f9 on monte des choses de toutes pi\u00e8ces pour les attribuer \u00e0 quelqu\u2019un d\u2019autre. En tout cas, quand on regarde le contenu des critiques, nulle part \u00e0 aucun moment dans notre parti, il n\u2019y a eu des critiques de ce genre. Si le document provenait de l\u2019int\u00e9rieur, dans nos r\u00e9unions et \u00e9changes, on devrait sentir une sorte de fronde pour critiquer la gestion de tel ou tel autre membre du gouvernement. Il y a des critiques mais qui ne sont pas comme celles qui sont acerbes et fabriqu\u00e9es de toutes pi\u00e8ces. Nous restons sereins et continuons de mener nos recherches pour trouver l\u2019origine de cette d\u00e9claration.<\/p>\n<p><strong>S : L\u2019un des conseillers sp\u00e9ciaux du chef de l\u2019Etat, Adama Kanazo\u00e9, craint pour sa part, une \u00ab corruption en amont \u00bb dans la gestion des fonds allou\u00e9s au COVID-19. Comment le parti au pouvoir a accueilli cette sortie ?<\/strong><\/p>\n<p><strong>C.S. :<\/strong> Il est conseiller du pr\u00e9sident du Faso, mais aussi acteur politique (ndlr, pr\u00e9sident du parti AJIR) avec ses opinions. Et donc, s\u2019il tire sur une sonnette d\u2019alarme pour demander de veiller \u00e0 ce que la gestion des fonds allou\u00e9s au COVID-19 soit irr\u00e9prochable, il est bien dans ce r\u00f4le en tant que chef de parti. Maintenant, est-ce qu\u2019il faut voir dans son \u00e9crit qu\u2019il incrimine d\u00e9j\u00e0 quelqu\u2019un ou qu\u2019il fait un proc\u00e8s d\u2019intention ? Je ne l\u2019ai pas per\u00e7u ainsi, mais chacun a sa mani\u00e8re de lire les choses.<\/p>\n<p><strong>S : R\u00e9cemment la NAFA, un parti d\u2019opposition, a estim\u00e9 que la date des \u00e9lections coupl\u00e9es de novembre prochain est intouchable. Etes-vous aussi de cet avis ?<\/strong><\/p>\n<p><strong>C.S. :<\/strong> L\u2019organisation des \u00e9lections \u00e0 bonne date est l\u2019une des conclusions du dialogue politique initi\u00e9 par le pr\u00e9sident du Faso. Si quelqu\u2019un rappelle ce qui a \u00e9t\u00e9 d\u00e9cid\u00e9 \u00e0 cette rencontre, on ne peut pas lui en vouloir. Mais si la question se pose par rapport \u00e0 la situation de la pand\u00e9mie du COVID-19, personne ne sait ce qui arrivera dans deux, trois ou quatre mois. Notre souhait \u00e0 tous est que les \u00e9lections se tiennent effectivement \u00e0 bonne date parce que c\u2019est la Constitution qui a mis les balises et on doit les respecter. C\u2019est la position du MPP que nous avons rappel\u00e9e en toute circonstance. Il n\u2019y a donc pas de contradiction entre la position de la NAFA et celle du MPP sur ce point. Cependant, il est hasardeux d\u2019\u00eatre cat\u00e9gorique parce que tout d\u00e9pend de l\u2019\u00e9volution de la maladie. En tout cas, ce n\u2019est pas notre souhait que le calendrier soit r\u00e9vis\u00e9. S\u2019il doit l\u2019\u00eatre, qu\u2019on ne d\u00e9passe pas les bornes fix\u00e9es par la Constitution qui veut que le mandat pr\u00e9sidentiel de 5 ans ne soit pas touch\u00e9 du point de vue de sa dur\u00e9e.<\/p>\n<p class=\"c1\"><strong>\u00a0Interview r\u00e9alis\u00e9e par<\/strong><br \/><strong>Jean-Marie TOE<\/strong><\/p>\n<div class=\"td-a-rec td-a-rec-id-content_bottom tdi_30_9c7 td_block_template_1\"><img loading=\"lazy\" decoding=\"async\" class=\"aligncenter size-full wp-image-9623\" src=\"https:\/\/www.sidwaya.info\/wp-content\/uploads\/2019\/06\/Projet-bannie%CC%80re-Orange-mobile.jpg\" alt=\"\" width=\"728\" height=\"81\"\/><\/div>\n<p>Auteur: DD. Sidwaya<br \/>\n<a href=\"https:\/\/www.sidwaya.info\/blog\/2020\/04\/15\/clement-sawadogo-1er-vice-president-du-mpp-il-est-hasardeux-detre-categorique-sur-la-date-des-elections\/\">Cliquez ici pour lire l&rsquo;article depuis sa source.<\/a><\/p>\n","protected":false},"excerpt":{"rendered":"<p>Dans cette interview, le premier vice-pr\u00e9sident du Mouvement du peuple pour le progr\u00e8s (MPP), Pegdwend\u00e9 Cl\u00e9ment Sawadogo, appr\u00e9cie les mesures contre le COVID-19. Il se prononce \u00e9galement sur les couacs dans la communication gouvernementale et l\u2019organisation des \u00e9lections de novembre prochain. Sidwaya (S) : Comment vous portez-vous quand on sait qu\u2019une certaine opinion vous soup\u00e7onnait [&hellip;]<\/p>\n","protected":false},"author":1816,"featured_media":0,"comment_status":"closed","ping_status":"closed","sticky":false,"template":"","format":"standard","meta":{"fifu_image_url":"","fifu_image_alt":"","footnotes":""},"categories":[73,81],"tags":[],"class_list":["post-82532","post","type-post","status-publish","format-standard","hentry","category-actualite","category-burkina-faso"],"_links":{"self":[{"href":"https:\/\/linitiative.ca\/International\/wp-json\/wp\/v2\/posts\/82532","targetHints":{"allow":["GET"]}}],"collection":[{"href":"https:\/\/linitiative.ca\/International\/wp-json\/wp\/v2\/posts"}],"about":[{"href":"https:\/\/linitiative.ca\/International\/wp-json\/wp\/v2\/types\/post"}],"author":[{"embeddable":true,"href":"https:\/\/linitiative.ca\/International\/wp-json\/wp\/v2\/users\/1816"}],"replies":[{"embeddable":true,"href":"https:\/\/linitiative.ca\/International\/wp-json\/wp\/v2\/comments?post=82532"}],"version-history":[{"count":0,"href":"https:\/\/linitiative.ca\/International\/wp-json\/wp\/v2\/posts\/82532\/revisions"}],"wp:attachment":[{"href":"https:\/\/linitiative.ca\/International\/wp-json\/wp\/v2\/media?parent=82532"}],"wp:term":[{"taxonomy":"category","embeddable":true,"href":"https:\/\/linitiative.ca\/International\/wp-json\/wp\/v2\/categories?post=82532"},{"taxonomy":"post_tag","embeddable":true,"href":"https:\/\/linitiative.ca\/International\/wp-json\/wp\/v2\/tags?post=82532"}],"curies":[{"name":"wp","href":"https:\/\/api.w.org\/{rel}","templated":true}]}}