{"id":82538,"date":"2020-04-15T14:31:47","date_gmt":"2020-04-15T18:31:47","guid":{"rendered":"https:\/\/linitiative.ca\/International\/cameroun-le-pr-joseph-owona-pour-occuper-le-siege-de-jean-fouman-akame-au-conseil-constitutionnel\/"},"modified":"2020-04-15T14:31:47","modified_gmt":"2020-04-15T18:31:47","slug":"cameroun-le-pr-joseph-owona-pour-occuper-le-siege-de-jean-fouman-akame-au-conseil-constitutionnel","status":"publish","type":"post","link":"https:\/\/linitiative.ca\/International\/cameroun-le-pr-joseph-owona-pour-occuper-le-siege-de-jean-fouman-akame-au-conseil-constitutionnel\/","title":{"rendered":"Cameroun: le Pr Joseph Owona pour occuper le si\u00e8ge de Jean Fouman Akame au Conseil constitutionnel"},"content":{"rendered":"<div readability=\"32\">\n<p>Publi\u00e9 le 15.04.2020 \u00e0 19h31 par JournalduCameroun.com<\/p>\n<\/div>\n<div readability=\"64\">\n<h2>L\u2019agr\u00e9g\u00e9 de droit public et de sciences politiques a \u00e9t\u00e9 nomm\u00e9 membre de l\u2019institution le 15 avril par d\u00e9cret pr\u00e9sidentiel<\/h2>\n<p><span class=\"c4\">Le pr\u00e9sident de la R\u00e9publique du Cameroun,<\/span> <strong>Paul Biya<\/strong><span class=\"c4\">, a nomm\u00e9 ce 15 avril le Pr <strong>Joseph Owona<\/strong> comme membre du<\/span> <strong>Conseil constitutionnel<\/strong><span class=\"c4\">.\u00a0<\/span><\/p>\n<p><span class=\"c4\">L\u2019agr\u00e9g\u00e9 de droit et de sciences politiques, n\u00e9 en 1945, va remplacer num\u00e9riquement<\/span> <strong>Jean Fouman Akame<\/strong><span class=\"c4\">, d\u00e9c\u00e9d\u00e9 le 13 janvier 2019. Tous deux sont originaires de la r\u00e9gion du Sud.<\/span><\/p>\n<p><span class=\"c4\">Joseph Owona, auteur, universitaire, ancien chancelier de l\u2019universit\u00e9 de Yaound\u00e9 (ao\u00fbt 1983 \u2013 septembre 1985), a \u00e9t\u00e9 tour \u00e0 tour secr\u00e9taire g\u00e9n\u00e9ral adjoint de la pr\u00e9sidence de la R\u00e9publique (ao\u00fbt 1985 \u2013 mai 1988), ministre de la Fonction publique et du Contr\u00f4le de l\u2019Etat (mai 1988 \u2013 septembre 1990), ministre de l\u2019Enseignement sup\u00e9rieur (septembre 1990 \u2013 avril 1992), secr\u00e9taire g\u00e9n\u00e9ral de la pr\u00e9sidence de la R\u00e9publique (avril 1992 \u2013 juillet 1994), ministre de la Sant\u00e9 publique (juillet 1994-septembre 1996), ministre d\u00e9l\u00e9gu\u00e9 \u00e0 la pr\u00e9sidence de la R\u00e9publique charg\u00e9 du Contr\u00f4le sup\u00e9rieur de l\u2019Etat (septembre 1996 \u2013 d\u00e9cembre 1997), ministre de la Jeunesse et des Sports (1997 \u2013 2000), ministre de l\u2019Education nationale (mars 2000 \u2013 d\u00e9cembre 2004), pr\u00e9sident du Comit\u00e9 de normalisation de la F\u00e9d\u00e9ration camerounaise de football (2013-2015).<\/span><\/p>\n<p><span class=\"c4\">Cr\u00e9\u00e9 le 18 janvier 1996 et officiellement mis en place le 07 f\u00e9vrier 2018 par la nomination de ses onze premiers membres pour un mandat de 06 ans \u00e9ventuellement renouvelable, le Conseil constitutionnel joue le r\u00f4le de r\u00e9gulateur des institutions et d\u2019organe charg\u00e9 de veiller \u00e0 la r\u00e9gularit\u00e9 de l\u2019\u00e9lection pr\u00e9sidentielle et des \u00e9lections parlementaires.<\/span><\/p>\n<\/div>\n<p>Auteur: Eug\u00e8ne SHEMA<br \/>\n<a href=\"https:\/\/www.journalducameroun.com\/joseph-owona-jean-fouman-ak-conseil-cons\/\">Cliquez ici pour lire l&rsquo;article depuis sa source.<\/a><\/p>\n","protected":false},"excerpt":{"rendered":"<p>Publi\u00e9 le 15.04.2020 \u00e0 19h31 par JournalduCameroun.com L\u2019agr\u00e9g\u00e9 de droit public et de sciences politiques a \u00e9t\u00e9 nomm\u00e9 membre de l\u2019institution le 15 avril par d\u00e9cret pr\u00e9sidentiel Le pr\u00e9sident de la R\u00e9publique du Cameroun, Paul Biya, a nomm\u00e9 ce 15 avril le Pr Joseph Owona comme membre du Conseil constitutionnel.\u00a0 L\u2019agr\u00e9g\u00e9 de droit et de [&hellip;]<\/p>\n","protected":false},"author":1965,"featured_media":0,"comment_status":"closed","ping_status":"closed","sticky":false,"template":"","format":"standard","meta":{"fifu_image_url":"","fifu_image_alt":"","footnotes":""},"categories":[73,82],"tags":[],"class_list":["post-82538","post","type-post","status-publish","format-standard","hentry","category-actualite","category-cameroun"],"_links":{"self":[{"href":"https:\/\/linitiative.ca\/International\/wp-json\/wp\/v2\/posts\/82538","targetHints":{"allow":["GET"]}}],"collection":[{"href":"https:\/\/linitiative.ca\/International\/wp-json\/wp\/v2\/posts"}],"about":[{"href":"https:\/\/linitiative.ca\/International\/wp-json\/wp\/v2\/types\/post"}],"author":[{"embeddable":true,"href":"https:\/\/linitiative.ca\/International\/wp-json\/wp\/v2\/users\/1965"}],"replies":[{"embeddable":true,"href":"https:\/\/linitiative.ca\/International\/wp-json\/wp\/v2\/comments?post=82538"}],"version-history":[{"count":0,"href":"https:\/\/linitiative.ca\/International\/wp-json\/wp\/v2\/posts\/82538\/revisions"}],"wp:attachment":[{"href":"https:\/\/linitiative.ca\/International\/wp-json\/wp\/v2\/media?parent=82538"}],"wp:term":[{"taxonomy":"category","embeddable":true,"href":"https:\/\/linitiative.ca\/International\/wp-json\/wp\/v2\/categories?post=82538"},{"taxonomy":"post_tag","embeddable":true,"href":"https:\/\/linitiative.ca\/International\/wp-json\/wp\/v2\/tags?post=82538"}],"curies":[{"name":"wp","href":"https:\/\/api.w.org\/{rel}","templated":true}]}}