{"id":82539,"date":"2020-04-15T15:08:15","date_gmt":"2020-04-15T19:08:15","guid":{"rendered":"https:\/\/linitiative.ca\/International\/cameroun-le-parlement-panafricain-attriste-par-le-deces-de-lhonorable-joseph-mbah-ndam\/"},"modified":"2020-04-15T15:08:15","modified_gmt":"2020-04-15T19:08:15","slug":"cameroun-le-parlement-panafricain-attriste-par-le-deces-de-lhonorable-joseph-mbah-ndam","status":"publish","type":"post","link":"https:\/\/linitiative.ca\/International\/cameroun-le-parlement-panafricain-attriste-par-le-deces-de-lhonorable-joseph-mbah-ndam\/","title":{"rendered":"Cameroun: le Parlement panafricain \u201cattrist\u00e9\u201d par le d\u00e9c\u00e8s de l\u2019honorable Joseph Mbah Ndam"},"content":{"rendered":"<div readability=\"32\">\n<p>Publi\u00e9 le 15.04.2020 \u00e0 20h08 par JournalduCameroun.com<\/p>\n<\/div>\n<div readability=\"54.7762738854\">\n<h2>Le d\u00e9put\u00e9 SDF fut membre de l\u2019assembl\u00e9e consultative de l\u2019Union africaine, de 2004 \u00e0 2020<\/h2>\n<p><span class=\"c4\">Le Parlement panafricain (<\/span><strong>PAP<\/strong><span class=\"c4\">) s\u2019est dit, sur son compte Twitter,<\/span> <em><span class=\"c4\">\u201cattrist\u00e9<\/span><\/em><span class=\"c4\">\u201d du d\u00e9c\u00e8s, le 13 avril dernier, de l\u2019honorable<\/span> <strong>Joseph Mbah Ndam<\/strong><span class=\"c4\">.<\/span><\/p>\n<blockquote class=\"twitter-tweet\" readability=\"9.10877192982\">\n<p dir=\"ltr\" lang=\"en\">PAP is saddened by the passing of Hon. Joseph MBAH NDAM, a national of <a href=\"https:\/\/twitter.com\/hashtag\/Cameroon?src=hash&amp;ref_src=twsrc%5Etfw\">#Cameroon<\/a> who served as a member of the PAP between 2004 and 2020. Hon. Mbah Ndam succumbed to a brief illness on 13 April 2020. <a href=\"https:\/\/t.co\/YIP3gdl6Jb\">pic.twitter.com\/YIP3gdl6Jb<\/a><\/p>\n<p>\u2014 PanAfricanParliament (@AfrikParliament) <a href=\"https:\/\/twitter.com\/AfrikParliament\/status\/1250174059645673475?ref_src=twsrc%5Etfw\">April 14, 2020<\/a><\/p>\n<\/blockquote>\n<p><span class=\"c4\">Originaire de la r\u00e9gion du Nord-Ouest, d\u00e9put\u00e9 du parti politique d\u2019opposition camerounaise<\/span> <em><span class=\"c4\">\u201cSocial Democratic Front\u201d<\/span><\/em> <span class=\"c4\">(<\/span><strong>SDF<\/strong><span class=\"c4\">) de 1997 \u00e0 2020, Joseph Mbah Ndam fut \u00e9galement membre du PAP de 2004 \u00e0 2020.<\/span><\/p>\n<p><span class=\"c4\">Le Parlement panafricain est l\u2019assembl\u00e9e consultative de l\u2019Union africaine. Ses membres ne sont pas \u00e9lus pour le moment, mais d\u00e9sign\u00e9s par les parlements nationaux des \u00c9tats membres. Ils doivent donc \u00eatre au pr\u00e9alable membres de leurs parlements nationaux.<\/span><\/p>\n<p><span class=\"c4\">Le PAP est pr\u00e9sid\u00e9 depuis 2015 par le Camerounais<\/span> <strong>Roger Nkodo Dang<\/strong><span class=\"c4\">. En 2018, le d\u00e9put\u00e9 RDPC (parti au pouvoir au Cameroun) a \u00e9t\u00e9 r\u00e9\u00e9lu \u00e0 la t\u00eate de l\u2019institution bas\u00e9e \u00e0 Midrand (Afrique du Sud) pour un mandat de trois ans.<\/span><\/p>\n<\/div>\n<p>Auteur: Eug\u00e8ne SHEMA<br \/>\n<a href=\"https:\/\/www.journalducameroun.com\/cameroun-pap-attriste-joseph-mbah-ndam\/\">Cliquez ici pour lire l&rsquo;article depuis sa source.<\/a><\/p>\n","protected":false},"excerpt":{"rendered":"<p>Publi\u00e9 le 15.04.2020 \u00e0 20h08 par JournalduCameroun.com Le d\u00e9put\u00e9 SDF fut membre de l\u2019assembl\u00e9e consultative de l\u2019Union africaine, de 2004 \u00e0 2020 Le Parlement panafricain (PAP) s\u2019est dit, sur son compte Twitter, \u201cattrist\u00e9\u201d du d\u00e9c\u00e8s, le 13 avril dernier, de l\u2019honorable Joseph Mbah Ndam. PAP is saddened by the passing of Hon. Joseph MBAH NDAM, [&hellip;]<\/p>\n","protected":false},"author":1965,"featured_media":0,"comment_status":"closed","ping_status":"closed","sticky":false,"template":"","format":"standard","meta":{"fifu_image_url":"","fifu_image_alt":"","footnotes":""},"categories":[73,82],"tags":[],"class_list":["post-82539","post","type-post","status-publish","format-standard","hentry","category-actualite","category-cameroun"],"_links":{"self":[{"href":"https:\/\/linitiative.ca\/International\/wp-json\/wp\/v2\/posts\/82539","targetHints":{"allow":["GET"]}}],"collection":[{"href":"https:\/\/linitiative.ca\/International\/wp-json\/wp\/v2\/posts"}],"about":[{"href":"https:\/\/linitiative.ca\/International\/wp-json\/wp\/v2\/types\/post"}],"author":[{"embeddable":true,"href":"https:\/\/linitiative.ca\/International\/wp-json\/wp\/v2\/users\/1965"}],"replies":[{"embeddable":true,"href":"https:\/\/linitiative.ca\/International\/wp-json\/wp\/v2\/comments?post=82539"}],"version-history":[{"count":0,"href":"https:\/\/linitiative.ca\/International\/wp-json\/wp\/v2\/posts\/82539\/revisions"}],"wp:attachment":[{"href":"https:\/\/linitiative.ca\/International\/wp-json\/wp\/v2\/media?parent=82539"}],"wp:term":[{"taxonomy":"category","embeddable":true,"href":"https:\/\/linitiative.ca\/International\/wp-json\/wp\/v2\/categories?post=82539"},{"taxonomy":"post_tag","embeddable":true,"href":"https:\/\/linitiative.ca\/International\/wp-json\/wp\/v2\/tags?post=82539"}],"curies":[{"name":"wp","href":"https:\/\/api.w.org\/{rel}","templated":true}]}}