{"id":82542,"date":"2020-04-15T16:48:14","date_gmt":"2020-04-15T20:48:14","guid":{"rendered":"https:\/\/linitiative.ca\/International\/cameroun-stade-dolembe-malgre-le-covid-19-le-constructeur-rassure-sur-les-delais\/"},"modified":"2020-04-15T16:48:14","modified_gmt":"2020-04-15T20:48:14","slug":"cameroun-stade-dolembe-malgre-le-covid-19-le-constructeur-rassure-sur-les-delais","status":"publish","type":"post","link":"https:\/\/linitiative.ca\/International\/cameroun-stade-dolembe-malgre-le-covid-19-le-constructeur-rassure-sur-les-delais\/","title":{"rendered":"Cameroun\/Stade d\u2019Olembe : Malgr\u00e9 le Covid-19, le constructeur rassure sur les d\u00e9lais"},"content":{"rendered":"<div readability=\"32\">\n<p>Publi\u00e9 le 15.04.2020 \u00e0 21h48 par Christian Djimadeu<\/p>\n<\/div>\n<div readability=\"69\">\n<h2 class=\"c4\">L\u2019entreprise Magil \u00a0\u00e9voque une fois de plus la possibilit\u00e9 de livrer les travaux dans les d\u00e9lais impartis. Elle l\u2019a dit au ministre des Sports et de l\u2019\u00e9ducation physique qui effectuait une visite sur le chantier \u00a0le 14 avril dernier.<\/h2>\n<p class=\"c5\">En d\u00e9pit de la pand\u00e9mie du Covid-19, les machines continuent de tourner \u00e0 Olembe. C\u2019est le premier constat qui se d\u00e9gage de la visite du ministre des Sports et de l\u2019\u00e9duction physique (Minsep) sur le site du chantier le 14 avril dernier.<\/p>\n<p class=\"c5\">Dans la pr\u00e9sentation des travaux en cours de r\u00e9alisation, notamment de la pelouse, le vice-pr\u00e9sident charg\u00e9 des op\u00e9rations internationales de <strong>Magil<\/strong> a indiqu\u00e9 au micro de la CRTV que\u00a0: <em>\u00ab les stades annexes A et B sont \u00e0 \u00a0trois semaines de la fin des travaux. Concernant le stade principal, nous \u00e9voluons sur les trois niveaux en parall\u00e8le, ainsi que sur les voiries et le futur h\u00e9liport. S\u2019agissant de l\u2019aire principale, apr\u00e8s avoir d\u00e9douan\u00e9 les \u00e9quipements et les semences\u00a0 nous avons pu ensemencer hier (13 avril 2020.Ndlr)\u00bb,<\/em><\/p>\n<p class=\"c5\">Sur le reste de travail \u00e0 mener, <strong>Franck Mathiere<\/strong> se montre tout aussi rassurant. <em>\u00ab\u00a0Nous commen\u00e7ons l\u2019arrosage de ces semences\u00a0 et d\u2019ici quelques semaines l\u2019herbe va devenir verdoyante et nous allons maintenir \u00e7a en entretien. Il nous faut d\u00e9sormais trois mois pour que la semence puisse devenir du gazon, et que\u00a0 ce gazon puisse avoir ses racines qui vont \u00a0venir le renforcer\u00bb<\/em>.<\/p>\n<p class=\"c5\">Le journal \u00a0Cameroun Tribune \u00a0de ce 15 avril \u00a0d\u00e9crit un chantier qui vibre au rythme des finitions. \u00ab\u00a0<em>Dans les vestiaires, les travaux de finitions consistent en la pose des plafonds et de l\u2019\u00e9clairage, des rev\u00eatements du sol apr\u00e8s carrelage, ainsi que la mise en place du mat\u00e9riel de plomberie dans les diff\u00e9rentes salles d\u2019eau (\u2026) Au niveau des terrains d\u2019entra\u00eenement, on s\u2019achemine \u00e0 grands pas vers les finitions des vestiaires (\u2026) Au niveau de la tribune du stade B, les r\u00e9parations mineures sur\u00a0<\/em><em>la charpente\u00a0<\/em><em>se poursuivent. Les mats d\u2019\u00e9clairage pr\u00e9sents sur les deux terrains d\u2019entra\u00eenement attendent encore le mat\u00e9riel et le personnel en charge de leur \u00e9rection. Des experts \u00e9trangers qui ne peuvent pour le moment d\u00e9barquer au Cameroun pour des raisons de fermeture des fronti\u00e8res, coronavirus oblige.\u00a0\u00bb<\/em><\/p>\n<p class=\"c5\">En rappel, la <strong>CAF<\/strong> avait choisi le mois de septembre prochain comme d\u00e9lai de livraison des infrastructures devant servir pour la <strong>Coupe d\u2019Afrique des nations (CAN)<\/strong>. Mais c\u2019\u00e9tait sans compter avec la pand\u00e9mie du <strong>Covid-19<\/strong> qui est fortement entr\u00e9e en Afrique deux mois apr\u00e8s cette d\u00e9cision.<\/p>\n<\/div>\n<p>Auteur: Christian DJIMADEU<br \/>\n<a href=\"https:\/\/www.journalducameroun.com\/cameroun-stade-dolembe-malgre-le-covid-19-le-constructeur-rassure-sur-les-delais\/\">Cliquez ici pour lire l&rsquo;article depuis sa source.<\/a><\/p>\n","protected":false},"excerpt":{"rendered":"<p>Publi\u00e9 le 15.04.2020 \u00e0 21h48 par Christian Djimadeu L\u2019entreprise Magil \u00a0\u00e9voque une fois de plus la possibilit\u00e9 de livrer les travaux dans les d\u00e9lais impartis. Elle l\u2019a dit au ministre des Sports et de l\u2019\u00e9ducation physique qui effectuait une visite sur le chantier \u00a0le 14 avril dernier. En d\u00e9pit de la pand\u00e9mie du Covid-19, les [&hellip;]<\/p>\n","protected":false},"author":1965,"featured_media":0,"comment_status":"closed","ping_status":"closed","sticky":false,"template":"","format":"standard","meta":{"fifu_image_url":"","fifu_image_alt":"","footnotes":""},"categories":[73,82],"tags":[],"class_list":["post-82542","post","type-post","status-publish","format-standard","hentry","category-actualite","category-cameroun"],"_links":{"self":[{"href":"https:\/\/linitiative.ca\/International\/wp-json\/wp\/v2\/posts\/82542","targetHints":{"allow":["GET"]}}],"collection":[{"href":"https:\/\/linitiative.ca\/International\/wp-json\/wp\/v2\/posts"}],"about":[{"href":"https:\/\/linitiative.ca\/International\/wp-json\/wp\/v2\/types\/post"}],"author":[{"embeddable":true,"href":"https:\/\/linitiative.ca\/International\/wp-json\/wp\/v2\/users\/1965"}],"replies":[{"embeddable":true,"href":"https:\/\/linitiative.ca\/International\/wp-json\/wp\/v2\/comments?post=82542"}],"version-history":[{"count":0,"href":"https:\/\/linitiative.ca\/International\/wp-json\/wp\/v2\/posts\/82542\/revisions"}],"wp:attachment":[{"href":"https:\/\/linitiative.ca\/International\/wp-json\/wp\/v2\/media?parent=82542"}],"wp:term":[{"taxonomy":"category","embeddable":true,"href":"https:\/\/linitiative.ca\/International\/wp-json\/wp\/v2\/categories?post=82542"},{"taxonomy":"post_tag","embeddable":true,"href":"https:\/\/linitiative.ca\/International\/wp-json\/wp\/v2\/tags?post=82542"}],"curies":[{"name":"wp","href":"https:\/\/api.w.org\/{rel}","templated":true}]}}