{"id":82544,"date":"2020-04-15T13:04:46","date_gmt":"2020-04-15T17:04:46","guid":{"rendered":"https:\/\/linitiative.ca\/International\/lutte-contre-le-coronavirus-alim-garga-hayatou-evalue-le-dispositif-de-riposte-dans-les-regions\/"},"modified":"2020-04-15T13:04:46","modified_gmt":"2020-04-15T17:04:46","slug":"lutte-contre-le-coronavirus-alim-garga-hayatou-evalue-le-dispositif-de-riposte-dans-les-regions","status":"publish","type":"post","link":"https:\/\/linitiative.ca\/International\/lutte-contre-le-coronavirus-alim-garga-hayatou-evalue-le-dispositif-de-riposte-dans-les-regions\/","title":{"rendered":"Lutte contre le coronavirus : Alim Garga Hayatou \u00e9value le dispositif de riposte dans les r\u00e9gions"},"content":{"rendered":"<div id=\"the-post\">\n<div class=\"featured-area featured-area-inner\" readability=\"7\"><img loading=\"lazy\" decoding=\"async\" width=\"780\" height=\"470\" src=\"https:\/\/ecomatin.net\/wp-content\/uploads\/2020\/04\/hopital-r%C3%A9gional-dEbolowa-780x470.jpg\" class=\"attachment-jannah-image-post size-jannah-image-post wp-post-image\" alt=\"hopital r&#xE9;gional d'Ebolowa\" data-attachment-id=\"15114\" data-permalink=\"https:\/\/ecomatin.net\/lutte-contre-le-coronavirus-alim-garga-hayatou-evalue-le-dispositif-de-riposte-dans-les-regions\/hopital-regional-debolowa\/\" data-orig-file=\"https:\/\/ecomatin.net\/wp-content\/uploads\/2020\/04\/hopital-r&#xE9;gional-dEbolowa.jpg\" data-orig-size=\"1632,1224\" data-comments-opened=\"0\" data-image-meta=\"{&quot;aperture&quot;:&quot;0&quot;,&quot;credit&quot;:&quot;&quot;,&quot;camera&quot;:&quot;&quot;,&quot;caption&quot;:&quot;&quot;,&quot;created_timestamp&quot;:&quot;0&quot;,&quot;copyright&quot;:&quot;&quot;,&quot;focal_length&quot;:&quot;0&quot;,&quot;iso&quot;:&quot;0&quot;,&quot;shutter_speed&quot;:&quot;0&quot;,&quot;title&quot;:&quot;&quot;,&quot;orientation&quot;:&quot;0&quot;}\" data-image-title=\"hopital r&#xE9;gional d&amp;rsquo;Ebolowa\" data-image-description=\"\" data-medium-file=\"https:\/\/ecomatin.net\/wp-content\/uploads\/2020\/04\/hopital-r&#xE9;gional-dEbolowa-300x225.jpg\" data-large-file=\"https:\/\/ecomatin.net\/wp-content\/uploads\/2020\/04\/hopital-r&#xE9;gional-dEbolowa-1024x768.jpg\"\/> hopital r\u00e9gional d&rsquo;Ebolowa<\/div>\n<div class=\"entry-content entry clearfix\" readability=\"44.3563856638\">\n<p>Alim Garga Hayatou s\u2019est rendu le 14 avril dans la r\u00e9gion du Sud pour faire le point sur le niveau de pr\u00e9paration des infrastructures mises en place afin de contrer toute propagation du Coronavirus dans cette r\u00e9gion, qui est compt\u00e9e parmi les foyers de la pand\u00e9mie au Cameroun.<\/p>\n<p>Sur place, le secr\u00e9taire d\u2019Etat au minist\u00e8re de la Sant\u00e9 publique a visit\u00e9 les logements sociaux de Ngalan, situ\u00e9s dans la p\u00e9riph\u00e9rie de la ville d\u2019Ebolowa, chef-lieu de cette r\u00e9gion. Ces habitations construites par l\u2019Etat ont \u00e9t\u00e9 r\u00e9quisitionn\u00e9s pour la mise en quarantaine des cas de Covid-19. Par la suite, il s\u2019est rendu sur le site devant accueillir l\u2019h\u00f4pital de campagne de cette r\u00e9gion, de m\u00eame que sur le site des travaux d\u2019extension de l\u2019h\u00f4pital r\u00e9gional dans la perspective d\u2019accueillir plus de patients.<\/p>\n<p>Selon le secr\u00e9taire d\u2019Etat, la surveillance doit \u00eatre accrue sur les fronti\u00e8res de cette r\u00e9gion pour ne pas avoir des cas import\u00e9s. L\u2019on sait que la r\u00e9gion du Sud est un carrefour entre les pays voisins que sont le Gabon et la Guin\u00e9e Equatoriale.<\/p>\n<p>Toujours dans la logique d\u2019\u00e9valuation du dispositif de riposte mis en \u0153uvre dans les r\u00e9gions, le secr\u00e9taire d\u2019Etat s\u2019\u00e9tait d\u00e9j\u00e0 rendu le 23 mars \u00e0 Garoua dans la r\u00e9gion du Nord. Il y a visit\u00e9 l\u2019h\u00f4pital r\u00e9gional de Garoua, l\u2019a\u00e9roport de Garoua, le port fluvial de la ville et une agence de voyage.<\/p>\n<div class=\"awac-wrapper awac widget posts-list-widget-13\">\n<h4 class=\"widget-title\">Recent Posts<\/h4>\n<\/div>\n<\/div>\n<\/div>\n<div readability=\"31.5\">\n<div class=\"container-wrapper subscribe-widget widget-inner-wrap subscribe-widget-content\" id=\"post-newsletter\" readability=\"33\">\n<h4>With Product You Purchase<\/h4>\n<h3>Subscribe to our mailing list to get the new updates!<\/h3>\n<p>Lorem ipsum dolor sit amet, consectetur.<\/p>\n<\/div>\n<\/div>\n<p>Auteur: EcoMatin<br \/>\n<a href=\"https:\/\/ecomatin.net\/lutte-contre-le-coronavirus-alim-garga-hayatou-evalue-le-dispositif-de-riposte-dans-les-regions\/\">Cliquez ici pour lire l&rsquo;article depuis sa source.<\/a><\/p>\n","protected":false},"excerpt":{"rendered":"<p>hopital r\u00e9gional d&rsquo;Ebolowa Alim Garga Hayatou s\u2019est rendu le 14 avril dans la r\u00e9gion du Sud pour faire le point sur le niveau de pr\u00e9paration des infrastructures mises en place afin de contrer toute propagation du Coronavirus dans cette r\u00e9gion, qui est compt\u00e9e parmi les foyers de la pand\u00e9mie au Cameroun. Sur place, le secr\u00e9taire [&hellip;]<\/p>\n","protected":false},"author":1969,"featured_media":0,"comment_status":"closed","ping_status":"closed","sticky":false,"template":"","format":"standard","meta":{"fifu_image_url":"","fifu_image_alt":"","footnotes":""},"categories":[82,78],"tags":[],"class_list":["post-82544","post","type-post","status-publish","format-standard","hentry","category-cameroun","category-economie"],"_links":{"self":[{"href":"https:\/\/linitiative.ca\/International\/wp-json\/wp\/v2\/posts\/82544","targetHints":{"allow":["GET"]}}],"collection":[{"href":"https:\/\/linitiative.ca\/International\/wp-json\/wp\/v2\/posts"}],"about":[{"href":"https:\/\/linitiative.ca\/International\/wp-json\/wp\/v2\/types\/post"}],"author":[{"embeddable":true,"href":"https:\/\/linitiative.ca\/International\/wp-json\/wp\/v2\/users\/1969"}],"replies":[{"embeddable":true,"href":"https:\/\/linitiative.ca\/International\/wp-json\/wp\/v2\/comments?post=82544"}],"version-history":[{"count":0,"href":"https:\/\/linitiative.ca\/International\/wp-json\/wp\/v2\/posts\/82544\/revisions"}],"wp:attachment":[{"href":"https:\/\/linitiative.ca\/International\/wp-json\/wp\/v2\/media?parent=82544"}],"wp:term":[{"taxonomy":"category","embeddable":true,"href":"https:\/\/linitiative.ca\/International\/wp-json\/wp\/v2\/categories?post=82544"},{"taxonomy":"post_tag","embeddable":true,"href":"https:\/\/linitiative.ca\/International\/wp-json\/wp\/v2\/tags?post=82544"}],"curies":[{"name":"wp","href":"https:\/\/api.w.org\/{rel}","templated":true}]}}