{"id":82545,"date":"2020-04-15T13:09:48","date_gmt":"2020-04-15T17:09:48","guid":{"rendered":"https:\/\/linitiative.ca\/International\/covid-19-les-compagnies-de-transport-interurbain-en-perte-de-vitesse\/"},"modified":"2020-04-15T13:09:48","modified_gmt":"2020-04-15T17:09:48","slug":"covid-19-les-compagnies-de-transport-interurbain-en-perte-de-vitesse","status":"publish","type":"post","link":"https:\/\/linitiative.ca\/International\/covid-19-les-compagnies-de-transport-interurbain-en-perte-de-vitesse\/","title":{"rendered":"Covid-19 : les compagnies de transport interurbain en perte de vitesse"},"content":{"rendered":"<p>L\u2019usager qui arrive ce mercredi 15 avril au lieu-dit \u00ab\u00a0Gare routi\u00e8re de Mvan\u00a0\u00bb, \u00e0 Yaound\u00e9, est surpris par l\u2019ambiance de ce lieu g\u00e9n\u00e9ralement tr\u00e8s bruyant. Voies routi\u00e8res libres, fluidit\u00e9 dans les halls des agences de voyage, quasi-absence de vrombissements de v\u00e9hicules, aucun vacarme des commer\u00e7ants, convoyeurs ou chargeurs. Le temps semble avoir suspendu son vol dans cette partie de la capitale qui compte pas moins de 30 agences de transport interurbain. C\u2019est en tout cas l\u2019atmosph\u00e8re qui r\u00e8gne en ces lieux depuis la survenue de la pand\u00e9mie du Covid-19 au Cameroun, nous apprennent les habitu\u00e9s.<\/p>\n<p>Dans quelques compagnies sillonn\u00e9es, tout semble \u00e0 l\u2019arr\u00eat. \u00ab\u00a0Nous\u00a0n\u2019avons presque pas d\u2019activit\u00e9. A cause du confinement, tr\u00e8s peu de personnes voyagent. N\u00e9anmoins pour celles qui nous sollicitent, nous les obligeons \u00e0 respecter les mesures gouvernementales \u00e0 savoir se d\u00e9sinfecter les mains \u00e0 l\u2019aide des solutions hydro-alcooliques, de l\u2019eau et du savon. On prend \u00e9galement des temp\u00e9ratures gr\u00e2ce aux thermos flash, tout comme nous d\u00e9sinfectons les v\u00e9hicules et r\u00e9duisons les effectifs \u00bb, renseigne un steward de l\u2019agence Finexs Voyages.<\/p>\n<p>A G\u00e9n\u00e9ral Voyages, c\u2019est quasiment le m\u00eame constat. Pas de longues files d\u2019attente devant les guichets. Ici, les clients se comptent au bout des doigts. \u00ab\u00a0Tout est visible. Rien ne tourne.\u00a0\u00a0Ce n\u2019est plus \u00e0 expliquer, faites le constat vous-m\u00eame\u00a0\u00bb, se d\u00e9sole une h\u00f4tesse.<\/p>\n<p>La r\u00e9duction des effectifs dans les v\u00e9hicules semble tout de m\u00eame poser probl\u00e8me \u00e0 la plupart des transporteurs de cette gare. La plupart des responsables d\u00e9plorent le manque d\u2019accompagnement de l\u2019Etat. \u00ab Nous avons des v\u00e9hicules de 30 places qui vont d\u00e9j\u00e0 \u00e0 19 places, des v\u00e9hicules de 18 qui vont \u00e0 11 places, ceux de 22 places qui vont \u00e0 14 places. Alors nous \u00e9prouvons vraiment de la peine puisqu\u2019on croyait que l\u2019Etat en demandant de diminuer les effectifs dans les v\u00e9hicules allait baisser le prix du carburant. Mais rien. Nous avons saisi notre Syndicat afin qu\u2019il soumette cette dol\u00e9ance au ministre des Transports. Nous attendons le retour\u00a0\u00bb, d\u00e9clare Lucien Akono, chef d\u2019agence de Butrans Voyages, qui dessert Lolodorf Eseka \u00e0 partir de Yaound\u00e9.<\/p>\n<p>Il r\u00e9v\u00e8le que depuis le d\u00e9but de la pand\u00e9mie du Coronavirus, Butrans voyages connait des difficult\u00e9s\u00a0: \u00ab\u00a0nous avons revu \u00e0 la hausse les tarifs. Avant, le ticket co\u00fbtait 1 500 FCFA, aujourd\u2019hui, c\u2019est 2 000 FCFA. Mais jusque-l\u00e0, ce n\u2019est pas facile, c\u2019est dur. Ce que nous voulons c\u2019est que Dieu nous accorde la gr\u00e2ce de vaincre cette pand\u00e9mie\u00a0\u00bb.<\/p>\n<p>Dans cette agence, on s\u2019achemine inexorablement vers la r\u00e9duction des effectifs \u00ab\u00a0Si \u00e7a continue \u00e0 cette allure, nous allons appliquer le cong\u00e9 technique pour certains. Butrans voyages Yaound\u00e9 emploie une vingtaine de personnes constitu\u00e9es de chauffeurs, chargeurs etc. Toute la cha\u00eene de 4 agences emploie une cinquantaine. Notre \u00e9conomie a totalement baiss\u00e9. Comment allons-nous faire se lamente le chef d\u2019agence.<\/p>\n<p>Non loin de l\u00e0, Ir\u00e9n\u00e9 Ntsama, chargeur depuis pr\u00e8s de deux ans, rel\u00e8ve \u00ab\u00a0cette crise m\u2019embarrasse. Je ne sais pas quelle sera ma situation dans un mois puisqu\u2019il n\u2019y a pas de travail\u00a0\u00bb. Parlant de l\u2019incidence\u00a0\u00e9conomique, la majorit\u00e9 des responsables d\u2019agence r\u00e9cusent toute pol\u00e9mique. \u00ab\u00a0Je ne me suis pas pr\u00e9par\u00e9 pour livrer les donn\u00e9es chiffr\u00e9es sur les pertes ou alors les recettes du mois de Mars, f\u00e9vrier et Janvier, puisque vous m\u2019avez surpris. Sinon nous ressentons des pertes puisque nous avons des difficult\u00e9s de paiement\u00a0\u00bb, indique l\u2019un d\u2019eux.<\/p>\n<p>Tout \u00e0 c\u00f4t\u00e9, une autre cat\u00e9gorie paie le prix de cette crise sanitaire. Ce sont les petits commer\u00e7ants. Caroline Nganzi, vendeuse de confiserie, se mord les doigts \u00ab\u00a0Si les agences ne fonctionnent pas, je vais vendre quoi. Nos recettes d\u00e9pendent fortement des activit\u00e9s des transporteurs, puisqu\u2019ils viennent manger, se d\u00e9salt\u00e9rer, recharger les cr\u00e9dits t\u00e9l\u00e9phoniques, etc.\u00a0\u00bb, lance-t-elle indign\u00e9e.<\/p>\n<div class=\"awac-wrapper awac widget posts-list-widget-13\">\n<h4 class=\"widget-title\">Recent Posts<\/h4>\n<\/div>\n<p>Auteur: EcoMatin<br \/>\n<a href=\"https:\/\/ecomatin.net\/covid-19-les-compagnies-de-transport-interurbain-en-perte-de-vitesse\/\">Cliquez ici pour lire l&rsquo;article depuis sa source.<\/a><\/p>\n","protected":false},"excerpt":{"rendered":"<p>L\u2019usager qui arrive ce mercredi 15 avril au lieu-dit \u00ab\u00a0Gare routi\u00e8re de Mvan\u00a0\u00bb, \u00e0 Yaound\u00e9, est surpris par l\u2019ambiance de ce lieu g\u00e9n\u00e9ralement tr\u00e8s bruyant. Voies routi\u00e8res libres, fluidit\u00e9 dans les halls des agences de voyage, quasi-absence de vrombissements de v\u00e9hicules, aucun vacarme des commer\u00e7ants, convoyeurs ou chargeurs. Le temps semble avoir suspendu son vol [&hellip;]<\/p>\n","protected":false},"author":1969,"featured_media":0,"comment_status":"closed","ping_status":"closed","sticky":false,"template":"","format":"standard","meta":{"fifu_image_url":"","fifu_image_alt":"","footnotes":""},"categories":[82,78],"tags":[],"class_list":["post-82545","post","type-post","status-publish","format-standard","hentry","category-cameroun","category-economie"],"_links":{"self":[{"href":"https:\/\/linitiative.ca\/International\/wp-json\/wp\/v2\/posts\/82545","targetHints":{"allow":["GET"]}}],"collection":[{"href":"https:\/\/linitiative.ca\/International\/wp-json\/wp\/v2\/posts"}],"about":[{"href":"https:\/\/linitiative.ca\/International\/wp-json\/wp\/v2\/types\/post"}],"author":[{"embeddable":true,"href":"https:\/\/linitiative.ca\/International\/wp-json\/wp\/v2\/users\/1969"}],"replies":[{"embeddable":true,"href":"https:\/\/linitiative.ca\/International\/wp-json\/wp\/v2\/comments?post=82545"}],"version-history":[{"count":0,"href":"https:\/\/linitiative.ca\/International\/wp-json\/wp\/v2\/posts\/82545\/revisions"}],"wp:attachment":[{"href":"https:\/\/linitiative.ca\/International\/wp-json\/wp\/v2\/media?parent=82545"}],"wp:term":[{"taxonomy":"category","embeddable":true,"href":"https:\/\/linitiative.ca\/International\/wp-json\/wp\/v2\/categories?post=82545"},{"taxonomy":"post_tag","embeddable":true,"href":"https:\/\/linitiative.ca\/International\/wp-json\/wp\/v2\/tags?post=82545"}],"curies":[{"name":"wp","href":"https:\/\/api.w.org\/{rel}","templated":true}]}}