{"id":82547,"date":"2020-04-15T13:29:51","date_gmt":"2020-04-15T17:29:51","guid":{"rendered":"https:\/\/linitiative.ca\/International\/des-pistes-pour-proteger-les-travailleurs-pendant-la-crise-du-covid-19\/"},"modified":"2020-04-15T13:29:51","modified_gmt":"2020-04-15T17:29:51","slug":"des-pistes-pour-proteger-les-travailleurs-pendant-la-crise-du-covid-19","status":"publish","type":"post","link":"https:\/\/linitiative.ca\/International\/des-pistes-pour-proteger-les-travailleurs-pendant-la-crise-du-covid-19\/","title":{"rendered":"Des pistes pour prot\u00e9ger les travailleurs pendant la crise du Covid-19"},"content":{"rendered":"<div id=\"the-post\">\n<div class=\"featured-area featured-area-inner\"><img loading=\"lazy\" decoding=\"async\" width=\"500\" height=\"306\" src=\"https:\/\/ecomatin.net\/wp-content\/uploads\/2020\/04\/Travailleurs.jpg\" class=\"attachment-jannah-image-post size-jannah-image-post wp-post-image\" alt=\"Travailleurs\" srcset=\"https:\/\/ecomatin.net\/wp-content\/uploads\/2020\/04\/Travailleurs.jpg 500w, https:\/\/ecomatin.net\/wp-content\/uploads\/2020\/04\/Travailleurs-300x184.jpg 300w\" sizes=\"auto, (max-width: 500px) 100vw, 500px\" data-attachment-id=\"15125\" data-permalink=\"https:\/\/ecomatin.net\/des-pistes-pour-proteger-les-travailleurs-pendant-la-crise-du-covid-19\/travailleurs\/\" data-orig-file=\"https:\/\/ecomatin.net\/wp-content\/uploads\/2020\/04\/Travailleurs.jpg\" data-orig-size=\"500,306\" data-comments-opened=\"0\" data-image-meta=\"{&quot;aperture&quot;:&quot;0&quot;,&quot;credit&quot;:&quot;&quot;,&quot;camera&quot;:&quot;&quot;,&quot;caption&quot;:&quot;&quot;,&quot;created_timestamp&quot;:&quot;0&quot;,&quot;copyright&quot;:&quot;&quot;,&quot;focal_length&quot;:&quot;0&quot;,&quot;iso&quot;:&quot;0&quot;,&quot;shutter_speed&quot;:&quot;0&quot;,&quot;title&quot;:&quot;&quot;,&quot;orientation&quot;:&quot;0&quot;}\" data-image-title=\"Travailleurs\" data-image-description=\"\" data-medium-file=\"https:\/\/ecomatin.net\/wp-content\/uploads\/2020\/04\/Travailleurs-300x184.jpg\" data-large-file=\"https:\/\/ecomatin.net\/wp-content\/uploads\/2020\/04\/Travailleurs.jpg\"\/><\/div>\n<div class=\"entry-content entry clearfix\" readability=\"49.648241206\">\n<p>Durant la phase initiale de la pand\u00e9mie de Covid-19, un certain nombre de pays, ainsi que les partenaires sociaux ont mis en \u0153uvre des mesures d\u00e9cisives pour lutter contre la propagation de la maladie, tout en cherchant \u00e0 att\u00e9nuer ses effets pernicieux sur l\u2019\u00e9conomie et le march\u00e9 du travail.<\/p>\n<p>Au Cameroun, le gouvernement, \u00e0 travers le minist\u00e8re de l\u2019Economie, de la planification et de l\u2019am\u00e9nagement du territoire (Minepat) a lanc\u00e9 une \u00e9tude sur l\u2019impact socio-\u00e9conomique du Covid-19.<\/p>\n<p>Au Groupement Inter-patronal du Cameroun (Gicam),\u00a0une circulaire a \u00e9t\u00e9 envoy\u00e9e \u00e0 tous les chefs d\u2019entreprise pour faire montre de responsabilit\u00e9. Concr\u00e8tement, le Gicam a propos\u00e9 la suspension des contr\u00f4les fiscaux et le gel des redressements fiscaux en cours, le report sans p\u00e9nalit\u00e9s des d\u00e9lais des d\u00e9clarations fiscales.<\/p>\n<p>L\u2019organisation patronale propos l\u2019assouplissement des conditions de d\u00e9livrance des attestations de non redevance, l\u2019all\u00e8gement et l\u2019adaptation des proc\u00e9dures li\u00e9es au d\u00e9douanement et au paiement des fournisseurs, l\u2019activation des leviers mon\u00e9taires pour approvisionner le syst\u00e8me bancaire en liquidit\u00e9.<\/p>\n<p>Pour conclure, le Gicam propose l\u2019accompagnement des banques et \u00e9tablissements financiers dans l\u2019octroi des cr\u00e9dits de tr\u00e9soreries aux entreprises ainsi que l\u2019acc\u00e9l\u00e9ration des remboursements des cr\u00e9dits de TVA et la dette int\u00e9rieure.<\/p>\n<div class=\"awac-wrapper awac widget posts-list-widget-13\">\n<h4 class=\"widget-title\">Recent Posts<\/h4>\n<\/div>\n<\/div>\n<\/div>\n<div readability=\"31.5\">\n<div class=\"container-wrapper subscribe-widget widget-inner-wrap subscribe-widget-content\" id=\"post-newsletter\" readability=\"33\">\n<h4>With Product You Purchase<\/h4>\n<h3>Subscribe to our mailing list to get the new updates!<\/h3>\n<p>Lorem ipsum dolor sit amet, consectetur.<\/p>\n<\/div>\n<\/div>\n<p>Auteur: EcoMatin<br \/>\n<a href=\"https:\/\/ecomatin.net\/des-pistes-pour-proteger-les-travailleurs-pendant-la-crise-du-covid-19\/\">Cliquez ici pour lire l&rsquo;article depuis sa source.<\/a><\/p>\n","protected":false},"excerpt":{"rendered":"<p>Durant la phase initiale de la pand\u00e9mie de Covid-19, un certain nombre de pays, ainsi que les partenaires sociaux ont mis en \u0153uvre des mesures d\u00e9cisives pour lutter contre la propagation de la maladie, tout en cherchant \u00e0 att\u00e9nuer ses effets pernicieux sur l\u2019\u00e9conomie et le march\u00e9 du travail. Au Cameroun, le gouvernement, \u00e0 travers [&hellip;]<\/p>\n","protected":false},"author":1969,"featured_media":0,"comment_status":"closed","ping_status":"closed","sticky":false,"template":"","format":"standard","meta":{"fifu_image_url":"","fifu_image_alt":"","footnotes":""},"categories":[82,78],"tags":[],"class_list":["post-82547","post","type-post","status-publish","format-standard","hentry","category-cameroun","category-economie"],"_links":{"self":[{"href":"https:\/\/linitiative.ca\/International\/wp-json\/wp\/v2\/posts\/82547","targetHints":{"allow":["GET"]}}],"collection":[{"href":"https:\/\/linitiative.ca\/International\/wp-json\/wp\/v2\/posts"}],"about":[{"href":"https:\/\/linitiative.ca\/International\/wp-json\/wp\/v2\/types\/post"}],"author":[{"embeddable":true,"href":"https:\/\/linitiative.ca\/International\/wp-json\/wp\/v2\/users\/1969"}],"replies":[{"embeddable":true,"href":"https:\/\/linitiative.ca\/International\/wp-json\/wp\/v2\/comments?post=82547"}],"version-history":[{"count":0,"href":"https:\/\/linitiative.ca\/International\/wp-json\/wp\/v2\/posts\/82547\/revisions"}],"wp:attachment":[{"href":"https:\/\/linitiative.ca\/International\/wp-json\/wp\/v2\/media?parent=82547"}],"wp:term":[{"taxonomy":"category","embeddable":true,"href":"https:\/\/linitiative.ca\/International\/wp-json\/wp\/v2\/categories?post=82547"},{"taxonomy":"post_tag","embeddable":true,"href":"https:\/\/linitiative.ca\/International\/wp-json\/wp\/v2\/tags?post=82547"}],"curies":[{"name":"wp","href":"https:\/\/api.w.org\/{rel}","templated":true}]}}