{"id":82548,"date":"2020-04-16T09:07:30","date_gmt":"2020-04-16T13:07:30","guid":{"rendered":"https:\/\/linitiative.ca\/International\/travaux-sur-lautoroute-casablanca-el-jadida-le-17-avril-les-explications-dadm\/"},"modified":"2020-04-16T09:07:30","modified_gmt":"2020-04-16T13:07:30","slug":"travaux-sur-lautoroute-casablanca-el-jadida-le-17-avril-les-explications-dadm","status":"publish","type":"post","link":"https:\/\/linitiative.ca\/International\/travaux-sur-lautoroute-casablanca-el-jadida-le-17-avril-les-explications-dadm\/","title":{"rendered":"Travaux sur l\u2019autoroute Casablanca-El Jadida le 17 avril : Les explications d\u2019ADM"},"content":{"rendered":"<header>\n<\/header>\n<div class=\"entry-content clearfix\" readability=\"50\"><img decoding=\"async\" class=\"post_layout_5_img\" src=\"http:\/\/aujourdhui.ma\/wp-content\/uploads\/2020\/04\/autoroute-Casablanca-El-Jadida.jpg?x29840\" alt=\"Travaux sur l&#x2019;autoroute Casablanca-El Jadida le 17 avril : Les explications d&#x2019;ADM\"\/><\/p>\n<p><span class=\"c4\"><strong>Au niveau de l\u2019autoroute Casablanca-El Jadida, les travaux de pose d\u2019une passerelle m\u00e9tallique au PK 125+000 (au niveau de l\u2019aire de service, \u00e0 environ 2 Km de l\u2019\u00e9changeur Bir Jdid) auront lieu le vendredi 17\/04\/2020 de 08h00 du matin jusqu\u2019\u00e0 environ 15h00.<\/strong><\/span> <span id=\"more-341852\"\/><\/p>\n<p>C\u2019est ce que vient d\u2019annoncer la Soci\u00e9t\u00e9 nationale des Autoroutes du Maroc (ADM) soulignant que par cons\u00e9quent, la circulation sera momentan\u00e9ment perturb\u00e9e entre les deux \u00e9changeurs Had Soualem et Bir Jdid) au niveau de l\u2019aire de service du PK 125+000. \u00abAinsi, les clients-usagers empruntant l\u2019autoroute entre Had Soualem et Bir Jdid seront d\u00e9vi\u00e9s vers la voirie de l\u2019aire de service pour rejoindre ensuite l\u2019autoroute\u00bb, indique la m\u00eame source. Dans le m\u00eame sens, ADM dit avoir proc\u00e9d\u00e9 \u00e0 l\u2019installation de panneaux de signalisation et des dispositifs de s\u00e9curit\u00e9 aux endroits appropri\u00e9s pour faciliter la circulation des clients-usagers et s\u2019excuse de la g\u00eane occasionn\u00e9e par ces travaux visant \u00e0 renforcer davantage la s\u00e9curit\u00e9 autorouti\u00e8re.<\/p>\n<p>Pour plus d\u2019information, la soci\u00e9t\u00e9 met \u00e0 la disposition des usagers un ensemble de services : le centre d\u2019appels au n\u00b05050 ou encore l\u2019appli ADM Trafic pour s\u2019enqu\u00e9rir de l\u2019\u00e9tat du trafic en instantan\u00e9.<\/p>\n<\/div>\n<p>Auteur: ALM<br \/>\n<a href=\"http:\/\/aujourdhui.ma\/economie\/travaux-sur-lautoroute-casablanca-el-jadida-le-17-avril-les-explications-dadm\">Cliquez ici pour lire l&rsquo;article depuis sa source.<\/a><\/p>\n","protected":false},"excerpt":{"rendered":"<p>Au niveau de l\u2019autoroute Casablanca-El Jadida, les travaux de pose d\u2019une passerelle m\u00e9tallique au PK 125+000 (au niveau de l\u2019aire de service, \u00e0 environ 2 Km de l\u2019\u00e9changeur Bir Jdid) auront lieu le vendredi 17\/04\/2020 de 08h00 du matin jusqu\u2019\u00e0 environ 15h00. C\u2019est ce que vient d\u2019annoncer la Soci\u00e9t\u00e9 nationale des Autoroutes du Maroc (ADM) [&hellip;]<\/p>\n","protected":false},"author":1759,"featured_media":0,"comment_status":"closed","ping_status":"closed","sticky":false,"template":"","format":"standard","meta":{"fifu_image_url":"","fifu_image_alt":"","footnotes":""},"categories":[73,54],"tags":[],"class_list":["post-82548","post","type-post","status-publish","format-standard","hentry","category-actualite","category-maroc"],"_links":{"self":[{"href":"https:\/\/linitiative.ca\/International\/wp-json\/wp\/v2\/posts\/82548","targetHints":{"allow":["GET"]}}],"collection":[{"href":"https:\/\/linitiative.ca\/International\/wp-json\/wp\/v2\/posts"}],"about":[{"href":"https:\/\/linitiative.ca\/International\/wp-json\/wp\/v2\/types\/post"}],"author":[{"embeddable":true,"href":"https:\/\/linitiative.ca\/International\/wp-json\/wp\/v2\/users\/1759"}],"replies":[{"embeddable":true,"href":"https:\/\/linitiative.ca\/International\/wp-json\/wp\/v2\/comments?post=82548"}],"version-history":[{"count":0,"href":"https:\/\/linitiative.ca\/International\/wp-json\/wp\/v2\/posts\/82548\/revisions"}],"wp:attachment":[{"href":"https:\/\/linitiative.ca\/International\/wp-json\/wp\/v2\/media?parent=82548"}],"wp:term":[{"taxonomy":"category","embeddable":true,"href":"https:\/\/linitiative.ca\/International\/wp-json\/wp\/v2\/categories?post=82548"},{"taxonomy":"post_tag","embeddable":true,"href":"https:\/\/linitiative.ca\/International\/wp-json\/wp\/v2\/tags?post=82548"}],"curies":[{"name":"wp","href":"https:\/\/api.w.org\/{rel}","templated":true}]}}