{"id":82549,"date":"2020-04-16T10:42:49","date_gmt":"2020-04-16T14:42:49","guid":{"rendered":"https:\/\/linitiative.ca\/International\/lutte-contre-le-covid-19-ce-que-propose-lacademie-hassan-ii-des-sciences-techniques\/"},"modified":"2020-04-16T10:42:49","modified_gmt":"2020-04-16T14:42:49","slug":"lutte-contre-le-covid-19-ce-que-propose-lacademie-hassan-ii-des-sciences-techniques","status":"publish","type":"post","link":"https:\/\/linitiative.ca\/International\/lutte-contre-le-covid-19-ce-que-propose-lacademie-hassan-ii-des-sciences-techniques\/","title":{"rendered":"Lutte contre le Covid-19 : Ce que propose l\u2019Acad\u00e9mie Hassan II des sciences techniques"},"content":{"rendered":"<p><img decoding=\"async\" class=\"post_layout_5_img\" src=\"http:\/\/aujourdhui.ma\/wp-content\/uploads\/2020\/04\/LAcademie-Hassan-II-des-sciences1.png?x29840\" alt=\"Lutte contre le Covid-19 : Ce que propose l&#x2019;Acad&#xE9;mie Hassan II des sciences techniques\"\/><\/p>\n<p>Le Maroc a enregistr\u00e9 le premier cas d\u00e9clar\u00e9 positif du Covid-19 le 2 mars 2020.<span id=\"more-341861\"\/> A l\u2019initiative de Sa Majest\u00e9 le Roi Mohammed VI, le Royaume a pris une s\u00e9rie de mesures multiformes d\u00e8s lors qu\u2019il s\u2019est trouv\u00e9 confront\u00e9 \u00e0 une maladie pr\u00e9sentant un profil virologique et \u00e9pid\u00e9miologique nouveau.<\/p>\n<p>Contribuant \u00e0 faire face \u00e0 cette pand\u00e9mie, l\u2019Acad\u00e9mie Hassan II des sciences techniques a propos\u00e9 la mise en place d\u2019un groupe de travail multidisciplinaire dans les domaines des \u00e9tudes \u00e9pid\u00e9miologiques et d\u2019analyse des donn\u00e9es, en lien avec les conditions de l\u2019expansion de l\u2019\u00e9pid\u00e9mie Covid-19 et avec les protocoles de prise en charge th\u00e9rapeutique et les \u00e9volutions des malades. En ayant recours, notamment, \u00e0 l\u2019ing\u00e9nierie digitale et \u00e0 l\u2019intelligence artificielle, ce groupe de travail sera charg\u00e9 de la synth\u00e8se des travaux nationaux et internationaux relatifs au virus corona dans leur diversit\u00e9 et leurs \u00e9volutions connues, ainsi que le d\u00e9veloppement de diverses strat\u00e9gies de confinement et de d\u00e9confinement, en fonction des \u00e9tudes des comportements des populations et des tranches d\u2019\u00e2ges, a indiqu\u00e9 l\u2019Acad\u00e9mie Hassan II des sciences techniques dans un communiqu\u00e9.<\/p>\n<p>Parmi ces mesures d\u2019accompagnement, l\u2019Acad\u00e9mie a propos\u00e9 l\u2019initiation de recherches virologiques qui tendent \u00e0 mieux cerner ce virus sur les plans g\u00e9n\u00e9tique et immunologique, afin d\u2019assurer un suivi des mutations virales \u00e9ventuelles, ainsi que les m\u00e9canismes aboutissant aux pneumopathies et aux vascularites plus ou moins g\u00e9n\u00e9ralis\u00e9es, expliquant les d\u00e9compensations rapides et inattendues.<\/p>\n<p>En outre, l\u2019Acad\u00e9mie a d\u00e9cid\u00e9 de contribuer aux \u00e9tudes et recherches pouvant envisager les besoins \u00e0 apporter aux survenues \u00e9ventuelles de telles \u00e9pid\u00e9mies, \u00e0 travers l\u2019instauration d\u2019un syst\u00e8me de soutien \u00e0 la recherche, destin\u00e9 \u00e0 faire \u00e9merger des groupes de recherche incluant les chercheurs sp\u00e9cialis\u00e9s des universit\u00e9s, des services m\u00e9dicaux et des institutions publiques et priv\u00e9es autour de th\u00e9matiques prioritaires et en lien avec l\u2019\u00e9tude des aspects virologiques, s\u00e9rologiques, g\u00e9n\u00e9tiques, cliniques, \u00e9pid\u00e9miologiques et pr\u00e9ventifs, gr\u00e2ce \u00e0 des appels \u00e0 projets que l\u2019Acad\u00e9mie financera. Elle r\u00e9it\u00e8re \u00e9galement \u00abla proposition, faite il y a d\u00e9j\u00e0 cinq ans, relative \u00e0 la cr\u00e9ation d\u2019une Institution nationale de recherche biom\u00e9dicale (INAREB), qui puisse fonctionner de mani\u00e8re \u00e0 \u00e9viter les pi\u00e8ges des lourdeurs administratives et se baser sur l\u2019organisation et l\u2019agr\u00e9gation d\u2019unit\u00e9s existantes et relevant des institutions de la sant\u00e9 publique, des universit\u00e9s et entreprises\u00bb, poursuit le communiqu\u00e9.<\/p>\n<p>Afin de tirer des enseignements pour l\u2019avenir et contribuer \u00e0 la prise de d\u00e9cisions prospectives capables de consolider les acquis, l\u2019Acad\u00e9mie a soulign\u00e9 la n\u00e9cessit\u00e9 de se concentrer sur des actions qui peuvent sauver des vies et faciliter le diagnostic, pour que les malades puissent recevoir les soins optimaux, tout en int\u00e9grant les derni\u00e8res innovations dans chaque domaine de recherche. A cet effet, l\u2019Acad\u00e9mie a mis en avant l\u2019imp\u00e9ratif de soutenir et prioriser la recherche au Maroc, par le d\u00e9veloppement de plateformes de recherche nationales durables, pr\u00e9par\u00e9es \u00e0 mener des recherches prospectives capables d\u2019anticiper les futures \u00e9pid\u00e9mies, en raison d\u2019une gamme d\u2019agents pathog\u00e8nes possibles. En vertu d\u2019un soutien imm\u00e9diat de la mobilisation nationale, l\u2019Acad\u00e9mie organisera un webinaire de mise au point (s\u00e9minaire \u00e0 distance) pour recevoir des id\u00e9es de scientifiques marocains \u00e0 l\u2019int\u00e9rieur du pays et \u00e0 l\u2019\u00e9tranger et ce, en vue d\u2019arr\u00eater des objectifs de recherche et d\u00e9veloppement \u00e0 court et moyen termes.<\/p>\n<p>L\u2019Acad\u00e9mie pr\u00e9voit \u00e9galement l\u2019organisation d\u2019un symposium international, avec la participation des plus grands chercheurs marocains de l\u2019int\u00e9rieur et de l\u2019\u00e9tranger ainsi que des chercheurs \u00e9trangers connus pour leurs travaux dans les domaines de l\u2019infectiologie, de l\u2019immunologie, de la g\u00e9n\u00e9tique et de l\u2019\u00e9pid\u00e9miologie, afin de contribuer \u00e0 l\u2019analyse crois\u00e9e de la pand\u00e9mie et de ses cons\u00e9quences et aspects prospectifs.<\/p>\n<p>Auteur: Hakim Bahechar<br \/>\n<a href=\"http:\/\/aujourdhui.ma\/societe\/lutte-contre-le-covid-19-ce-que-propose-lacademie-hassan-ii-des-sciences-techniques\">Cliquez ici pour lire l&rsquo;article depuis sa source.<\/a><\/p>\n","protected":false},"excerpt":{"rendered":"<p>Le Maroc a enregistr\u00e9 le premier cas d\u00e9clar\u00e9 positif du Covid-19 le 2 mars 2020. A l\u2019initiative de Sa Majest\u00e9 le Roi Mohammed VI, le Royaume a pris une s\u00e9rie de mesures multiformes d\u00e8s lors qu\u2019il s\u2019est trouv\u00e9 confront\u00e9 \u00e0 une maladie pr\u00e9sentant un profil virologique et \u00e9pid\u00e9miologique nouveau. Contribuant \u00e0 faire face \u00e0 cette [&hellip;]<\/p>\n","protected":false},"author":1759,"featured_media":0,"comment_status":"closed","ping_status":"closed","sticky":false,"template":"","format":"standard","meta":{"fifu_image_url":"","fifu_image_alt":"","footnotes":""},"categories":[73,54],"tags":[],"class_list":["post-82549","post","type-post","status-publish","format-standard","hentry","category-actualite","category-maroc"],"_links":{"self":[{"href":"https:\/\/linitiative.ca\/International\/wp-json\/wp\/v2\/posts\/82549","targetHints":{"allow":["GET"]}}],"collection":[{"href":"https:\/\/linitiative.ca\/International\/wp-json\/wp\/v2\/posts"}],"about":[{"href":"https:\/\/linitiative.ca\/International\/wp-json\/wp\/v2\/types\/post"}],"author":[{"embeddable":true,"href":"https:\/\/linitiative.ca\/International\/wp-json\/wp\/v2\/users\/1759"}],"replies":[{"embeddable":true,"href":"https:\/\/linitiative.ca\/International\/wp-json\/wp\/v2\/comments?post=82549"}],"version-history":[{"count":0,"href":"https:\/\/linitiative.ca\/International\/wp-json\/wp\/v2\/posts\/82549\/revisions"}],"wp:attachment":[{"href":"https:\/\/linitiative.ca\/International\/wp-json\/wp\/v2\/media?parent=82549"}],"wp:term":[{"taxonomy":"category","embeddable":true,"href":"https:\/\/linitiative.ca\/International\/wp-json\/wp\/v2\/categories?post=82549"},{"taxonomy":"post_tag","embeddable":true,"href":"https:\/\/linitiative.ca\/International\/wp-json\/wp\/v2\/tags?post=82549"}],"curies":[{"name":"wp","href":"https:\/\/api.w.org\/{rel}","templated":true}]}}