{"id":82550,"date":"2020-04-16T10:48:18","date_gmt":"2020-04-16T14:48:18","guid":{"rendered":"https:\/\/linitiative.ca\/International\/covid-19-lauf-lance-un-appel-a-projets-international\/"},"modified":"2020-04-16T10:48:18","modified_gmt":"2020-04-16T14:48:18","slug":"covid-19-lauf-lance-un-appel-a-projets-international","status":"publish","type":"post","link":"https:\/\/linitiative.ca\/International\/covid-19-lauf-lance-un-appel-a-projets-international\/","title":{"rendered":"Covid-19 : L\u2019AUF lance un appel \u00e0 projets international"},"content":{"rendered":"<header>\n<\/header>\n<div class=\"entry-content clearfix\" readability=\"50\"><img decoding=\"async\" class=\"post_layout_5_img\" src=\"http:\/\/aujourdhui.ma\/wp-content\/uploads\/2020\/04\/auf.png?x29840\" alt=\"Covid-19 : L&#x2019;AUF lance un appel &#xE0; projets international\"\/><\/p>\n<p>En riposte \u00e0 la pand\u00e9mie de Covid-19 \u00e0 laquelle le monde entier fait face, l\u2019Agence universitaire de la francophonie (AUF), fid\u00e8le \u00e0 ses valeurs de solidarit\u00e9 et de partage, a mis en place un vaste plan d\u2019actions \u00e0 destination de ses \u00e9tablissements membres et de ses partenaires.<span id=\"more-341865\"\/> Parmi les actions programm\u00e9es (Axe IV \u2013 Action 10), l\u2019AUF lance un appel \u00e0 projets international exceptionnel avec un processus acc\u00e9l\u00e9r\u00e9 et simplifi\u00e9 de soumission, d\u2019\u00e9valuation et de s\u00e9lection.<\/p>\n<p>Cet appel est destin\u00e9 \u00e0 soutenir les nombreuses initiatives li\u00e9es \u00e0 la pand\u00e9mie qui \u00e9closent dans un espace universitaire tr\u00e8s r\u00e9actif, ing\u00e9nieux et responsable qui s\u2019appuie sur des r\u00e9seaux collaboratifs d\u2019\u00e9tudiant.s, d\u2019enseignantes, de chercheures particuli\u00e8rement cr\u00e9atifs et innovants. L\u2019objectif est de valoriser l\u2019apport des universit\u00e9s membres de l\u2019AUF au d\u00e9veloppement de solutions \u00e0 impact technologique et\/ou social imm\u00e9diat pour aider les syst\u00e8mes de sant\u00e9 et les populations \u00e0 faire face aux difficult\u00e9s provoqu\u00e9es par la pand\u00e9mie Covid-19. Toute initiative ayant un impact technologique, \u00e9conomique et\/ou social \u00e9valuable \u00e0 tr\u00e8s court terme est \u00e9ligible. Il peut s\u2019agir d\u2019un dispositif d\u2019aide ou d\u2019accompagnement, comme d\u2019un produit manufactur\u00e9.<\/p>\n<\/div>\n<p>Auteur: ALM<br \/>\n<a href=\"http:\/\/aujourdhui.ma\/societe\/covid-19-lauf-lance-un-appel-a-projets-international\">Cliquez ici pour lire l&rsquo;article depuis sa source.<\/a><\/p>\n","protected":false},"excerpt":{"rendered":"<p>En riposte \u00e0 la pand\u00e9mie de Covid-19 \u00e0 laquelle le monde entier fait face, l\u2019Agence universitaire de la francophonie (AUF), fid\u00e8le \u00e0 ses valeurs de solidarit\u00e9 et de partage, a mis en place un vaste plan d\u2019actions \u00e0 destination de ses \u00e9tablissements membres et de ses partenaires. Parmi les actions programm\u00e9es (Axe IV \u2013 Action [&hellip;]<\/p>\n","protected":false},"author":1759,"featured_media":0,"comment_status":"closed","ping_status":"closed","sticky":false,"template":"","format":"standard","meta":{"fifu_image_url":"","fifu_image_alt":"","footnotes":""},"categories":[73,54],"tags":[],"class_list":["post-82550","post","type-post","status-publish","format-standard","hentry","category-actualite","category-maroc"],"_links":{"self":[{"href":"https:\/\/linitiative.ca\/International\/wp-json\/wp\/v2\/posts\/82550","targetHints":{"allow":["GET"]}}],"collection":[{"href":"https:\/\/linitiative.ca\/International\/wp-json\/wp\/v2\/posts"}],"about":[{"href":"https:\/\/linitiative.ca\/International\/wp-json\/wp\/v2\/types\/post"}],"author":[{"embeddable":true,"href":"https:\/\/linitiative.ca\/International\/wp-json\/wp\/v2\/users\/1759"}],"replies":[{"embeddable":true,"href":"https:\/\/linitiative.ca\/International\/wp-json\/wp\/v2\/comments?post=82550"}],"version-history":[{"count":0,"href":"https:\/\/linitiative.ca\/International\/wp-json\/wp\/v2\/posts\/82550\/revisions"}],"wp:attachment":[{"href":"https:\/\/linitiative.ca\/International\/wp-json\/wp\/v2\/media?parent=82550"}],"wp:term":[{"taxonomy":"category","embeddable":true,"href":"https:\/\/linitiative.ca\/International\/wp-json\/wp\/v2\/categories?post=82550"},{"taxonomy":"post_tag","embeddable":true,"href":"https:\/\/linitiative.ca\/International\/wp-json\/wp\/v2\/tags?post=82550"}],"curies":[{"name":"wp","href":"https:\/\/api.w.org\/{rel}","templated":true}]}}