{"id":82552,"date":"2020-04-16T11:27:10","date_gmt":"2020-04-16T15:27:10","guid":{"rendered":"https:\/\/linitiative.ca\/International\/noureddine-aqchani-le-reseau-procede-a-la-mise-en-place-dun-cafe-litteraire-virtuel\/"},"modified":"2020-04-16T11:27:10","modified_gmt":"2020-04-16T15:27:10","slug":"noureddine-aqchani-le-reseau-procede-a-la-mise-en-place-dun-cafe-litteraire-virtuel","status":"publish","type":"post","link":"https:\/\/linitiative.ca\/International\/noureddine-aqchani-le-reseau-procede-a-la-mise-en-place-dun-cafe-litteraire-virtuel\/","title":{"rendered":"Noureddine Aqchani : \u00abLe r\u00e9seau proc\u00e8de \u00e0 la mise en place d\u2019un caf\u00e9 litt\u00e9raire virtuel\u00bb"},"content":{"rendered":"<p><img decoding=\"async\" class=\"post_layout_5_img\" src=\"http:\/\/aujourdhui.ma\/wp-content\/uploads\/2020\/04\/Noureddine-Aqchani.png?x29840\" alt=\"Noureddine Aqchani : &#xAB;Le r&#xE9;seau proc&#xE8;de &#xE0; la mise en place d&#x2019;un caf&#xE9; litt&#xE9;raire virtuel&#xBB;\"\/><\/p>\n<p><strong>ALM : Comment avez-vous eu l\u2019id\u00e9e de lancer cette initiative pendant cette p\u00e9riode exceptionnelle ?<\/strong><\/p>\n<p><strong>Noureddine Aqchani :<\/strong> Notre bureau national a d\u00e9cid\u00e9, en concertation avec tous les coordinateurs du r\u00e9seau des caf\u00e9s litt\u00e9raires au Maroc, le lancement d\u2019une initiative solidaire et symbolique sous le slogan \u00abIkraa Kitabak &amp; Bka fi Darak\u00bb (Lisez votre livre et restez \u00e0 votre maison). Cette initiative s\u2019inscrit dans le cadre de l\u2019interaction positive du r\u00e9seau avec la p\u00e9riode exceptionnelle que vit notre pays, de son engagement dans l\u2019effort national de la lutte contre l\u2019\u00e9pid\u00e9mie du coronavirus et de son programme d\u2019encouragement de la lecture, et ce depuis sa cr\u00e9ation en mai 2015.<\/p>\n<p><strong>Quel est l\u2019objectif principal de cette action culturelle et solidaire ?<\/strong><\/p>\n<p>Comme je viens de le dire, nous avons voulu \u00e0 travers cette action participer \u00e0 l\u2019\u00e9lan de solidarit\u00e9 nationale que conna\u00eet le Maroc. Elle consiste \u00e0 consacrer les recettes de vente des exemplaires du recueil de po\u00e8mes \u00abTaanat Fi Dahr Al Hawaa\u00bb (Des coups de couteau dans l\u2019air) du po\u00e8te et journaliste Mohamed Belmou et celles du nouveau livre \u00abLa fascination du r\u00e9cit, lecture dans les \u00e9crits du romancier Mustapha Yaala\u00bb de son auteur Adel El Karib et publi\u00e9 dans les \u00e9ditions Achabaka en 2020 au profit du compte bancaire du Fonds Covid-19 ou via l\u2019envoi de SMS au n\u00b0 1919 . Parall\u00e8lement \u00e0 cela, le r\u00e9seau proc\u00e8de \u00e0 la mise en place d\u2019un caf\u00e9 litt\u00e9raire virtuel pour la lecture de \u00abDes coups de couteau dans l\u2019air\u00bb avec la participation d\u2019une pl\u00e9iade de po\u00e8tes, \u00e9crivains et critiques : Boualem Hamdouni, Abdelhak Benrahmoun, Karim Mjidou, Mustapha El Batouli, Bouchra Boudinar et Hassania Alaoui<br \/>Isma\u00efli, qui ont r\u00e9pondu favorablement \u00e0 l\u2019invitation, suite \u00e0 l\u2019annulation pour des raisons sanitaires de la cinqui\u00e8me \u00e9dition du caf\u00e9 de po\u00e9sie, qui devait co\u00efncider avec la journ\u00e9e mondiale de la po\u00e9sie (21 mars).<\/p>\n<p><strong>Quels sont vos messages de sensibilisation programm\u00e9s dans le cadre de cette initiative culturelle et solidaire ?<\/strong><\/p>\n<p>Dans ce sens, nous avons pens\u00e9 \u00e0 la mise en place d\u2019une capsule de sensibilisation sur les r\u00e9seaux sociaux. Nous allons \u00e0 travers cette capsule inviter les internautes \u00e0 restez chez eux tout en les sensibilisant aux avantages du confinement g\u00e9n\u00e9ralis\u00e9 face au coronavirus. Nous proc\u00e9dons ainsi \u00e0 la diffusion d\u2019une s\u00e9rie de messages pour encourager les citoyens au respect des mesures pr\u00e9ventives prises par les autorit\u00e9s locales et sanitaires en vue d\u2019\u00e9viter la propagation de cette pand\u00e9mie. Nous avons d\u00e9cid\u00e9 pendant cette p\u00e9riode de poursuivre des rencontres culturelles virtuelles avec les visiteurs et amis fid\u00e8les du r\u00e9seau.<\/p>\n<p><strong>Quelles sont vos activit\u00e9s culturelles et artistiques pr\u00e9vues pour le mois sacr\u00e9 de Ramadan ?<\/strong><\/p>\n<p>Nous pr\u00e9voyons l\u2019organisation de la cinqui\u00e8me \u00e9dition des Nuits des caf\u00e9s litt\u00e9raires ramadanesques pendant la deuxi\u00e8me semaine du mois de mai prochain. Il est pr\u00e9vu la participation des artistes et cr\u00e9ateurs marocains et arabes \u00e0 cet \u00e9v\u00e9nement. Si la vie revient \u00e0 la normale, nous envisageons d\u2019autres manifestations au niveau national. D\u2019ailleurs, le r\u00e9seau travaille avec ses partenaires dans plusieurs villes au Maroc, pour l\u2019organisation des initiatives de sensibilisation et solidaires, dont le lancement aura lieu avec la pr\u00e9sentation de la troupe de th\u00e9\u00e2tre de Sidi Yahya El Gharb dans la ville \u00e9ponyme.<\/p>\n<p>Auteur: Najat Fa\u00efssal<br \/>\n<a href=\"http:\/\/aujourdhui.ma\/culture\/noureddine-aqchani-le-reseau-procede-a-la-mise-en-place-dun-cafe-litteraire-virtuel\">Cliquez ici pour lire l&rsquo;article depuis sa source.<\/a><\/p>\n","protected":false},"excerpt":{"rendered":"<p>ALM : Comment avez-vous eu l\u2019id\u00e9e de lancer cette initiative pendant cette p\u00e9riode exceptionnelle ? Noureddine Aqchani : Notre bureau national a d\u00e9cid\u00e9, en concertation avec tous les coordinateurs du r\u00e9seau des caf\u00e9s litt\u00e9raires au Maroc, le lancement d\u2019une initiative solidaire et symbolique sous le slogan \u00abIkraa Kitabak &amp; Bka fi Darak\u00bb (Lisez votre livre [&hellip;]<\/p>\n","protected":false},"author":1759,"featured_media":0,"comment_status":"closed","ping_status":"closed","sticky":false,"template":"","format":"standard","meta":{"fifu_image_url":"","fifu_image_alt":"","footnotes":""},"categories":[73,54],"tags":[],"class_list":["post-82552","post","type-post","status-publish","format-standard","hentry","category-actualite","category-maroc"],"_links":{"self":[{"href":"https:\/\/linitiative.ca\/International\/wp-json\/wp\/v2\/posts\/82552","targetHints":{"allow":["GET"]}}],"collection":[{"href":"https:\/\/linitiative.ca\/International\/wp-json\/wp\/v2\/posts"}],"about":[{"href":"https:\/\/linitiative.ca\/International\/wp-json\/wp\/v2\/types\/post"}],"author":[{"embeddable":true,"href":"https:\/\/linitiative.ca\/International\/wp-json\/wp\/v2\/users\/1759"}],"replies":[{"embeddable":true,"href":"https:\/\/linitiative.ca\/International\/wp-json\/wp\/v2\/comments?post=82552"}],"version-history":[{"count":0,"href":"https:\/\/linitiative.ca\/International\/wp-json\/wp\/v2\/posts\/82552\/revisions"}],"wp:attachment":[{"href":"https:\/\/linitiative.ca\/International\/wp-json\/wp\/v2\/media?parent=82552"}],"wp:term":[{"taxonomy":"category","embeddable":true,"href":"https:\/\/linitiative.ca\/International\/wp-json\/wp\/v2\/categories?post=82552"},{"taxonomy":"post_tag","embeddable":true,"href":"https:\/\/linitiative.ca\/International\/wp-json\/wp\/v2\/tags?post=82552"}],"curies":[{"name":"wp","href":"https:\/\/api.w.org\/{rel}","templated":true}]}}