{"id":82556,"date":"2020-04-16T11:28:48","date_gmt":"2020-04-16T15:28:48","guid":{"rendered":"https:\/\/linitiative.ca\/International\/lhopital-militaire-de-meknes-a-pied-doeuvre\/"},"modified":"2020-04-16T11:28:48","modified_gmt":"2020-04-16T15:28:48","slug":"lhopital-militaire-de-meknes-a-pied-doeuvre","status":"publish","type":"post","link":"https:\/\/linitiative.ca\/International\/lhopital-militaire-de-meknes-a-pied-doeuvre\/","title":{"rendered":"L\u2019h\u00f4pital militaire de Mekn\u00e8s \u00e0 pied d\u2019\u0153uvre"},"content":{"rendered":"<div>\n<p style=\"color:#0637e5\" class=\"has-text-color\"><strong>La mobilisation est le maitre-mot &agrave; l&rsquo;h&ocirc;pital militaire Moulay Ismail de Mekn&egrave;s, qui a pris une batterie de mesures pr&eacute;ventives pour lutter contre la propagation du nouveau coronavirus (Covid-19).<\/strong><\/p>\n<p>A l&rsquo;instar des autres structures<br \/>\nhospitali&egrave;res r&eacute;gionales et nationales, l&rsquo;h&ocirc;pital militaire de Mekn&egrave;s a mis en<br \/>\nplace de nombreuses actions destin&eacute;es &agrave; enrayer la propagation de cette<br \/>\npand&eacute;mie, dont une vaste op&eacute;ration de d&eacute;sinfection et de st&eacute;rilisation des<br \/>\ndiff&eacute;rentes d&eacute;pendances de l&rsquo;h&ocirc;pital, la tenue de sessions de formation au<br \/>\nprofit du personnel m&eacute;dical et la structuration de l&rsquo;h&ocirc;pital.<\/p>\n<p>A ces actions est venu s&rsquo;ajouter le<br \/>\nrenforcement de la dotation du mat&eacute;riel et des &eacute;quipements de protection, dont<br \/>\nles masques, les gants et les produits de d&eacute;sinfection, pour assurer une<br \/>\nmeilleure protection des &eacute;quipes m&eacute;dicales et param&eacute;dicales et leur permettre<br \/>\nde mener leurs nobles missions dans des conditions saines et s&eacute;curis&eacute;es.<\/p>\n<p>&lsquo;&rsquo;Conform&eacute;ment aux Hautes Instructions de<br \/>\nSM le Roi Mohammed VI, Chef supr&ecirc;me et Chef d&rsquo;Etat-Major g&eacute;n&eacute;ral des Forces<br \/>\nArm&eacute;es Royales (FAR), l&rsquo;h&ocirc;pital militaire de Mekn&egrave;s s&rsquo;est inscrit d&egrave;s le d&eacute;part<br \/>\ndans la strat&eacute;gie nationale de lutte contre la propagation du nouveau coronavirus&rsquo;&rsquo;,<br \/>\na d&eacute;clar&eacute; &agrave; la MAP le m&eacute;decin colonel-Major, Mohammed El Baaj, m&eacute;decin chef &agrave;<br \/>\nl&rsquo;h&ocirc;pital militaire Moulay Ismail de Mekn&egrave;s.<\/p>\n<p>Le plan d&rsquo;action de l&rsquo;h&ocirc;pital, a-t-il dit,<br \/>\na &eacute;t&eacute; articul&eacute; autour de deux axes. Il s&rsquo;agit d&rsquo;abord de la qualification des<br \/>\nressources humaines, &agrave; travers des s&eacute;minaires de formation au profit de<br \/>\nl&rsquo;ensemble du personnel m&eacute;dical et param&eacute;dical sur la prise en charge des<br \/>\nmalades et la conduite du personnel soignant &agrave; l&rsquo;&eacute;gard des personnes atteintes,<br \/>\nainsi que la collecte des donn&eacute;es scientifiques disponibles actuelles sur la<br \/>\nmaladie du Covid-19.<\/p>\n<p>Cette action a permis la mise sur pied<br \/>\nd&rsquo;une &eacute;quipe m&eacute;dicale et param&eacute;dicale, actuellement en fonction au 2&egrave;me h&ocirc;pital<br \/>\nde campagne install&eacute; &agrave; Benslimane, a ajout&eacute; le m&eacute;decin colonel-Major.<\/p>\n<p>\nSelon lui, le deuxi&egrave;me axe concerne la logistique et porte sur la r&eacute;alisation<br \/>\nd&rsquo;une voie accessible et s&eacute;curis&eacute;e pour l&rsquo;admission des patients &agrave; l&rsquo;h&ocirc;pital,<br \/>\npr&eacute;cisant que cette action vise &agrave; ne pas mettre sur le m&ecirc;me chemin les patients<br \/>\npotentiellement positifs et ceux qui se rendent &agrave; l&rsquo;h&ocirc;pital pour d&rsquo;autres<br \/>\nconsultations m&eacute;dicales.<\/p>\n<p>Il a &eacute;galement soulign&eacute; que l&rsquo;aile Est de<br \/>\nl&rsquo;H&ocirc;pital a &eacute;t&eacute; r&eacute;serv&eacute;e pour la prise en charge des malades atteintes de<br \/>\nCovid-19, relevant que sa capacit&eacute; liti&egrave;re s&rsquo;&eacute;l&egrave;ve &agrave; 100 lits, dont 20 unit&eacute;s<br \/>\nsont destin&eacute;es &agrave; la r&eacute;animation.<\/p>\n<p>La situation &eacute;pid&eacute;miologique de l&rsquo;h&ocirc;pital<br \/>\nmilitaire Moulay Ismail de Mekn&egrave;s fait &eacute;tat de spet cas positifs au Covid-19.<\/p>\n<p>L&rsquo;article <a rel=\"nofollow\" href=\"http:\/\/albayane.press.ma\/lhopital-militaire-de-meknes-a-pied-doeuvre.html\">L&rsquo;h&ocirc;pital militaire de Mekn&egrave;s &agrave; pied d&rsquo;&oelig;uvre<\/a> est apparu en premier sur <a rel=\"nofollow\" href=\"http:\/\/albayane.press.ma\/\">ALBAYANE<\/a>.<\/p>\n<\/div>\n<p>Auteur: M&rsquo;hammed rahal<br \/>\n<a href=\"http:\/\/albayane.press.ma\/lhopital-militaire-de-meknes-a-pied-doeuvre.html\">Cliquez ici pour lire l&rsquo;article depuis sa source.<\/a><\/p>\n","protected":false},"excerpt":{"rendered":"<p>La mobilisation est le maitre-mot &agrave; l&rsquo;h&ocirc;pital militaire Moulay Ismail de Mekn&egrave;s, qui a pris une batterie de mesures pr&eacute;ventives pour lutter contre la propagation du nouveau coronavirus (Covid-19). A l&rsquo;instar des autres structures hospitali&egrave;res r&eacute;gionales et nationales, l&rsquo;h&ocirc;pital militaire de Mekn&egrave;s a mis en place de nombreuses actions destin&eacute;es &agrave; enrayer la propagation de [&hellip;]<\/p>\n","protected":false},"author":1760,"featured_media":0,"comment_status":"closed","ping_status":"closed","sticky":false,"template":"","format":"standard","meta":{"fifu_image_url":"","fifu_image_alt":"","footnotes":""},"categories":[73,54],"tags":[],"class_list":["post-82556","post","type-post","status-publish","format-standard","hentry","category-actualite","category-maroc"],"_links":{"self":[{"href":"https:\/\/linitiative.ca\/International\/wp-json\/wp\/v2\/posts\/82556","targetHints":{"allow":["GET"]}}],"collection":[{"href":"https:\/\/linitiative.ca\/International\/wp-json\/wp\/v2\/posts"}],"about":[{"href":"https:\/\/linitiative.ca\/International\/wp-json\/wp\/v2\/types\/post"}],"author":[{"embeddable":true,"href":"https:\/\/linitiative.ca\/International\/wp-json\/wp\/v2\/users\/1760"}],"replies":[{"embeddable":true,"href":"https:\/\/linitiative.ca\/International\/wp-json\/wp\/v2\/comments?post=82556"}],"version-history":[{"count":0,"href":"https:\/\/linitiative.ca\/International\/wp-json\/wp\/v2\/posts\/82556\/revisions"}],"wp:attachment":[{"href":"https:\/\/linitiative.ca\/International\/wp-json\/wp\/v2\/media?parent=82556"}],"wp:term":[{"taxonomy":"category","embeddable":true,"href":"https:\/\/linitiative.ca\/International\/wp-json\/wp\/v2\/categories?post=82556"},{"taxonomy":"post_tag","embeddable":true,"href":"https:\/\/linitiative.ca\/International\/wp-json\/wp\/v2\/tags?post=82556"}],"curies":[{"name":"wp","href":"https:\/\/api.w.org\/{rel}","templated":true}]}}