{"id":82558,"date":"2020-04-16T11:03:11","date_gmt":"2020-04-16T15:03:11","guid":{"rendered":"https:\/\/linitiative.ca\/International\/jedaida-decouverte-dun-atelier-de-fabrication-dexplosifs-et-de-drones\/"},"modified":"2020-04-16T11:03:11","modified_gmt":"2020-04-16T15:03:11","slug":"jedaida-decouverte-dun-atelier-de-fabrication-dexplosifs-et-de-drones","status":"publish","type":"post","link":"https:\/\/linitiative.ca\/International\/jedaida-decouverte-dun-atelier-de-fabrication-dexplosifs-et-de-drones\/","title":{"rendered":"Jeda\u00efda :  D\u00e9couverte d\u2019un atelier de fabrication d\u2019explosifs et de drones"},"content":{"rendered":"<p><strong>D\u00e9couverte d\u2019un atelier de fabrication d\u2019explosifs et de drones<\/strong><\/p>\n<p>Un atelier de fabrication d\u2019explosifs et de drones a \u00e9t\u00e9 d\u00e9couvert, mercredi soir, lors d\u2019une descente de police dans un domicile, \u00e0 Jeda\u00efda (gouvernorat de la Manouba).<\/p>\n<p>Le propri\u00e9taire de la maison a \u00e9t\u00e9 plac\u00e9 en garde \u00e0 vue, sur instruction du minist\u00e8re public \u00e0 la Manouba, fait savoir le procureur de la R\u00e9publique Mongi Boulares. L\u2019affaire a \u00e9t\u00e9 transf\u00e9r\u00e9e \u00e0 la Brigade antiterroriste pour la suite de l\u2019enqu\u00eate.<\/p>\n<p>A la lumi\u00e8re de renseignements fournis par la direction centrale de lutte contre le terrorisme, une perquisition a \u00e9t\u00e9 men\u00e9e au domicile du suspect, par le service r\u00e9gional de lutte contre le terrorisme \u00e0 la Manouba, en coordination avec le commissariat de police de Bab Souika et la sous-direction des renseignements du district de la s\u00fbret\u00e9 nationale de Tunis.<\/p>\n<p>Une importante quantit\u00e9 d\u2019ammonitrate et de potassium, des \u00e9quipements \u00e9lectroniques pour fabrication de drones, de la poudre pour cartouche de chasse ainsi que des banni\u00e8res noires, ont \u00e9t\u00e9 saisis lors de cette perquisition.<\/p>\n<div class=\"wp-post-author-wrap wp-post-author-shortcode left\">\n<h3 class=\"awpa-title\"\/>\n<div class=\"wp-post-author\">\n<div class=\"awpa-img awpa-author-block square\"><a href=\"http:\/\/lexpertjournal.net\/fr\/?author=5\"><img loading=\"lazy\" decoding=\"async\" alt=\"\" src=\"http:\/\/0.gravatar.com\/avatar\/97f8e10a1c1125ba104a76514ee07b16?s=150&amp;d=mm&amp;r=g\" srcset=\"http:\/\/0.gravatar.com\/avatar\/97f8e10a1c1125ba104a76514ee07b16?s=300&amp;d=mm&amp;r=g 2x\" class=\"avatar avatar-150 photo\" height=\"150\" width=\"150\"\/><\/a><\/div>\n<\/div>\n<\/div>\n<aside class=\"mashsb-container mashsb-main mashsb-stretched\">\n<\/aside>\n<p>Auteur: L&rsquo;expert<br \/>\n<a href=\"http:\/\/lexpertjournal.net\/fr\/?p=13980\">Cliquez ici pour lire l&rsquo;article depuis sa source.<\/a><\/p>\n","protected":false},"excerpt":{"rendered":"<p>D\u00e9couverte d\u2019un atelier de fabrication d\u2019explosifs et de drones Un atelier de fabrication d\u2019explosifs et de drones a \u00e9t\u00e9 d\u00e9couvert, mercredi soir, lors d\u2019une descente de police dans un domicile, \u00e0 Jeda\u00efda (gouvernorat de la Manouba). Le propri\u00e9taire de la maison a \u00e9t\u00e9 plac\u00e9 en garde \u00e0 vue, sur instruction du minist\u00e8re public \u00e0 la [&hellip;]<\/p>\n","protected":false},"author":1775,"featured_media":0,"comment_status":"closed","ping_status":"closed","sticky":false,"template":"","format":"standard","meta":{"fifu_image_url":"","fifu_image_alt":"","footnotes":""},"categories":[78,55],"tags":[],"class_list":["post-82558","post","type-post","status-publish","format-standard","hentry","category-economie","category-tunisie"],"_links":{"self":[{"href":"https:\/\/linitiative.ca\/International\/wp-json\/wp\/v2\/posts\/82558","targetHints":{"allow":["GET"]}}],"collection":[{"href":"https:\/\/linitiative.ca\/International\/wp-json\/wp\/v2\/posts"}],"about":[{"href":"https:\/\/linitiative.ca\/International\/wp-json\/wp\/v2\/types\/post"}],"author":[{"embeddable":true,"href":"https:\/\/linitiative.ca\/International\/wp-json\/wp\/v2\/users\/1775"}],"replies":[{"embeddable":true,"href":"https:\/\/linitiative.ca\/International\/wp-json\/wp\/v2\/comments?post=82558"}],"version-history":[{"count":0,"href":"https:\/\/linitiative.ca\/International\/wp-json\/wp\/v2\/posts\/82558\/revisions"}],"wp:attachment":[{"href":"https:\/\/linitiative.ca\/International\/wp-json\/wp\/v2\/media?parent=82558"}],"wp:term":[{"taxonomy":"category","embeddable":true,"href":"https:\/\/linitiative.ca\/International\/wp-json\/wp\/v2\/categories?post=82558"},{"taxonomy":"post_tag","embeddable":true,"href":"https:\/\/linitiative.ca\/International\/wp-json\/wp\/v2\/tags?post=82558"}],"curies":[{"name":"wp","href":"https:\/\/api.w.org\/{rel}","templated":true}]}}