{"id":82560,"date":"2020-04-16T11:10:12","date_gmt":"2020-04-16T15:10:12","guid":{"rendered":"https:\/\/linitiative.ca\/International\/covid-19-un-plan-terroriste-visant-a-contaminer-des-securitaires-dejoue\/"},"modified":"2020-04-16T11:10:12","modified_gmt":"2020-04-16T15:10:12","slug":"covid-19-un-plan-terroriste-visant-a-contaminer-des-securitaires-dejoue","status":"publish","type":"post","link":"https:\/\/linitiative.ca\/International\/covid-19-un-plan-terroriste-visant-a-contaminer-des-securitaires-dejoue\/","title":{"rendered":"Covid-19 : Un plan terroriste visant \u00e0 contaminer des s\u00e9curitaires d\u00e9jou\u00e9"},"content":{"rendered":"<p>L\u2019unit\u00e9 nationale de recherche dans les crimes terroristes, relevant de la Garde nationale, annonce avoir d\u00e9jou\u00e9 un plan d\u2019attaque terroriste.<\/p>\n<p>Selon la m\u00eame source, l\u2019auteur pr\u00e9sum\u00e9 du plan est un \u00ab \u00e9l\u00e9ment takfiriste \u00bb, originaire du gouvernorat de K\u00e9bili, r\u00e9cemment lib\u00e9r\u00e9 de prison apr\u00e8s y avoir \u00e9t\u00e9 incarc\u00e9r\u00e9 dans une affaire \u00e0 caract\u00e8re terroriste.<\/p>\n<p>Dans une d\u00e9claration, jeudi, le porte-parole de la Garde nationale, Houssemeddine Jebabli, a indiqu\u00e9 que l\u2019\u00e9l\u00e9ment terroriste est parvenu, gr\u00e2ce \u00e0 son autorit\u00e9 morale sur les takfiristes de la r\u00e9gion, surtout ceux qui \u00e9taient porteurs des sympt\u00f4mes du Covid-19, pour les inciter \u00e0 contaminer, par leurs crachats, toux<\/p>\n<p>et \u00e9ternuements, les locaux de l\u2019unit\u00e9 s\u00e9curitaire de la r\u00e9gion et par la m\u00eame les agents y travaillant.<\/p>\n<p>Ces takfiristes, soumis au contr\u00f4le administratif, devaient se d\u00e9placer fr\u00e9quemment dans l\u2019unit\u00e9 en question.<\/p>\n<p>Un des \u00e9l\u00e9ments takfiristes a reconnu les faits. Il a, toutefois, avou\u00e9 son impuissance \u00e0 mettre en ex\u00e9cution le plan, \u00e0 cause des mesures rigoureuses de pr\u00e9vention, mises en place dans les locaux de l\u2019unit\u00e9 s\u00e9curitaire.<\/p>\n<p>Le minist\u00e8re public pr\u00e8s le P\u00f4le judiciaire de lutte antiterroriste a ordonn\u00e9 de placer le principal accus\u00e9 en garde \u00e0 vue et de maintenir le second en isolement sanitaire obligatoire jusqu\u2019\u00e0 effectuer un test pour savoir s\u2019il est porteur ou non du Covid-19.<\/p>\n<div class=\"wp-post-author-wrap wp-post-author-shortcode left\">\n<h3 class=\"awpa-title\"\/>\n<div class=\"wp-post-author\">\n<div class=\"awpa-img awpa-author-block square\"><a href=\"http:\/\/lexpertjournal.net\/fr\/?author=5\"><img loading=\"lazy\" decoding=\"async\" alt=\"\" src=\"http:\/\/0.gravatar.com\/avatar\/97f8e10a1c1125ba104a76514ee07b16?s=150&amp;d=mm&amp;r=g\" srcset=\"http:\/\/0.gravatar.com\/avatar\/97f8e10a1c1125ba104a76514ee07b16?s=300&amp;d=mm&amp;r=g 2x\" class=\"avatar avatar-150 photo\" height=\"150\" width=\"150\"\/><\/a><\/div>\n<\/div>\n<\/div>\n<aside class=\"mashsb-container mashsb-main mashsb-stretched\">\n<\/aside>\n<p>Auteur: L&rsquo;expert<br \/>\n<a href=\"http:\/\/lexpertjournal.net\/fr\/?p=13986\">Cliquez ici pour lire l&rsquo;article depuis sa source.<\/a><\/p>\n","protected":false},"excerpt":{"rendered":"<p>L\u2019unit\u00e9 nationale de recherche dans les crimes terroristes, relevant de la Garde nationale, annonce avoir d\u00e9jou\u00e9 un plan d\u2019attaque terroriste. Selon la m\u00eame source, l\u2019auteur pr\u00e9sum\u00e9 du plan est un \u00ab \u00e9l\u00e9ment takfiriste \u00bb, originaire du gouvernorat de K\u00e9bili, r\u00e9cemment lib\u00e9r\u00e9 de prison apr\u00e8s y avoir \u00e9t\u00e9 incarc\u00e9r\u00e9 dans une affaire \u00e0 caract\u00e8re terroriste. Dans [&hellip;]<\/p>\n","protected":false},"author":1775,"featured_media":0,"comment_status":"closed","ping_status":"closed","sticky":false,"template":"","format":"standard","meta":{"fifu_image_url":"","fifu_image_alt":"","footnotes":""},"categories":[78,55],"tags":[],"class_list":["post-82560","post","type-post","status-publish","format-standard","hentry","category-economie","category-tunisie"],"_links":{"self":[{"href":"https:\/\/linitiative.ca\/International\/wp-json\/wp\/v2\/posts\/82560","targetHints":{"allow":["GET"]}}],"collection":[{"href":"https:\/\/linitiative.ca\/International\/wp-json\/wp\/v2\/posts"}],"about":[{"href":"https:\/\/linitiative.ca\/International\/wp-json\/wp\/v2\/types\/post"}],"author":[{"embeddable":true,"href":"https:\/\/linitiative.ca\/International\/wp-json\/wp\/v2\/users\/1775"}],"replies":[{"embeddable":true,"href":"https:\/\/linitiative.ca\/International\/wp-json\/wp\/v2\/comments?post=82560"}],"version-history":[{"count":0,"href":"https:\/\/linitiative.ca\/International\/wp-json\/wp\/v2\/posts\/82560\/revisions"}],"wp:attachment":[{"href":"https:\/\/linitiative.ca\/International\/wp-json\/wp\/v2\/media?parent=82560"}],"wp:term":[{"taxonomy":"category","embeddable":true,"href":"https:\/\/linitiative.ca\/International\/wp-json\/wp\/v2\/categories?post=82560"},{"taxonomy":"post_tag","embeddable":true,"href":"https:\/\/linitiative.ca\/International\/wp-json\/wp\/v2\/tags?post=82560"}],"curies":[{"name":"wp","href":"https:\/\/api.w.org\/{rel}","templated":true}]}}