{"id":82561,"date":"2020-04-16T11:12:10","date_gmt":"2020-04-16T15:12:10","guid":{"rendered":"https:\/\/linitiative.ca\/International\/informatique-tiktok-lansi-met-en-garde-contre-certaines-failles-de-securite\/"},"modified":"2020-04-16T11:12:10","modified_gmt":"2020-04-16T15:12:10","slug":"informatique-tiktok-lansi-met-en-garde-contre-certaines-failles-de-securite","status":"publish","type":"post","link":"https:\/\/linitiative.ca\/International\/informatique-tiktok-lansi-met-en-garde-contre-certaines-failles-de-securite\/","title":{"rendered":"Informatique :  Tiktok: l\u2019ANSI met en garde contre certaines failles de s\u00e9curit\u00e9"},"content":{"rendered":"<p>L\u2019Agence Nationale de la S\u00e9curit\u00e9 Informatique (ANSI \u2013 tunCERT) a mis en garde contre la d\u00e9couverte de failles de s\u00e9curit\u00e9 concernant l\u2019application \u00bb Tiktok \u00ab , permettant \u00e0 n\u2019importe quelle personne de mettre en ligne de fausses vid\u00e9os.<\/p>\n<p>Dans un communiqu\u00e9 publi\u00e9, mercredi soir, l\u2019ANSI a expliqu\u00e9 que l\u2019exploitation de cette faille permet \u00e0 des cybercriminels de substituer des vid\u00e9os publi\u00e9es par les utilisateurs de cette application, majoritairement des adolescents en cette p\u00e9riode de confinement, par d\u2019autres vid\u00e9os cr\u00e9\u00e9es par le pirate.<\/p>\n<p>De ce fait, l\u2019ANSI recommande de ne plus utiliser cette application jusqu\u2019\u00e0 ce que son \u00e9diteur corrige cette faille.<\/p>\n<div class=\"wp-post-author-wrap wp-post-author-shortcode left\">\n<h3 class=\"awpa-title\"\/>\n<div class=\"wp-post-author\">\n<div class=\"awpa-img awpa-author-block square\"><a href=\"http:\/\/lexpertjournal.net\/fr\/?author=5\"><img loading=\"lazy\" decoding=\"async\" alt=\"\" src=\"http:\/\/0.gravatar.com\/avatar\/97f8e10a1c1125ba104a76514ee07b16?s=150&amp;d=mm&amp;r=g\" srcset=\"http:\/\/0.gravatar.com\/avatar\/97f8e10a1c1125ba104a76514ee07b16?s=300&amp;d=mm&amp;r=g 2x\" class=\"avatar avatar-150 photo\" height=\"150\" width=\"150\"\/><\/a><\/div>\n<\/div>\n<\/div>\n<aside class=\"mashsb-container mashsb-main mashsb-stretched\">\n<\/aside>\n<p>Auteur: L&rsquo;expert<br \/>\n<a href=\"http:\/\/lexpertjournal.net\/fr\/?p=13989\">Cliquez ici pour lire l&rsquo;article depuis sa source.<\/a><\/p>\n","protected":false},"excerpt":{"rendered":"<p>L\u2019Agence Nationale de la S\u00e9curit\u00e9 Informatique (ANSI \u2013 tunCERT) a mis en garde contre la d\u00e9couverte de failles de s\u00e9curit\u00e9 concernant l\u2019application \u00bb Tiktok \u00ab , permettant \u00e0 n\u2019importe quelle personne de mettre en ligne de fausses vid\u00e9os. Dans un communiqu\u00e9 publi\u00e9, mercredi soir, l\u2019ANSI a expliqu\u00e9 que l\u2019exploitation de cette faille permet \u00e0 des [&hellip;]<\/p>\n","protected":false},"author":1775,"featured_media":0,"comment_status":"closed","ping_status":"closed","sticky":false,"template":"","format":"standard","meta":{"fifu_image_url":"","fifu_image_alt":"","footnotes":""},"categories":[78,55],"tags":[],"class_list":["post-82561","post","type-post","status-publish","format-standard","hentry","category-economie","category-tunisie"],"_links":{"self":[{"href":"https:\/\/linitiative.ca\/International\/wp-json\/wp\/v2\/posts\/82561","targetHints":{"allow":["GET"]}}],"collection":[{"href":"https:\/\/linitiative.ca\/International\/wp-json\/wp\/v2\/posts"}],"about":[{"href":"https:\/\/linitiative.ca\/International\/wp-json\/wp\/v2\/types\/post"}],"author":[{"embeddable":true,"href":"https:\/\/linitiative.ca\/International\/wp-json\/wp\/v2\/users\/1775"}],"replies":[{"embeddable":true,"href":"https:\/\/linitiative.ca\/International\/wp-json\/wp\/v2\/comments?post=82561"}],"version-history":[{"count":0,"href":"https:\/\/linitiative.ca\/International\/wp-json\/wp\/v2\/posts\/82561\/revisions"}],"wp:attachment":[{"href":"https:\/\/linitiative.ca\/International\/wp-json\/wp\/v2\/media?parent=82561"}],"wp:term":[{"taxonomy":"category","embeddable":true,"href":"https:\/\/linitiative.ca\/International\/wp-json\/wp\/v2\/categories?post=82561"},{"taxonomy":"post_tag","embeddable":true,"href":"https:\/\/linitiative.ca\/International\/wp-json\/wp\/v2\/tags?post=82561"}],"curies":[{"name":"wp","href":"https:\/\/api.w.org\/{rel}","templated":true}]}}