{"id":82568,"date":"2020-04-16T12:00:00","date_gmt":"2020-04-16T16:00:00","guid":{"rendered":"https:\/\/linitiative.ca\/International\/le-club-des-magistrats-boycottent-les-elections-du-7-mai\/"},"modified":"2020-04-16T12:00:00","modified_gmt":"2020-04-16T16:00:00","slug":"le-club-des-magistrats-boycottent-les-elections-du-7-mai","status":"publish","type":"post","link":"https:\/\/linitiative.ca\/International\/le-club-des-magistrats-boycottent-les-elections-du-7-mai\/","title":{"rendered":"Le club des magistrats boycottent les \u00e9lections du 7 mai"},"content":{"rendered":"<div id=\"originalText\" readability=\"44\">\n<p>Le Club des Magistrats a annonc\u00e9, ce jeudi, sa d\u00e9cision de boycotter les \u00e9lections du renouvellement partiel des membres du Conseil sup\u00e9rieur de la magistrature, pr\u00e9vues le 7 mai 2020.\u00a0<\/p>\n<p>Selon le communiqu\u00e9 sign\u00e9 par le coordinateur Saad\u00a0Eddine Merzoug, rendu public cet apr\u00e8s-midi, les quelques 1000 magistrats que comptent le Club motivent leur rejet de cette op\u00e9ration par le fait que \u00ab\u00a0les r\u00e9sultats de ces \u00e9lections sont jou\u00e9es d&rsquo;avance au profit de ceux d\u00e9j\u00e0 d\u00e9sign\u00e9s par l&rsquo;actuel ministre de la justice, comme il a \u00e9t\u00e9 le cas avec ses pr\u00e9d\u00e9cesseurs depuis l&rsquo;ind\u00e9pendance&#8230;\u00a0\u00bb.\u00a0<\/p>\n<p class=\"c6\"><strong>R\u00e9daction Web\u00a0<\/strong><\/p>\n<\/div>\n<div id=\"text_core\" readability=\"44\">\n<p>Le Club des Magistrats a annonc\u00e9, ce jeudi, sa d\u00e9cision de boycotter les \u00e9lections du renouvellement partiel des membres du Conseil sup\u00e9rieur de la magistrature, pr\u00e9vues le 7 mai 2020.\u00a0<\/p>\n<p>Selon le communiqu\u00e9 sign\u00e9 par le coordinateur Saad\u00a0Eddine Merzoug, rendu public cet apr\u00e8s-midi, les quelques 1000 magistrats que comptent le Club motivent leur rejet de cette op\u00e9ration par le fait que \u00ab\u00a0les r\u00e9sultats de ces \u00e9lections sont jou\u00e9es d&rsquo;avance au profit de ceux d\u00e9j\u00e0 d\u00e9sign\u00e9s par l&rsquo;actuel ministre de la justice, comme il a \u00e9t\u00e9 le cas avec ses pr\u00e9d\u00e9cesseurs depuis l&rsquo;ind\u00e9pendance&#8230;\u00a0\u00bb.\u00a0<\/p>\n<p class=\"c6\"><strong>R\u00e9daction Web\u00a0<\/strong><\/p>\n<\/div>\n<p>Auteur:<br \/>\n<a href=\"https:\/\/www.liberte-algerie.com\/actualite\/le-club-des-magistrats-boycottent-les-elections-du-7-mai-337550\">Cliquez ici pour lire l&rsquo;article depuis sa source.<\/a><\/p>\n","protected":false},"excerpt":{"rendered":"<p>Le Club des Magistrats a annonc\u00e9, ce jeudi, sa d\u00e9cision de boycotter les \u00e9lections du renouvellement partiel des membres du Conseil sup\u00e9rieur de la magistrature, pr\u00e9vues le 7 mai 2020.\u00a0 Selon le communiqu\u00e9 sign\u00e9 par le coordinateur Saad\u00a0Eddine Merzoug, rendu public cet apr\u00e8s-midi, les quelques 1000 magistrats que comptent le Club motivent leur rejet de [&hellip;]<\/p>\n","protected":false},"author":1742,"featured_media":0,"comment_status":"closed","ping_status":"closed","sticky":false,"template":"","format":"standard","meta":{"fifu_image_url":"","fifu_image_alt":"","footnotes":""},"categories":[73,53],"tags":[],"class_list":["post-82568","post","type-post","status-publish","format-standard","hentry","category-actualite","category-algerie"],"_links":{"self":[{"href":"https:\/\/linitiative.ca\/International\/wp-json\/wp\/v2\/posts\/82568","targetHints":{"allow":["GET"]}}],"collection":[{"href":"https:\/\/linitiative.ca\/International\/wp-json\/wp\/v2\/posts"}],"about":[{"href":"https:\/\/linitiative.ca\/International\/wp-json\/wp\/v2\/types\/post"}],"author":[{"embeddable":true,"href":"https:\/\/linitiative.ca\/International\/wp-json\/wp\/v2\/users\/1742"}],"replies":[{"embeddable":true,"href":"https:\/\/linitiative.ca\/International\/wp-json\/wp\/v2\/comments?post=82568"}],"version-history":[{"count":0,"href":"https:\/\/linitiative.ca\/International\/wp-json\/wp\/v2\/posts\/82568\/revisions"}],"wp:attachment":[{"href":"https:\/\/linitiative.ca\/International\/wp-json\/wp\/v2\/media?parent=82568"}],"wp:term":[{"taxonomy":"category","embeddable":true,"href":"https:\/\/linitiative.ca\/International\/wp-json\/wp\/v2\/categories?post=82568"},{"taxonomy":"post_tag","embeddable":true,"href":"https:\/\/linitiative.ca\/International\/wp-json\/wp\/v2\/tags?post=82568"}],"curies":[{"name":"wp","href":"https:\/\/api.w.org\/{rel}","templated":true}]}}