{"id":82570,"date":"2020-04-16T09:35:41","date_gmt":"2020-04-16T13:35:41","guid":{"rendered":"https:\/\/linitiative.ca\/International\/jemaa-el-fna-la-societe-civile-prete-main-forte-aux-artistes\/"},"modified":"2020-04-16T09:35:41","modified_gmt":"2020-04-16T13:35:41","slug":"jemaa-el-fna-la-societe-civile-prete-main-forte-aux-artistes","status":"publish","type":"post","link":"https:\/\/linitiative.ca\/International\/jemaa-el-fna-la-societe-civile-prete-main-forte-aux-artistes\/","title":{"rendered":"Jema\u00e2 El Fna: La soci\u00e9t\u00e9 civile pr\u00eate main forte aux artistes"},"content":{"rendered":"<div readability=\"37\">\n<p>Marrakech \u2013 Le Centre de d\u00e9veloppement de la r\u00e9gion du Tensift (CDRT) s\u2019est mobilis\u00e9 en vue de pr\u00eater main forte aux artistes de la mythique place Jema\u00e2 El Fna et ce, dans le cadre de l\u2019\u00e9lan national de solidarit\u00e9 et d\u2019entraide visant \u00e0 lutter contre la propagation du coronavirus (Covid-19), ainsi que les cons\u00e9quences engendr\u00e9es par la crise induite par cette pand\u00e9mie mondiale.<\/p>\n<\/div>\n<div readability=\"74\">\n<p>\u00ab\u00a0Il s\u2019agit de 50 artistes populaires, dont des conteurs, des animateurs de Halka, ainsi que des membres de troupes artistiques de la daqqa marrakchia et des Haouariates\u00a0\u00bb, a indiqu\u00e9 \u00e0 la MAP le pr\u00e9sident de l\u2019association des artistes de Jemaa Fna, Abdelilah Ben Mkadem.<\/p>\n<p>Ces artistes ont b\u00e9n\u00e9fici\u00e9 de kits alimentaires compos\u00e9s de produits de premi\u00e8re n\u00e9cessit\u00e9, a-t-il soulign\u00e9, relevant que les b\u00e9n\u00e9ficiaires sont des artistes vivant au jour le jour de leurs cr\u00e9ations artistiques dans la place Jema\u00e2 El Fna.<\/p>\n<p>Ces artistes ne disposant pas de cartes Ramed et donc n\u2019ont pu b\u00e9n\u00e9ficier des aides octroy\u00e9s dans le cadre du Fonds sp\u00e9cial de gestion de la pand\u00e9mie du coronavirus, a-t-il expliqu\u00e9.<\/p>\n<p>De son c\u00f4t\u00e9, le pr\u00e9sident du CDRT, Ahmed Chehbouni, a indiqu\u00e9 dans une d\u00e9claration similaire, que cette cat\u00e9gorie d\u2019artistes populaires a contribu\u00e9 durant des d\u00e9cennies au rayonnement de la place Jema\u00e2 El Fna et \u00e0 la pr\u00e9servation du patrimoine immat\u00e9riel du Maroc.<\/p>\n<p>Ne disposant pas encore de protection sociale, cette tranche de la soci\u00e9t\u00e9 a subi de plein fouet les r\u00e9percussions de la pand\u00e9mie du Covid-19, a-t-il d\u00e9plor\u00e9.<\/p>\n<p>Par ailleurs, M. Chehbouni a indiqu\u00e9 que le CDRT a distribu\u00e9 jusqu\u2019\u00e0 pr\u00e9sent pr\u00e8s de 471 paniers de produits de premi\u00e8res n\u00e9cessit\u00e9s d\u2019une valeur de 104.700 dh au profit des familles d\u00e9munies issues des douars de Bensalk (pr\u00e9fecture de Marrakech), des douars de Tidili et de la commune de Tamaslouhte (province d\u2019A Haouz) et de douars relevant de Sidi Bouothmane (province de Rhamna).<\/p>\n<p>Tout en saluant les bonnes volont\u00e9s qui ont contribu\u00e9 \u00e0 cette action louable, il a appel\u00e9 \u00e0 poursuivre ce formidable \u00e9lan de solidarit\u00e9 surtout que les habitants de deux douars de Rhamna viennent de faire appel \u00e0 \u00ab\u00a0notre solidarit\u00e9\u00a0\u00bb.<\/p>\n<\/div>\n<p>Auteur: Meriem IGASS<br \/>\n<a href=\"http:\/\/www.mapmarrakech.ma\/fr\/jemaa-el-fna-la-societe-civile-prete-main-forte-aux-artistes\/\">Cliquez ici pour lire l&rsquo;article depuis sa source.<\/a><\/p>\n","protected":false},"excerpt":{"rendered":"<p>Marrakech \u2013 Le Centre de d\u00e9veloppement de la r\u00e9gion du Tensift (CDRT) s\u2019est mobilis\u00e9 en vue de pr\u00eater main forte aux artistes de la mythique place Jema\u00e2 El Fna et ce, dans le cadre de l\u2019\u00e9lan national de solidarit\u00e9 et d\u2019entraide visant \u00e0 lutter contre la propagation du coronavirus (Covid-19), ainsi que les cons\u00e9quences engendr\u00e9es [&hellip;]<\/p>\n","protected":false},"author":1788,"featured_media":0,"comment_status":"closed","ping_status":"closed","sticky":false,"template":"","format":"standard","meta":{"fifu_image_url":"","fifu_image_alt":"","footnotes":""},"categories":[54,76],"tags":[],"class_list":["post-82570","post","type-post","status-publish","format-standard","hentry","category-maroc","category-regions"],"_links":{"self":[{"href":"https:\/\/linitiative.ca\/International\/wp-json\/wp\/v2\/posts\/82570","targetHints":{"allow":["GET"]}}],"collection":[{"href":"https:\/\/linitiative.ca\/International\/wp-json\/wp\/v2\/posts"}],"about":[{"href":"https:\/\/linitiative.ca\/International\/wp-json\/wp\/v2\/types\/post"}],"author":[{"embeddable":true,"href":"https:\/\/linitiative.ca\/International\/wp-json\/wp\/v2\/users\/1788"}],"replies":[{"embeddable":true,"href":"https:\/\/linitiative.ca\/International\/wp-json\/wp\/v2\/comments?post=82570"}],"version-history":[{"count":0,"href":"https:\/\/linitiative.ca\/International\/wp-json\/wp\/v2\/posts\/82570\/revisions"}],"wp:attachment":[{"href":"https:\/\/linitiative.ca\/International\/wp-json\/wp\/v2\/media?parent=82570"}],"wp:term":[{"taxonomy":"category","embeddable":true,"href":"https:\/\/linitiative.ca\/International\/wp-json\/wp\/v2\/categories?post=82570"},{"taxonomy":"post_tag","embeddable":true,"href":"https:\/\/linitiative.ca\/International\/wp-json\/wp\/v2\/tags?post=82570"}],"curies":[{"name":"wp","href":"https:\/\/api.w.org\/{rel}","templated":true}]}}