{"id":82571,"date":"2020-04-16T10:20:17","date_gmt":"2020-04-16T14:20:17","guid":{"rendered":"https:\/\/linitiative.ca\/International\/la-cour-dappel-mobilise-toutes-ses-ressources-face-au-covid-19\/"},"modified":"2020-04-16T10:20:17","modified_gmt":"2020-04-16T14:20:17","slug":"la-cour-dappel-mobilise-toutes-ses-ressources-face-au-covid-19","status":"publish","type":"post","link":"https:\/\/linitiative.ca\/International\/la-cour-dappel-mobilise-toutes-ses-ressources-face-au-covid-19\/","title":{"rendered":"La Cour d\u2019appel mobilise toutes ses ressources face au Covid-19"},"content":{"rendered":"<div class=\"single-featured\"><img alt=\"\" data-src=\"http:\/\/www.mapmarrakech.ma\/map\/uploads\/2020\/04\/courdappelsafi.jpg\"\/><\/div>\n<div class=\"single-post-excerpt post-excerpt-bc\" readability=\"36\">\n<p>Safi \u2013 La sous-direction provinciale relevant de la Cour d\u2019appel de Safi a indiqu\u00e9 avoir mobilis\u00e9 toutes ses ressources humaines, financi\u00e8res et logistiques pour mettre en \u0153uvre les mesures de confinement n\u00e9cessaires, en vue de lutter contre la propagation du coronavirus (Covid-19).<\/p>\n<\/div>\n<div class=\"entry-content clearfix single-post-content\" readability=\"67\">\n<p>La sous-direction a \u00e9galement soulign\u00e9, dans une mise au point, avoir effectu\u00e9 plusieurs interventions, en coordination avec les responsables judiciaires et administratifs au niveau de la circonscription judiciaire de Safi, contrairement aux \u00ab\u00a0Fake news\u00a0\u00bb v\u00e9hicul\u00e9es par un quotidien national.<\/p>\n<p>Ainsi, poursuit la m\u00eame source, dans le cadre de la mise en \u0153uvre des mesures \u00e9nonc\u00e9es dans les circulaires du ministre de la Justice et les communiqu\u00e9s publi\u00e9s par le minist\u00e8re dans ce sens, tous les b\u00e2timents des tribunaux et les centres de juge r\u00e9sident relevant de la circonscription judiciaire de la Cour d\u2019appel de Safi ont \u00e9t\u00e9 d\u00e9sinfect\u00e9s, ainsi que les bus de transport du personnel.<\/p>\n<p>De m\u00eame, dans le cadre des mesures de pr\u00e9vention visant \u00e0 freiner la propagation du Covid-19 et \u00e0 pr\u00e9server la s\u00e9curit\u00e9 des magistrats, des fonctionnaires et des usagers, la sous-direction a d\u00e9ploy\u00e9 de nombreux efforts, en particulier l\u2019intensification des op\u00e9rations de d\u00e9sinfection et de nettoyage, l\u2019achat et la distribution des d\u00e9sinfectants et de solutions hydro-alcooliques et de masques, ainsi que l\u2019acquisition et la distribution de 8.000 gants.<\/p>\n<p>Selon le communiqu\u00e9, la publication de telles fausses informations dans cette p\u00e9riode d\u2019exception que le Royaume vit \u00ab\u00a0ne sert pas les efforts d\u00e9ploy\u00e9s par le Maroc pour faire face \u00e0 cette pand\u00e9mie et limiter sa propagation, mais s\u00e8ment plut\u00f4t la panique, l\u2019effroi et le d\u00e9sarroi et porte atteinte \u00e0 la r\u00e9putation de l\u2019ensemble du personnel et de la direction\u00a0\u00bb.<\/p>\n<\/div>\n<p>Auteur: Meriem IGASS<br \/>\n<a href=\"http:\/\/www.mapmarrakech.ma\/fr\/la-cour-dappel-mobilise-toutes-ses-ressources-face-au-covid-19\/\">Cliquez ici pour lire l&rsquo;article depuis sa source.<\/a><\/p>\n","protected":false},"excerpt":{"rendered":"<p>Safi \u2013 La sous-direction provinciale relevant de la Cour d\u2019appel de Safi a indiqu\u00e9 avoir mobilis\u00e9 toutes ses ressources humaines, financi\u00e8res et logistiques pour mettre en \u0153uvre les mesures de confinement n\u00e9cessaires, en vue de lutter contre la propagation du coronavirus (Covid-19). La sous-direction a \u00e9galement soulign\u00e9, dans une mise au point, avoir effectu\u00e9 plusieurs [&hellip;]<\/p>\n","protected":false},"author":1788,"featured_media":0,"comment_status":"closed","ping_status":"closed","sticky":false,"template":"","format":"standard","meta":{"fifu_image_url":"","fifu_image_alt":"","footnotes":""},"categories":[54,76],"tags":[],"class_list":["post-82571","post","type-post","status-publish","format-standard","hentry","category-maroc","category-regions"],"_links":{"self":[{"href":"https:\/\/linitiative.ca\/International\/wp-json\/wp\/v2\/posts\/82571","targetHints":{"allow":["GET"]}}],"collection":[{"href":"https:\/\/linitiative.ca\/International\/wp-json\/wp\/v2\/posts"}],"about":[{"href":"https:\/\/linitiative.ca\/International\/wp-json\/wp\/v2\/types\/post"}],"author":[{"embeddable":true,"href":"https:\/\/linitiative.ca\/International\/wp-json\/wp\/v2\/users\/1788"}],"replies":[{"embeddable":true,"href":"https:\/\/linitiative.ca\/International\/wp-json\/wp\/v2\/comments?post=82571"}],"version-history":[{"count":0,"href":"https:\/\/linitiative.ca\/International\/wp-json\/wp\/v2\/posts\/82571\/revisions"}],"wp:attachment":[{"href":"https:\/\/linitiative.ca\/International\/wp-json\/wp\/v2\/media?parent=82571"}],"wp:term":[{"taxonomy":"category","embeddable":true,"href":"https:\/\/linitiative.ca\/International\/wp-json\/wp\/v2\/categories?post=82571"},{"taxonomy":"post_tag","embeddable":true,"href":"https:\/\/linitiative.ca\/International\/wp-json\/wp\/v2\/tags?post=82571"}],"curies":[{"name":"wp","href":"https:\/\/api.w.org\/{rel}","templated":true}]}}