{"id":82572,"date":"2020-04-16T10:39:27","date_gmt":"2020-04-16T14:39:27","guid":{"rendered":"https:\/\/linitiative.ca\/International\/covid-19-interaction-positive-et-spontanee-des-habitants\/"},"modified":"2020-04-16T10:39:27","modified_gmt":"2020-04-16T14:39:27","slug":"covid-19-interaction-positive-et-spontanee-des-habitants","status":"publish","type":"post","link":"https:\/\/linitiative.ca\/International\/covid-19-interaction-positive-et-spontanee-des-habitants\/","title":{"rendered":"Covid-19: Interaction positive et spontan\u00e9e des habitants"},"content":{"rendered":"<p><iframe loading=\"lazy\" width=\"1170\" height=\"658\" src=\"https:\/\/www.youtube.com\/embed\/wcwmABKQKPg?feature=oembed\" frameborder=\"0\" allow=\"accelerometer; autoplay; encrypted-media; gyroscope; picture-in-picture\" allowfullscreen=\"\">[embedded content]<\/iframe><\/p>\n<div class=\"single-post-excerpt post-excerpt-bc\" readability=\"38\">\n<p>D\u00e8s l\u2019annonce par le minist\u00e8re de l\u2019Int\u00e9rieur de la fermeture de plusieurs espaces et places publics, les habitants de la ville de Marrakech ont fait montre d\u2019une interaction positive et spontan\u00e9e avec les directives des services comp\u00e9tents et les efforts d\u00e9ploy\u00e9s pour faire face \u00e0 la pand\u00e9mie du coronavirus et ce, \u00e0 travers le respect des r\u00e8gles d\u2019hygi\u00e8ne et des mesures de pr\u00e9caution, ainsi que la mise en \u0153uvre des proc\u00e9dures proactives visant \u00e0 endiguer et \u00e0 \u00e9viter la propagation du Covid-19.<\/p>\n<\/div>\n<p>Auteur: Meriem IGASS<br \/>\n<a href=\"http:\/\/www.mapmarrakech.ma\/fr\/covid-19-interaction-positive-et-spontanee-des-habitants-3\/\">Cliquez ici pour lire l&rsquo;article depuis sa source.<\/a><\/p>\n","protected":false},"excerpt":{"rendered":"<p>[embedded content] D\u00e8s l\u2019annonce par le minist\u00e8re de l\u2019Int\u00e9rieur de la fermeture de plusieurs espaces et places publics, les habitants de la ville de Marrakech ont fait montre d\u2019une interaction positive et spontan\u00e9e avec les directives des services comp\u00e9tents et les efforts d\u00e9ploy\u00e9s pour faire face \u00e0 la pand\u00e9mie du coronavirus et ce, \u00e0 travers [&hellip;]<\/p>\n","protected":false},"author":1788,"featured_media":0,"comment_status":"closed","ping_status":"closed","sticky":false,"template":"","format":"standard","meta":{"fifu_image_url":"","fifu_image_alt":"","footnotes":""},"categories":[54,76],"tags":[],"class_list":["post-82572","post","type-post","status-publish","format-standard","hentry","category-maroc","category-regions"],"_links":{"self":[{"href":"https:\/\/linitiative.ca\/International\/wp-json\/wp\/v2\/posts\/82572","targetHints":{"allow":["GET"]}}],"collection":[{"href":"https:\/\/linitiative.ca\/International\/wp-json\/wp\/v2\/posts"}],"about":[{"href":"https:\/\/linitiative.ca\/International\/wp-json\/wp\/v2\/types\/post"}],"author":[{"embeddable":true,"href":"https:\/\/linitiative.ca\/International\/wp-json\/wp\/v2\/users\/1788"}],"replies":[{"embeddable":true,"href":"https:\/\/linitiative.ca\/International\/wp-json\/wp\/v2\/comments?post=82572"}],"version-history":[{"count":0,"href":"https:\/\/linitiative.ca\/International\/wp-json\/wp\/v2\/posts\/82572\/revisions"}],"wp:attachment":[{"href":"https:\/\/linitiative.ca\/International\/wp-json\/wp\/v2\/media?parent=82572"}],"wp:term":[{"taxonomy":"category","embeddable":true,"href":"https:\/\/linitiative.ca\/International\/wp-json\/wp\/v2\/categories?post=82572"},{"taxonomy":"post_tag","embeddable":true,"href":"https:\/\/linitiative.ca\/International\/wp-json\/wp\/v2\/tags?post=82572"}],"curies":[{"name":"wp","href":"https:\/\/api.w.org\/{rel}","templated":true}]}}