{"id":82574,"date":"2020-04-16T11:06:39","date_gmt":"2020-04-16T15:06:39","guid":{"rendered":"https:\/\/linitiative.ca\/International\/aides-alimentaires-60-000-familles-beneficiaires\/"},"modified":"2020-04-16T11:06:39","modified_gmt":"2020-04-16T15:06:39","slug":"aides-alimentaires-60-000-familles-beneficiaires","status":"publish","type":"post","link":"https:\/\/linitiative.ca\/International\/aides-alimentaires-60-000-familles-beneficiaires\/","title":{"rendered":"Aides alimentaires: 60.000 familles b\u00e9n\u00e9ficiaires"},"content":{"rendered":"<div readability=\"36\">\n<p>Marrakech \u2013 Quelque 60.000 familles d\u00e9munies au niveau de la r\u00e9gion de Marrakech-Safi vont b\u00e9n\u00e9ficier d\u2019une vaste op\u00e9ration de distribution de denr\u00e9es alimentaires de premi\u00e8re n\u00e9cessit\u00e9, \u00e0 l\u2019initiative du Conseil de la R\u00e9gion dans le cadre de ses efforts visant \u00e0 att\u00e9nuer les effets sociaux-\u00e9conomiques de la pand\u00e9mie du nouveau coronavirus (Covid-19) sur les populations locales.<\/p>\n<\/div>\n<div readability=\"93\">\n<p>Cette action humanitaire du Conseil r\u00e9gional s\u2019inscrit en droite ligne avec l\u2019\u00e9lan de solidarit\u00e9 national et la mobilisation g\u00e9n\u00e9rale des diff\u00e9rents acteurs pour endiguer la propagation de la pand\u00e9mie et all\u00e9ger son incidence socio-\u00e9conomique, en particulier sur les cat\u00e9gories d\u00e9favoris\u00e9es.<\/p>\n<p>Cette initiative hautement salu\u00e9e traduit aussi l\u2019engagement citoyen infaillible de cette instance \u00e9lue pour pr\u00eater main forte et venir en aide aux familles n\u00e9cessiteuses \u00e0 l\u2019\u00e9chelle de la r\u00e9gion, en cette conjoncture exceptionnelle que traverse le Royaume.<\/p>\n<p>Le Conseil a, ainsi, entam\u00e9 l\u2019op\u00e9ration d\u2019acheminement des kits compos\u00e9s de divers produits de base, vers les diff\u00e9rentes pr\u00e9fectures des provinces relevant de la r\u00e9gion, pour \u00eatre distribu\u00e9s aux m\u00e9nages concern\u00e9s, identifi\u00e9s auparavant par la wilaya de la r\u00e9gion en coop\u00e9ration avec l\u2019Entraide Nationale, dans chaque province et la pr\u00e9fecture de Marrakech.<\/p>\n<p>Dans une d\u00e9claration \u00e0 la MAP \u00e0 cette occasion, le directeur g\u00e9n\u00e9ral des Services au Conseil de la r\u00e9gion de Marrakech-Safi, Brahim Sbiyyaa, a pr\u00e9cis\u00e9 que dans le cadre des mesures prises pour faire face aux r\u00e9percussions de la propagation du Covid-19, cette instance \u00e9lue a allou\u00e9 une enveloppe de 16 MDH pour l\u2019appui des familles d\u00e9munies et des cat\u00e9gories en situation de pr\u00e9carit\u00e9, \u00e0 travers l\u2019octroi d\u2019aides alimentaires.<\/p>\n<p>Ces aides alimentaires compos\u00e9es de denr\u00e9es et de produits de premi\u00e8re n\u00e9cessit\u00e9 visent \u00e0 att\u00e9nuer les souffrances de plusieurs m\u00e9nages, induites par la propagation de cette pand\u00e9mie, au niveau de l\u2019ensemble du territoire de la r\u00e9gion, aussi bien en milieu urbain que rural.<\/p>\n<p>A noter que le Conseil a, par ailleurs, fait don d\u2019\u00e9quipements et de mat\u00e9riels m\u00e9dicaux au profit du Centre Hospitalier Universitaire (CHU) Mohammed VI et des h\u00f4pitaux provinciaux, pour un co\u00fbt global estim\u00e9 \u00e0 7 millions de DH, portant ainsi \u00e0 23 millions de DH l\u2019enveloppe allou\u00e9e par cette instance \u00e9lue \u00e0 la lutte contre le Covid-19.<\/p>\n<p>Le Conseil r\u00e9gional de Marrakech-Safi a, en outre, contribu\u00e9, dans le cadre de l\u2019\u00e9lan de mobilisation national, aux c\u00f4t\u00e9s des autres r\u00e9gions du Royaume, au Fonds sp\u00e9cial d\u00e9di\u00e9 \u00e0 la gestion de la pand\u00e9mie du Covid-19 avec 1,5 milliard de DH.<\/p>\n<p>Il contribuera \u00e9galement audit Fonds avec un montant de pr\u00e8s de 49 millions de DH de son propre budget, r\u00e9partis en 4 tranches, au titre de l\u2019ann\u00e9e budg\u00e9taire 2020.<\/p>\n<\/div>\n<p>Auteur: Meriem IGASS<br \/>\n<a href=\"http:\/\/www.mapmarrakech.ma\/fr\/aides-alimentaires-60-000-familles-beneficiaires\/\">Cliquez ici pour lire l&rsquo;article depuis sa source.<\/a><\/p>\n","protected":false},"excerpt":{"rendered":"<p>Marrakech \u2013 Quelque 60.000 familles d\u00e9munies au niveau de la r\u00e9gion de Marrakech-Safi vont b\u00e9n\u00e9ficier d\u2019une vaste op\u00e9ration de distribution de denr\u00e9es alimentaires de premi\u00e8re n\u00e9cessit\u00e9, \u00e0 l\u2019initiative du Conseil de la R\u00e9gion dans le cadre de ses efforts visant \u00e0 att\u00e9nuer les effets sociaux-\u00e9conomiques de la pand\u00e9mie du nouveau coronavirus (Covid-19) sur les populations [&hellip;]<\/p>\n","protected":false},"author":1788,"featured_media":0,"comment_status":"closed","ping_status":"closed","sticky":false,"template":"","format":"standard","meta":{"fifu_image_url":"","fifu_image_alt":"","footnotes":""},"categories":[54,76],"tags":[],"class_list":["post-82574","post","type-post","status-publish","format-standard","hentry","category-maroc","category-regions"],"_links":{"self":[{"href":"https:\/\/linitiative.ca\/International\/wp-json\/wp\/v2\/posts\/82574","targetHints":{"allow":["GET"]}}],"collection":[{"href":"https:\/\/linitiative.ca\/International\/wp-json\/wp\/v2\/posts"}],"about":[{"href":"https:\/\/linitiative.ca\/International\/wp-json\/wp\/v2\/types\/post"}],"author":[{"embeddable":true,"href":"https:\/\/linitiative.ca\/International\/wp-json\/wp\/v2\/users\/1788"}],"replies":[{"embeddable":true,"href":"https:\/\/linitiative.ca\/International\/wp-json\/wp\/v2\/comments?post=82574"}],"version-history":[{"count":0,"href":"https:\/\/linitiative.ca\/International\/wp-json\/wp\/v2\/posts\/82574\/revisions"}],"wp:attachment":[{"href":"https:\/\/linitiative.ca\/International\/wp-json\/wp\/v2\/media?parent=82574"}],"wp:term":[{"taxonomy":"category","embeddable":true,"href":"https:\/\/linitiative.ca\/International\/wp-json\/wp\/v2\/categories?post=82574"},{"taxonomy":"post_tag","embeddable":true,"href":"https:\/\/linitiative.ca\/International\/wp-json\/wp\/v2\/tags?post=82574"}],"curies":[{"name":"wp","href":"https:\/\/api.w.org\/{rel}","templated":true}]}}