{"id":82576,"date":"2020-04-16T04:38:41","date_gmt":"2020-04-16T08:38:41","guid":{"rendered":"https:\/\/linitiative.ca\/International\/el-bayadh-un-enfant-disparu-retrouve-sain-et-sauf\/"},"modified":"2020-04-16T04:38:41","modified_gmt":"2020-04-16T08:38:41","slug":"el-bayadh-un-enfant-disparu-retrouve-sain-et-sauf","status":"publish","type":"post","link":"https:\/\/linitiative.ca\/International\/el-bayadh-un-enfant-disparu-retrouve-sain-et-sauf\/","title":{"rendered":"El Bayadh: un enfant disparu retrouv\u00e9 sain et sauf"},"content":{"rendered":"<div readability=\"39\">\n<p><strong>ALGER &#8211; Les \u00e9l\u00e9ments du groupement territorial de la Gendarmerie nationale de la wilaya d\u2019El-Bayadh ont retrouv\u00e9, avec l\u2019aide des citoyens, un enfant disparu, sain et sauf dans une r\u00e9gion montagneuse situ\u00e9e \u00e0 15 km de l\u2019endroit de sa disparition et \u00e0 60 km de la commune d\u2019El-Bayadh, a indiqu\u00e9 mercredi un communiqu\u00e9 de la Gendarmerie nationale.<\/strong><\/p>\n<\/div>\n<div readability=\"65\">\n<p>\u00ab\u00a0D\u00e8s la r\u00e9ception, mardi 14 avril 2020, d&rsquo;un signalement via le num\u00e9ro vert de la Gendarmerie nationale (1055) de la disparition de l&rsquo;enfant nomm\u00e9 \u2018Gh .Abdelhak\u2019, \u00e2g\u00e9 de quatre (04) ans, le dispositif d&rsquo;alerte a \u00e9t\u00e9 mis en place imm\u00e9diatement et toutes les unit\u00e9s du groupement territorial de la Gendarmerie nationale de la wilaya d\u2019El-Bayadh ont \u00e9t\u00e9 mobilis\u00e9es, outre une unit\u00e9 d&rsquo;intervention et des sections de s\u00e9curit\u00e9 et d&rsquo;intervention soutenues par un h\u00e9licopt\u00e8re de l&rsquo;escadron a\u00e9rien de la Gendarmerie nationale de M\u00e9chria, sous la direction du commandant du groupement territorial de la Gendarmerie nationale d\u2019El-Bayadh et avec la participation des habitants de la r\u00e9gion\u00a0\u00bb.<\/p>\n<p>\u00ab\u00a0Une vaste op\u00e9ration de recherche a permis, aux alentours de 10h00 du matin de ce mercredi 15 avril 2020, de retrouver l&rsquo;enfant disparu dans une r\u00e9gion montagneuse situ\u00e9e \u00e0 15 km du lieu de sa disparition et \u00e0 60 km de la commune d&rsquo;El-Bayadh\u00a0\u00bb, a ajout\u00e9 la m\u00eame source, pr\u00e9cisant que \u00ab\u00a0lors de cette op\u00e9ration, les \u00e9l\u00e9ments de la Gendarmerie nationale ont utilis\u00e9 un h\u00e9licopt\u00e8re, en raison des chemins accident\u00e9s dans cette r\u00e9gion montagneuse\u00a0\u00bb.<\/p>\n<p>\u00ab\u00a0Apr\u00e8s un examen m\u00e9dical, il a \u00e9t\u00e9 \u00e9tabli que l&rsquo;enfant \u00e9tait sain et sauf,\u00a0 lequel a \u00e9t\u00e9 remis \u00e0 ses parents sur ordre du procureur de la R\u00e9publique pr\u00e8s la Cour d\u2019El-Bayadh\u00a0\u00bb, a ajout\u00e9 la m\u00eame source.<\/p>\n<p>\u00ab\u00a0Cette op\u00e9ration, fruit de grands efforts consentis pendant des heures, a \u00e9t\u00e9 salu\u00e9e par les parents de l\u2019enfant et les habitants de la r\u00e9gion\u00a0\u00bb, conclut le communiqu\u00e9.<\/p>\n<\/div>\n<p>Auteur:<br \/>\n<a href=\"http:\/\/www.aps.dz\/regions\/104083-el-bayadh-un-enfant-disparu-retrouve-sain-et-sauf\">Cliquez ici pour lire l&rsquo;article depuis sa source.<\/a><\/p>\n","protected":false},"excerpt":{"rendered":"<p>ALGER &#8211; Les \u00e9l\u00e9ments du groupement territorial de la Gendarmerie nationale de la wilaya d\u2019El-Bayadh ont retrouv\u00e9, avec l\u2019aide des citoyens, un enfant disparu, sain et sauf dans une r\u00e9gion montagneuse situ\u00e9e \u00e0 15 km de l\u2019endroit de sa disparition et \u00e0 60 km de la commune d\u2019El-Bayadh, a indiqu\u00e9 mercredi un communiqu\u00e9 de la [&hellip;]<\/p>\n","protected":false},"author":1790,"featured_media":0,"comment_status":"closed","ping_status":"closed","sticky":false,"template":"","format":"standard","meta":{"fifu_image_url":"","fifu_image_alt":"","footnotes":""},"categories":[53,76],"tags":[],"class_list":["post-82576","post","type-post","status-publish","format-standard","hentry","category-algerie","category-regions"],"_links":{"self":[{"href":"https:\/\/linitiative.ca\/International\/wp-json\/wp\/v2\/posts\/82576","targetHints":{"allow":["GET"]}}],"collection":[{"href":"https:\/\/linitiative.ca\/International\/wp-json\/wp\/v2\/posts"}],"about":[{"href":"https:\/\/linitiative.ca\/International\/wp-json\/wp\/v2\/types\/post"}],"author":[{"embeddable":true,"href":"https:\/\/linitiative.ca\/International\/wp-json\/wp\/v2\/users\/1790"}],"replies":[{"embeddable":true,"href":"https:\/\/linitiative.ca\/International\/wp-json\/wp\/v2\/comments?post=82576"}],"version-history":[{"count":0,"href":"https:\/\/linitiative.ca\/International\/wp-json\/wp\/v2\/posts\/82576\/revisions"}],"wp:attachment":[{"href":"https:\/\/linitiative.ca\/International\/wp-json\/wp\/v2\/media?parent=82576"}],"wp:term":[{"taxonomy":"category","embeddable":true,"href":"https:\/\/linitiative.ca\/International\/wp-json\/wp\/v2\/categories?post=82576"},{"taxonomy":"post_tag","embeddable":true,"href":"https:\/\/linitiative.ca\/International\/wp-json\/wp\/v2\/tags?post=82576"}],"curies":[{"name":"wp","href":"https:\/\/api.w.org\/{rel}","templated":true}]}}