{"id":82577,"date":"2020-04-16T04:44:40","date_gmt":"2020-04-16T08:44:40","guid":{"rendered":"https:\/\/linitiative.ca\/International\/el-tarf-une-unite-de-production-de-textile-ravagee-par-un-incendie-a-ben-mhidi\/"},"modified":"2020-04-16T04:44:40","modified_gmt":"2020-04-16T08:44:40","slug":"el-tarf-une-unite-de-production-de-textile-ravagee-par-un-incendie-a-ben-mhidi","status":"publish","type":"post","link":"https:\/\/linitiative.ca\/International\/el-tarf-une-unite-de-production-de-textile-ravagee-par-un-incendie-a-ben-mhidi\/","title":{"rendered":"El Tarf: une unit\u00e9 de production de textile ravag\u00e9e par un incendie \u00e0 Ben M\u2019Hidi"},"content":{"rendered":"<p><span class=\"sp-nh-title\">Le Pr\u00e9sident Tebboune re\u00e7oit un appel t\u00e9l\u00e9phonique de l&rsquo;Emir du Qatar<\/span> &#8211; <span class=\"sp-nh-date\">jeudi 16 avril 2020 18:32<\/span><\/p>\n<p><span class=\"sp-nh-title\">P\u00e9trole : l\u2019OPEP poursuivra les efforts pour r\u00e9tablir l&rsquo;\u00e9quilibre du march\u00e9<\/span> &#8211; <span class=\"sp-nh-date\">jeudi 16 avril 2020 18:02<\/span><\/p>\n<p><span class=\"sp-nh-title\">Plusieurs dossiers au menu d&rsquo;une r\u00e9union du Gouvernement<\/span> &#8211; <span class=\"sp-nh-date\">jeudi 16 avril 2020 17:42<\/span><\/p>\n<p><span class=\"sp-nh-title\">Covid-19: Nouredine Morceli en faveur de l&rsquo;ouverture des centres de pr\u00e9paration des sportifs d\u2019\u00e9lite apr\u00e8s d\u00e9pistage<\/span> &#8211; <span class=\"sp-nh-date\">jeudi 16 avril 2020 17:38<\/span><\/p>\n<p><span class=\"sp-nh-title\">Covid-19: des experts recommandent une l\u00e9gislation d&rsquo;urgence pour g\u00e9rer les relations de travail<\/span> &#8211; <span class=\"sp-nh-date\">jeudi 16 avril 2020 17:12<\/span><\/p>\n<p><span class=\"sp-nh-title\">Coronavirus: 108 nouveaux cas confirm\u00e9s et 12 nouveaux d\u00e9c\u00e8s en Alg\u00e9rie<\/span> &#8211; <span class=\"sp-nh-date\">jeudi 16 avril 2020 17:06<\/span><\/p>\n<p><span class=\"sp-nh-title\">Agence nationale de la s\u00e9curit\u00e9 sanitaire: un organisme de veille sur l&rsquo;\u00e9tat de la sant\u00e9<\/span> &#8211; <span class=\"sp-nh-date\">jeudi 16 avril 2020 16:15<\/span><\/p>\n<p><span class=\"sp-nh-title\">L\u2019Alg\u00e9rie d\u00e9termin\u00e9e \u00e0 d\u00e9velopper son activit\u00e9 spatiale dans le domaine des t\u00e9l\u00e9communications<\/span> &#8211; <span class=\"sp-nh-date\">jeudi 16 avril 2020 16:10<\/span><\/p>\n<p><span class=\"sp-nh-title\">Poste de Repr\u00e9sentant de l&rsquo;ONU en Libye: Lamamra retire son acceptation<\/span> &#8211; <span class=\"sp-nh-date\">jeudi 16 avril 2020 16:03<\/span><\/p>\n<p><span class=\"sp-nh-title\">Hydrocarbures: Sonatrach signe 2 MoU avec TPAO (Turquie) et Zarubezhneft (Russie)<\/span> &#8211; <span class=\"sp-nh-date\">jeudi 16 avril 2020 14:00<\/span><\/p>\n<p><span class=\"sp-nh-title\">Accidents de la route en zones urbaines: 7 morts et 172 bless\u00e9s en une semaine<\/span> &#8211; <span class=\"sp-nh-date\">jeudi 16 avril 2020 13:55<\/span><\/p>\n<p><span class=\"sp-nh-title\">Journ\u00e9e du prisonnier palestinien: urgence d&rsquo;agir pour sauver la vie des d\u00e9tenus<\/span> &#8211; <span class=\"sp-nh-date\">jeudi 16 avril 2020 13:50<\/span><\/p>\n<p><span class=\"sp-nh-title\">Le g\u00e9n\u00e9ral-major Bouzit DG de la Documentation et de la S\u00e9curit\u00e9 ext\u00e9rieure install\u00e9<\/span> &#8211; <span class=\"sp-nh-date\">jeudi 16 avril 2020 13:46<\/span><\/p>\n<p><span class=\"sp-nh-title\">Prisonnier palestinien: entre le risque de contamination et l&rsquo;atrocit\u00e9 p\u00e9nitentiaire<\/span> &#8211; <span class=\"sp-nh-date\">jeudi 16 avril 2020 13:33<\/span><\/p>\n<p><span class=\"sp-nh-title\">Covid-19: 492 op\u00e9rations de d\u00e9sinfection au cours des derni\u00e8res 24h<\/span> &#8211; <span class=\"sp-nh-date\">jeudi 16 avril 2020 13:19<\/span><\/p>\n<p><span class=\"sp-nh-title\">Le com\u00e9dien Ahmed Hassan, une touche de bonne humeur dans la lutte contre le Covid-19<\/span> &#8211; <span class=\"sp-nh-date\">jeudi 16 avril 2020 13:14<\/span><\/p>\n<p><span class=\"sp-nh-title\">Journ\u00e9e du Prisonnier palestinien: faire conna\u00eetre sa cause, une autre forme de combat<\/span> &#8211; <span class=\"sp-nh-date\">jeudi 16 avril 2020 12:53<\/span><\/p>\n<p><span class=\"sp-nh-title\">Gharda\u00efa: d\u00e9but du Maoussem de la tonte des ovins<\/span> &#8211; <span class=\"sp-nh-date\">jeudi 16 avril 2020 12:10<\/span><\/p>\n<p><span class=\"sp-nh-title\">Le Monde diplomatique souligne l&rsquo; \u00e9chec du mod\u00e8le de d\u00e9veloppement marocain<\/span> &#8211; <span class=\"sp-nh-date\">jeudi 16 avril 2020 12:06<\/span><\/p>\n<p><span class=\"sp-nh-title\">FAF-Covid19: les contrats des joueurs demeurent valables jusqu&rsquo;\u00e0 la fin de la saison<\/span> &#8211; <span class=\"sp-nh-date\">jeudi 16 avril 2020 11:33<\/span><\/p>\n<p>Auteur:<br \/>\n<a href=\"http:\/\/www.aps.dz\/regions\/104085-el-tarf-une-unite-de-production-de-textile-ravagee-par-un-incendie-a-ben-m-hidi\">Cliquez ici pour lire l&rsquo;article depuis sa source.<\/a><\/p>\n","protected":false},"excerpt":{"rendered":"<p>Le Pr\u00e9sident Tebboune re\u00e7oit un appel t\u00e9l\u00e9phonique de l&rsquo;Emir du Qatar &#8211; jeudi 16 avril 2020 18:32 P\u00e9trole : l\u2019OPEP poursuivra les efforts pour r\u00e9tablir l&rsquo;\u00e9quilibre du march\u00e9 &#8211; jeudi 16 avril 2020 18:02 Plusieurs dossiers au menu d&rsquo;une r\u00e9union du Gouvernement &#8211; jeudi 16 avril 2020 17:42 Covid-19: Nouredine Morceli en faveur de l&rsquo;ouverture [&hellip;]<\/p>\n","protected":false},"author":1790,"featured_media":0,"comment_status":"closed","ping_status":"closed","sticky":false,"template":"","format":"standard","meta":{"fifu_image_url":"","fifu_image_alt":"","footnotes":""},"categories":[53,76],"tags":[],"class_list":["post-82577","post","type-post","status-publish","format-standard","hentry","category-algerie","category-regions"],"_links":{"self":[{"href":"https:\/\/linitiative.ca\/International\/wp-json\/wp\/v2\/posts\/82577","targetHints":{"allow":["GET"]}}],"collection":[{"href":"https:\/\/linitiative.ca\/International\/wp-json\/wp\/v2\/posts"}],"about":[{"href":"https:\/\/linitiative.ca\/International\/wp-json\/wp\/v2\/types\/post"}],"author":[{"embeddable":true,"href":"https:\/\/linitiative.ca\/International\/wp-json\/wp\/v2\/users\/1790"}],"replies":[{"embeddable":true,"href":"https:\/\/linitiative.ca\/International\/wp-json\/wp\/v2\/comments?post=82577"}],"version-history":[{"count":0,"href":"https:\/\/linitiative.ca\/International\/wp-json\/wp\/v2\/posts\/82577\/revisions"}],"wp:attachment":[{"href":"https:\/\/linitiative.ca\/International\/wp-json\/wp\/v2\/media?parent=82577"}],"wp:term":[{"taxonomy":"category","embeddable":true,"href":"https:\/\/linitiative.ca\/International\/wp-json\/wp\/v2\/categories?post=82577"},{"taxonomy":"post_tag","embeddable":true,"href":"https:\/\/linitiative.ca\/International\/wp-json\/wp\/v2\/tags?post=82577"}],"curies":[{"name":"wp","href":"https:\/\/api.w.org\/{rel}","templated":true}]}}