{"id":82579,"date":"2020-04-15T16:35:07","date_gmt":"2020-04-15T20:35:07","guid":{"rendered":"https:\/\/linitiative.ca\/International\/enseignement-a-distance-diffusion-de-seances-deducation-physique\/"},"modified":"2020-04-15T16:35:07","modified_gmt":"2020-04-15T20:35:07","slug":"enseignement-a-distance-diffusion-de-seances-deducation-physique","status":"publish","type":"post","link":"https:\/\/linitiative.ca\/International\/enseignement-a-distance-diffusion-de-seances-deducation-physique\/","title":{"rendered":"Enseignement \u00e0 distance: diffusion de s\u00e9ances d\u2019\u00e9ducation physique"},"content":{"rendered":"<div class=\"single-featured\"><img alt=\"\" data-src=\"http:\/\/www.mapoujda.ma\/map\/uploads\/2020\/04\/Minist&#xE8;re-de-l&#xE9;ducation-Nationale-M750&#xD7;430-DR.jpg\"\/><\/div>\n<div class=\"entry-content clearfix single-post-content\" readability=\"57\">\n<p class=\"c4\">Le minist\u00e8re de l\u2019\u00c9ducation nationale, de la Formation professionnelle, de l\u2019Enseignement sup\u00e9rieur et de la Recherche scientifique a d\u00e9cid\u00e9 de diffuser, quotidiennement, des s\u00e9ances d\u2019\u00e9ducation physique et sportive.<\/p>\n<p class=\"c4\">Ces s\u00e9ances sont diffus\u00e9es, en partenariat avec la F\u00e9d\u00e9ration royale marocaine du sport scolaire,\u00a0\u00e0 partir du 15 avril \u00e0 12h30 sur la cha\u00eene TV Attakafia,\u00a0en parall\u00e8le avec les diff\u00e9rents autres cours \u00e0 distance, a indiqu\u00e9 le minist\u00e8re dans un communiqu\u00e9.<\/p>\n<p class=\"c4\">Pr\u00e9par\u00e9es avec la participation\u00a0d\u2019enseignants\u00a0d\u2019\u00e9ducation physique et sportive, elles comprennent des\u00a0exercices physiques et des mouvements sportifs compatibles avec la situation actuelle des \u00e9l\u00e8ves en confinement dans leurs domiciles.<\/p>\n<p class=\"c4\">Le minist\u00e8re a not\u00e9 que ces exercices visent \u00e0 maintenir l\u2019aptitude physique des \u00e9l\u00e8ves et \u00e0 \u00e9liminer le stress, ce qui leur permettra de retrouver une \u00e9nergie positive et ainsi, poursuivre efficacement les cours \u00e0 distance.<\/p>\n<\/div>\n<p>Auteur: Soufiane ELAHMAR<br \/>\n<a href=\"http:\/\/www.mapoujda.ma\/fr\/enseignement-a-distance-diffusion-de-seances-deducation-physique\/\">Cliquez ici pour lire l&rsquo;article depuis sa source.<\/a><\/p>\n","protected":false},"excerpt":{"rendered":"<p>Le minist\u00e8re de l\u2019\u00c9ducation nationale, de la Formation professionnelle, de l\u2019Enseignement sup\u00e9rieur et de la Recherche scientifique a d\u00e9cid\u00e9 de diffuser, quotidiennement, des s\u00e9ances d\u2019\u00e9ducation physique et sportive. Ces s\u00e9ances sont diffus\u00e9es, en partenariat avec la F\u00e9d\u00e9ration royale marocaine du sport scolaire,\u00a0\u00e0 partir du 15 avril \u00e0 12h30 sur la cha\u00eene TV Attakafia,\u00a0en parall\u00e8le avec [&hellip;]<\/p>\n","protected":false},"author":1788,"featured_media":0,"comment_status":"closed","ping_status":"closed","sticky":false,"template":"","format":"standard","meta":{"fifu_image_url":"","fifu_image_alt":"","footnotes":""},"categories":[54,76],"tags":[],"class_list":["post-82579","post","type-post","status-publish","format-standard","hentry","category-maroc","category-regions"],"_links":{"self":[{"href":"https:\/\/linitiative.ca\/International\/wp-json\/wp\/v2\/posts\/82579","targetHints":{"allow":["GET"]}}],"collection":[{"href":"https:\/\/linitiative.ca\/International\/wp-json\/wp\/v2\/posts"}],"about":[{"href":"https:\/\/linitiative.ca\/International\/wp-json\/wp\/v2\/types\/post"}],"author":[{"embeddable":true,"href":"https:\/\/linitiative.ca\/International\/wp-json\/wp\/v2\/users\/1788"}],"replies":[{"embeddable":true,"href":"https:\/\/linitiative.ca\/International\/wp-json\/wp\/v2\/comments?post=82579"}],"version-history":[{"count":0,"href":"https:\/\/linitiative.ca\/International\/wp-json\/wp\/v2\/posts\/82579\/revisions"}],"wp:attachment":[{"href":"https:\/\/linitiative.ca\/International\/wp-json\/wp\/v2\/media?parent=82579"}],"wp:term":[{"taxonomy":"category","embeddable":true,"href":"https:\/\/linitiative.ca\/International\/wp-json\/wp\/v2\/categories?post=82579"},{"taxonomy":"post_tag","embeddable":true,"href":"https:\/\/linitiative.ca\/International\/wp-json\/wp\/v2\/tags?post=82579"}],"curies":[{"name":"wp","href":"https:\/\/api.w.org\/{rel}","templated":true}]}}