{"id":82584,"date":"2020-04-16T13:35:56","date_gmt":"2020-04-16T17:35:56","guid":{"rendered":"https:\/\/linitiative.ca\/International\/covid-19-bientot-un-grand-seminaire-avec-des-chercheurs-au-maroc\/"},"modified":"2020-04-16T13:35:56","modified_gmt":"2020-04-16T17:35:56","slug":"covid-19-bientot-un-grand-seminaire-avec-des-chercheurs-au-maroc","status":"publish","type":"post","link":"https:\/\/linitiative.ca\/International\/covid-19-bientot-un-grand-seminaire-avec-des-chercheurs-au-maroc\/","title":{"rendered":"Covid-19: Bient\u00f4t un grand s\u00e9minaire avec des chercheurs au Maroc"},"content":{"rendered":"<div class=\"author\" readability=\"5.79310344828\">Par <a href=\"\/content\/amin-rboub\">Amin RBOUB<\/a> <a href=\"\/node\/\"> <\/a> | Edition N\u00b0:5743 Le 17\/04\/2020 | Partager <\/div>\n<div class=\"body\">\n<div class=\"field field-name-body field-type-text-with-summary field-label-hidden\">\n<div class=\"field-items\" readability=\"10.5\">\n<div class=\"field-item even\" property=\"content:encoded\" readability=\"16\">\n<p class=\"rtejustify\">La pand\u00e9mie Covid-19 inspire les chercheurs. L\u2019Acad\u00e9mie Hassan II des Sciences et techniques organise un Webinaire de mise au point (s\u00e9minaire \u00e0 distance) pour recueillir des id\u00e9es de scientifiques marocains \u00e0 l\u2019int\u00e9rieur du pays et \u00e0 l\u2019\u00e9tranger. L\u2019objectif \u00e9tant d\u2019arr\u00eater des objectifs de recherche &amp; d\u00e9veloppement \u00e0 court et \u00e0 moyen termes. Dans le m\u00eame sillage, un s\u00e9minaire international est pr\u00e9vu par l\u2019Acad\u00e9mie Hassan II avec la participation de grands chercheurs marocains, y compris ceux de la diaspora et des \u00e9trangers reconnus dans les domaines de l\u2019infectiologie, de l\u2019immunologie, de la g\u00e9n\u00e9tique, de l\u2019\u00e9pid\u00e9miologie&#8230; afin de contribuer \u00e0 l\u2019analyse crois\u00e9e de la pand\u00e9mie, de ses cons\u00e9quences et aspects prospectifs.<\/p>\n<p class=\"rtejustify\"><em>A.R.<\/em><\/p>\n<\/div>\n<\/div>\n<\/div>\n<\/div>\n<div class=\"eco-conseil\">\n<div class=\"view view-eco-conseil-16 view-id-eco_conseil_16 view-display-id-cookies view-dom-id-16338ec3805cb005fc9b8ecf3079c294\">\n<div class=\"view-content\">\n<div id=\"views-bootstrap-grid-1\" class=\"views-bootstrap-grid-plugin-style\">\n<div class=\"row\">\n<div class=\" col-xs-12 col-lg-4\">\n<div class=\"row\">\n<div class=\"col col-xs-12 col-lg-12\">\n<div class=\"field-content\"><a href=\"\/article\/1060668-le-methotrexate-de-nouveau-indisponible\"><img loading=\"lazy\" decoding=\"async\" class=\"img-responsive\" typeof=\"foaf:Image\" src=\"https:\/\/www.leconomiste.com\/sites\/default\/files\/eco7\/public\/styles\/800x400\/public\/default_images\/default_une.jpg?itok=4jZlgnIZ\" width=\"660\" height=\"330\" alt=\"\"\/><\/a><\/div>\n<\/div>\n<div class=\" title_suite_2 col col-xs-12 col-lg-12\"> <a href=\"\/article\/1060668-le-methotrexate-de-nouveau-indisponible\"\/><span class=\"field-content\">Article 1060668<\/span><\/div>\n<\/div>\n<\/div>\n<div class=\" col-xs-12 col-lg-4\">\n<div class=\"row\">\n<div class=\"col col-xs-12 col-lg-12\">\n<div class=\"field-content\"><a href=\"\/article\/1060667-ram-plein-de-sources-de-vulnerabilites-denoncees\"><img loading=\"lazy\" decoding=\"async\" class=\"img-responsive\" typeof=\"foaf:Image\" src=\"https:\/\/www.leconomiste.com\/sites\/default\/files\/eco7\/public\/styles\/800x400\/public\/default_images\/default_une.jpg?itok=4jZlgnIZ\" width=\"660\" height=\"330\" alt=\"\"\/><\/a><\/div>\n<\/div>\n<div class=\" title_suite_2 col col-xs-12 col-lg-12\"> <a href=\"\/article\/1060667-ram-plein-de-sources-de-vulnerabilites-denoncees\"\/><span class=\"field-content\"> RAM: Plein de sources de vuln\u00e9rabilit\u00e9s d\u00e9nonc\u00e9es!<\/span><\/div>\n<\/div>\n<\/div>\n<div class=\" col-xs-12 col-lg-4\">\n<div class=\"row\">\n<div class=\"col col-xs-12 col-lg-12\">\n<div class=\"field-content\"><a href=\"\/article\/1060666-ram-l-umt-tire-boulets-rouges\"><img loading=\"lazy\" decoding=\"async\" class=\"img-responsive\" typeof=\"foaf:Image\" src=\"https:\/\/www.leconomiste.com\/sites\/default\/files\/eco7\/public\/styles\/800x400\/public\/default_images\/default_une.jpg?itok=4jZlgnIZ\" width=\"660\" height=\"330\" alt=\"\"\/><\/a><\/div>\n<\/div>\n<div class=\" title_suite_2 col col-xs-12 col-lg-12\"> <a href=\"\/article\/1060666-ram-l-umt-tire-boulets-rouges\"\/><span class=\"field-content\">RAM: L\u2019UMT tire \u00e0 boulets rouges<\/span><\/div>\n<\/div>\n<\/div>\n<\/div>\n<\/div>\n<\/div>\n<\/div>\n<\/div>\n<p>Auteur: hlafriqi<br \/>\n<a href=\"https:\/\/www.leconomiste.com\/article\/1060664-covid-19-bientot-un-grand-seminaire-avec-des-chercheurs-au-maroc\">Cliquez ici pour lire l&rsquo;article depuis sa source.<\/a><\/p>\n","protected":false},"excerpt":{"rendered":"<p>Par Amin RBOUB | Edition N\u00b0:5743 Le 17\/04\/2020 | Partager La pand\u00e9mie Covid-19 inspire les chercheurs. L\u2019Acad\u00e9mie Hassan II des Sciences et techniques organise un Webinaire de mise au point (s\u00e9minaire \u00e0 distance) pour recueillir des id\u00e9es de scientifiques marocains \u00e0 l\u2019int\u00e9rieur du pays et \u00e0 l\u2019\u00e9tranger. L\u2019objectif \u00e9tant d\u2019arr\u00eater des objectifs de recherche &amp; [&hellip;]<\/p>\n","protected":false},"author":1763,"featured_media":0,"comment_status":"closed","ping_status":"closed","sticky":false,"template":"","format":"standard","meta":{"fifu_image_url":"","fifu_image_alt":"","footnotes":""},"categories":[78,54],"tags":[],"class_list":["post-82584","post","type-post","status-publish","format-standard","hentry","category-economie","category-maroc"],"_links":{"self":[{"href":"https:\/\/linitiative.ca\/International\/wp-json\/wp\/v2\/posts\/82584","targetHints":{"allow":["GET"]}}],"collection":[{"href":"https:\/\/linitiative.ca\/International\/wp-json\/wp\/v2\/posts"}],"about":[{"href":"https:\/\/linitiative.ca\/International\/wp-json\/wp\/v2\/types\/post"}],"author":[{"embeddable":true,"href":"https:\/\/linitiative.ca\/International\/wp-json\/wp\/v2\/users\/1763"}],"replies":[{"embeddable":true,"href":"https:\/\/linitiative.ca\/International\/wp-json\/wp\/v2\/comments?post=82584"}],"version-history":[{"count":0,"href":"https:\/\/linitiative.ca\/International\/wp-json\/wp\/v2\/posts\/82584\/revisions"}],"wp:attachment":[{"href":"https:\/\/linitiative.ca\/International\/wp-json\/wp\/v2\/media?parent=82584"}],"wp:term":[{"taxonomy":"category","embeddable":true,"href":"https:\/\/linitiative.ca\/International\/wp-json\/wp\/v2\/categories?post=82584"},{"taxonomy":"post_tag","embeddable":true,"href":"https:\/\/linitiative.ca\/International\/wp-json\/wp\/v2\/tags?post=82584"}],"curies":[{"name":"wp","href":"https:\/\/api.w.org\/{rel}","templated":true}]}}