{"id":82586,"date":"2020-04-16T13:38:26","date_gmt":"2020-04-16T17:38:26","guid":{"rendered":"https:\/\/linitiative.ca\/International\/ram-lumt-tire-a-boulets-rouges\/"},"modified":"2020-04-16T13:38:26","modified_gmt":"2020-04-16T17:38:26","slug":"ram-lumt-tire-a-boulets-rouges","status":"publish","type":"post","link":"https:\/\/linitiative.ca\/International\/ram-lumt-tire-a-boulets-rouges\/","title":{"rendered":"RAM: L\u2019UMT tire \u00e0 boulets rouges"},"content":{"rendered":"<div class=\"author\" readability=\"5.79310344828\">Par <a href=\"\/content\/amin-rboub\">Amin RBOUB<\/a> <a href=\"\/node\/\"> <\/a> | Edition N\u00b0:5743 Le 17\/04\/2020 | Partager <\/div>\n<div class=\"body\">\n<div class=\"field field-name-body field-type-text-with-summary field-label-hidden\">\n<div class=\"field-items\" readability=\"7.5\">\n<div class=\"field-item even\" property=\"content:encoded\" readability=\"10\">\n<p class=\"rtejustify\">Le Bureau syndical UMT-RAM a fait part \u00e0 la direction de Royal Air Maroc de son \u00abinqui\u00e9tude la plus vive face au manque de communication autour de la crise que traverse la compagnie\u00bb. La centrale syndicale exprime \u00e9galement son \u00e9tonnement quant \u00e0 la situation financi\u00e8re de la RAM: \u00abComment se fait-il que l\u2019un des piliers de l\u2019\u00e9conomie nationale soit fragilis\u00e9 en si peu de temps?\u00bb Ou encore: \u00abComment une compagnie de renomm\u00e9e comme la RAM peine \u00e0 honorer ses engagements envers ses salari\u00e9s d\u00e8s le d\u00e9but de la crise?\u00bb.<br \/>Le bureau syndical s\u2019interroge \u00e9galement sur le fait que la direction n\u2019ait pas tenu \u00abune r\u00e9union\u00a0 d\u2019entreprise pour dresser la situation financi\u00e8re de la compagnie pour analyser les enjeux de cette situation et \u00e9tablir un plan d\u2019action de sortie de crise sur les court et moyen termes\u00bb<em>.<\/em><\/p>\n<p class=\"rtejustify\"><em>A.R.<\/em><\/p>\n<\/div>\n<\/div>\n<\/div>\n<\/div>\n<div class=\"eco-conseil\">\n<div class=\"view view-eco-conseil-16 view-id-eco_conseil_16 view-display-id-cookies view-dom-id-7de9de4f685dd808f5d28bb7f55bb5c5\">\n<div class=\"view-content\">\n<div id=\"views-bootstrap-grid-1\" class=\"views-bootstrap-grid-plugin-style\">\n<div class=\"row\">\n<div class=\" col-xs-12 col-lg-4\">\n<div class=\"row\">\n<div class=\"col col-xs-12 col-lg-12\">\n<div class=\"field-content\"><a href=\"\/article\/1060668-le-methotrexate-de-nouveau-indisponible\"><img loading=\"lazy\" decoding=\"async\" class=\"img-responsive\" typeof=\"foaf:Image\" src=\"https:\/\/www.leconomiste.com\/sites\/default\/files\/eco7\/public\/styles\/800x400\/public\/default_images\/default_une.jpg?itok=4jZlgnIZ\" width=\"660\" height=\"330\" alt=\"\"\/><\/a><\/div>\n<\/div>\n<div class=\" title_suite_2 col col-xs-12 col-lg-12\"> <a href=\"\/article\/1060668-le-methotrexate-de-nouveau-indisponible\"\/><span class=\"field-content\">Article 1060668<\/span><\/div>\n<\/div>\n<\/div>\n<div class=\" col-xs-12 col-lg-4\">\n<div class=\"row\">\n<div class=\"col col-xs-12 col-lg-12\">\n<div class=\"field-content\"><a href=\"\/article\/1060667-ram-plein-de-sources-de-vulnerabilites-denoncees\"><img loading=\"lazy\" decoding=\"async\" class=\"img-responsive\" typeof=\"foaf:Image\" src=\"https:\/\/www.leconomiste.com\/sites\/default\/files\/eco7\/public\/styles\/800x400\/public\/default_images\/default_une.jpg?itok=4jZlgnIZ\" width=\"660\" height=\"330\" alt=\"\"\/><\/a><\/div>\n<\/div>\n<div class=\" title_suite_2 col col-xs-12 col-lg-12\"> <a href=\"\/article\/1060667-ram-plein-de-sources-de-vulnerabilites-denoncees\"\/><span class=\"field-content\"> RAM: Plein de sources de vuln\u00e9rabilit\u00e9s d\u00e9nonc\u00e9es!<\/span><\/div>\n<\/div>\n<\/div>\n<div class=\" col-xs-12 col-lg-4\">\n<div class=\"row\">\n<div class=\"col col-xs-12 col-lg-12\">\n<div class=\"field-content\"><a href=\"\/article\/1060665-droit-l-information-le-debat-se-poursuit-avec-le-hcp\"><img loading=\"lazy\" decoding=\"async\" class=\"img-responsive\" typeof=\"foaf:Image\" src=\"https:\/\/www.leconomiste.com\/sites\/default\/files\/eco7\/public\/styles\/800x400\/public\/default_images\/default_une.jpg?itok=4jZlgnIZ\" width=\"660\" height=\"330\" alt=\"\"\/><\/a><\/div>\n<\/div>\n<div class=\" title_suite_2 col col-xs-12 col-lg-12\"> <a href=\"\/article\/1060665-droit-l-information-le-debat-se-poursuit-avec-le-hcp\"\/><span class=\"field-content\">Droit \u00e0 l\u2019information: Le d\u00e9bat se poursuit avec le HCP<\/span><\/div>\n<\/div>\n<\/div>\n<\/div>\n<\/div>\n<\/div>\n<\/div>\n<\/div>\n<p>Auteur: hlafriqi<br \/>\n<a href=\"https:\/\/www.leconomiste.com\/article\/1060666-ram-l-umt-tire-boulets-rouges\">Cliquez ici pour lire l&rsquo;article depuis sa source.<\/a><\/p>\n","protected":false},"excerpt":{"rendered":"<p>Par Amin RBOUB | Edition N\u00b0:5743 Le 17\/04\/2020 | Partager Le Bureau syndical UMT-RAM a fait part \u00e0 la direction de Royal Air Maroc de son \u00abinqui\u00e9tude la plus vive face au manque de communication autour de la crise que traverse la compagnie\u00bb. La centrale syndicale exprime \u00e9galement son \u00e9tonnement quant \u00e0 la situation financi\u00e8re [&hellip;]<\/p>\n","protected":false},"author":1763,"featured_media":0,"comment_status":"closed","ping_status":"closed","sticky":false,"template":"","format":"standard","meta":{"fifu_image_url":"","fifu_image_alt":"","footnotes":""},"categories":[78,54],"tags":[],"class_list":["post-82586","post","type-post","status-publish","format-standard","hentry","category-economie","category-maroc"],"_links":{"self":[{"href":"https:\/\/linitiative.ca\/International\/wp-json\/wp\/v2\/posts\/82586","targetHints":{"allow":["GET"]}}],"collection":[{"href":"https:\/\/linitiative.ca\/International\/wp-json\/wp\/v2\/posts"}],"about":[{"href":"https:\/\/linitiative.ca\/International\/wp-json\/wp\/v2\/types\/post"}],"author":[{"embeddable":true,"href":"https:\/\/linitiative.ca\/International\/wp-json\/wp\/v2\/users\/1763"}],"replies":[{"embeddable":true,"href":"https:\/\/linitiative.ca\/International\/wp-json\/wp\/v2\/comments?post=82586"}],"version-history":[{"count":0,"href":"https:\/\/linitiative.ca\/International\/wp-json\/wp\/v2\/posts\/82586\/revisions"}],"wp:attachment":[{"href":"https:\/\/linitiative.ca\/International\/wp-json\/wp\/v2\/media?parent=82586"}],"wp:term":[{"taxonomy":"category","embeddable":true,"href":"https:\/\/linitiative.ca\/International\/wp-json\/wp\/v2\/categories?post=82586"},{"taxonomy":"post_tag","embeddable":true,"href":"https:\/\/linitiative.ca\/International\/wp-json\/wp\/v2\/tags?post=82586"}],"curies":[{"name":"wp","href":"https:\/\/api.w.org\/{rel}","templated":true}]}}