{"id":82587,"date":"2020-04-16T13:39:32","date_gmt":"2020-04-16T17:39:32","guid":{"rendered":"https:\/\/linitiative.ca\/International\/ram-plein-de-sources-de-vulnerabilites-denoncees\/"},"modified":"2020-04-16T13:39:32","modified_gmt":"2020-04-16T17:39:32","slug":"ram-plein-de-sources-de-vulnerabilites-denoncees","status":"publish","type":"post","link":"https:\/\/linitiative.ca\/International\/ram-plein-de-sources-de-vulnerabilites-denoncees\/","title":{"rendered":"RAM: Plein de sources de vuln\u00e9rabilit\u00e9s d\u00e9nonc\u00e9es!"},"content":{"rendered":"<div class=\"author\" readability=\"5.79310344828\">Par <a href=\"\/content\/amin-rboub\">Amin RBOUB<\/a> <a href=\"\/node\/\"> <\/a> | Edition N\u00b0:5743 Le 17\/04\/2020 | Partager <\/div>\n<div class=\"body\">\n<div class=\"field field-name-body field-type-text-with-summary field-label-hidden\">\n<div class=\"field-items\" readability=\"8\">\n<div class=\"field-item even\" property=\"content:encoded\" readability=\"11\">\n<p class=\"rtejustify\">La F\u00e9d\u00e9ration nationale du transport a\u00e9rien ainsi que le bureau syndical de l\u2019UMT \u00e0 la RAM pr\u00e9cisent que la crise de la compagnie est bien ant\u00e9rieure au Covid-19. Mais la pand\u00e9mie a certes acc\u00e9l\u00e9r\u00e9 le processus et les limites de la gestion ainsi que de nombreux \u00abd\u00e9rapages li\u00e9s \u00e0 un certain nombre de d\u00e9penses\u00bb. Parmi ces exemples, figurent \u00ables honoraires relatifs au recours fr\u00e9quent \u00e0 des prestataires externes pour des services pouvant \u00eatre r\u00e9alis\u00e9s par des ressources internes\u00bb. S\u2019y ajoutent des r\u00e9mun\u00e9rations mensuelles \u00abexorbitantes\u00bb pour des prestations assur\u00e9es par des personnes ayant b\u00e9n\u00e9fici\u00e9 d\u2019un \u00abd\u00e9part\u00a0 n\u00e9goci\u00e9\u00bb. L\u2019UMT d\u00e9nonce \u00e9galement des ratios de performance \u00e9lev\u00e9s par rapport \u00e0 la moyenne pratiqu\u00e9e dans l\u2019industrie du transport a\u00e9rien.<\/p>\n<p class=\"rtejustify\"><em>A.R.<\/em><\/p>\n<p class=\"rtejustify\">\u00a0<\/p>\n<\/div>\n<\/div>\n<\/div>\n<\/div>\n<div class=\"eco-conseil\">\n<div class=\"view view-eco-conseil-16 view-id-eco_conseil_16 view-display-id-cookies view-dom-id-1d60d967a2de61b5b7671459f5a4ca6f\">\n<div class=\"view-content\">\n<div id=\"views-bootstrap-grid-1\" class=\"views-bootstrap-grid-plugin-style\">\n<div class=\"row\">\n<div class=\" col-xs-12 col-lg-4\">\n<div class=\"row\">\n<div class=\"col col-xs-12 col-lg-12\">\n<div class=\"field-content\"><a href=\"\/article\/1060668-le-methotrexate-de-nouveau-indisponible\"><img loading=\"lazy\" decoding=\"async\" class=\"img-responsive\" typeof=\"foaf:Image\" src=\"https:\/\/www.leconomiste.com\/sites\/default\/files\/eco7\/public\/styles\/800x400\/public\/default_images\/default_une.jpg?itok=4jZlgnIZ\" width=\"660\" height=\"330\" alt=\"\"\/><\/a><\/div>\n<\/div>\n<div class=\" title_suite_2 col col-xs-12 col-lg-12\"> <a href=\"\/article\/1060668-le-methotrexate-de-nouveau-indisponible\"\/><span class=\"field-content\">Article 1060668<\/span><\/div>\n<\/div>\n<\/div>\n<div class=\" col-xs-12 col-lg-4\">\n<div class=\"row\">\n<div class=\"col col-xs-12 col-lg-12\">\n<div class=\"field-content\"><a href=\"\/article\/1060666-ram-l-umt-tire-boulets-rouges\"><img loading=\"lazy\" decoding=\"async\" class=\"img-responsive\" typeof=\"foaf:Image\" src=\"https:\/\/www.leconomiste.com\/sites\/default\/files\/eco7\/public\/styles\/800x400\/public\/default_images\/default_une.jpg?itok=4jZlgnIZ\" width=\"660\" height=\"330\" alt=\"\"\/><\/a><\/div>\n<\/div>\n<div class=\" title_suite_2 col col-xs-12 col-lg-12\"> <a href=\"\/article\/1060666-ram-l-umt-tire-boulets-rouges\"\/><span class=\"field-content\">RAM: L\u2019UMT tire \u00e0 boulets rouges<\/span><\/div>\n<\/div>\n<\/div>\n<div class=\" col-xs-12 col-lg-4\">\n<div class=\"row\">\n<div class=\"col col-xs-12 col-lg-12\">\n<div class=\"field-content\"><a href=\"\/article\/1060665-droit-l-information-le-debat-se-poursuit-avec-le-hcp\"><img loading=\"lazy\" decoding=\"async\" class=\"img-responsive\" typeof=\"foaf:Image\" src=\"https:\/\/www.leconomiste.com\/sites\/default\/files\/eco7\/public\/styles\/800x400\/public\/default_images\/default_une.jpg?itok=4jZlgnIZ\" width=\"660\" height=\"330\" alt=\"\"\/><\/a><\/div>\n<\/div>\n<div class=\" title_suite_2 col col-xs-12 col-lg-12\"> <a href=\"\/article\/1060665-droit-l-information-le-debat-se-poursuit-avec-le-hcp\"\/><span class=\"field-content\">Droit \u00e0 l\u2019information: Le d\u00e9bat se poursuit avec le HCP<\/span><\/div>\n<\/div>\n<\/div>\n<\/div>\n<\/div>\n<\/div>\n<\/div>\n<\/div>\n<p>Auteur: hlafriqi<br \/>\n<a href=\"https:\/\/www.leconomiste.com\/article\/1060667-ram-plein-de-sources-de-vulnerabilites-denoncees\">Cliquez ici pour lire l&rsquo;article depuis sa source.<\/a><\/p>\n","protected":false},"excerpt":{"rendered":"<p>Par Amin RBOUB | Edition N\u00b0:5743 Le 17\/04\/2020 | Partager La F\u00e9d\u00e9ration nationale du transport a\u00e9rien ainsi que le bureau syndical de l\u2019UMT \u00e0 la RAM pr\u00e9cisent que la crise de la compagnie est bien ant\u00e9rieure au Covid-19. Mais la pand\u00e9mie a certes acc\u00e9l\u00e9r\u00e9 le processus et les limites de la gestion ainsi que de [&hellip;]<\/p>\n","protected":false},"author":1763,"featured_media":0,"comment_status":"closed","ping_status":"closed","sticky":false,"template":"","format":"standard","meta":{"fifu_image_url":"","fifu_image_alt":"","footnotes":""},"categories":[78,54],"tags":[],"class_list":["post-82587","post","type-post","status-publish","format-standard","hentry","category-economie","category-maroc"],"_links":{"self":[{"href":"https:\/\/linitiative.ca\/International\/wp-json\/wp\/v2\/posts\/82587","targetHints":{"allow":["GET"]}}],"collection":[{"href":"https:\/\/linitiative.ca\/International\/wp-json\/wp\/v2\/posts"}],"about":[{"href":"https:\/\/linitiative.ca\/International\/wp-json\/wp\/v2\/types\/post"}],"author":[{"embeddable":true,"href":"https:\/\/linitiative.ca\/International\/wp-json\/wp\/v2\/users\/1763"}],"replies":[{"embeddable":true,"href":"https:\/\/linitiative.ca\/International\/wp-json\/wp\/v2\/comments?post=82587"}],"version-history":[{"count":0,"href":"https:\/\/linitiative.ca\/International\/wp-json\/wp\/v2\/posts\/82587\/revisions"}],"wp:attachment":[{"href":"https:\/\/linitiative.ca\/International\/wp-json\/wp\/v2\/media?parent=82587"}],"wp:term":[{"taxonomy":"category","embeddable":true,"href":"https:\/\/linitiative.ca\/International\/wp-json\/wp\/v2\/categories?post=82587"},{"taxonomy":"post_tag","embeddable":true,"href":"https:\/\/linitiative.ca\/International\/wp-json\/wp\/v2\/tags?post=82587"}],"curies":[{"name":"wp","href":"https:\/\/api.w.org\/{rel}","templated":true}]}}