{"id":82591,"date":"2020-04-15T19:32:00","date_gmt":"2020-04-15T23:32:00","guid":{"rendered":"https:\/\/linitiative.ca\/International\/leurope-fragilise-face-au-casse-tete-du-deconfinement\/"},"modified":"2020-04-15T19:32:00","modified_gmt":"2020-04-15T23:32:00","slug":"leurope-fragilise-face-au-casse-tete-du-deconfinement","status":"publish","type":"post","link":"https:\/\/linitiative.ca\/International\/leurope-fragilise-face-au-casse-tete-du-deconfinement\/","title":{"rendered":"L&rsquo;Europe, fragilis\u00e9, face au casse-t\u00eate du d\u00e9confinement"},"content":{"rendered":"<p>La d\u00e9cision am\u00e9ricaine de couper les vivres \u00e0 l&rsquo;OMS en pleine pand\u00e9mie de coronavirus suscitait la consternation hier, la question du d\u00e9confinement restant \u00e9pineuse m\u00eame dans les pays r\u00e9put\u00e9s g\u00e9rer le mieux la crise.<\/p>\n<p>Premier en Europe, le Danemark a timidement rouvert ses \u00e9coles hier, une exp\u00e9rience scrut\u00e9e de pr\u00e8s par de nombreux Etats cherchant \u00e0 relancer des \u00e9conomies asphyxi\u00e9es.<\/p>\n<p>Malgr\u00e9 l&rsquo;alerte rouge sanitaire, le pr\u00e9sident am\u00e9ricain Donald Trump a mis \u00e0 ex\u00e9cution dans la nuit de mardi \u00e0 mercredi sa menace de couper les vivres \u00e0 l&rsquo;Organisation mondiale de la sant\u00e9 (OMS), l&rsquo;accusant de \u00ab\u00a0mauvaise gestion\u00a0\u00bb et de \u00ab\u00a0dissimulation\u00a0\u00bb dans cette pand\u00e9mie partie de Chine fin 2019.<\/p>\n<p>Le patron de l&rsquo;ONU, Antonio Gutteres, a vivement critiqu\u00e9 cette initiative, jugeant que ce \u00ab\u00a0n&rsquo;est pas le moment de r\u00e9duire le financement\u00a0\u00bb des organisations combattant la pand\u00e9mie.<\/p>\n<p>De l&rsquo;UE \u00e0 la Chine en passant par l&rsquo;Union africaine, de nombreux pays et organisations ont \u00e9galement fustig\u00e9 cette initiative de Washington, premier bailleur de l&rsquo;OMS avec plus de 400 millions de dollars par an.<\/p>\n<p>\u00ab\u00a0Nous devons travailler en \u00e9troite collaboration contre le Covid-19. Un des meilleurs investissements est de renforcer les Nations unies, en particulier l&rsquo;OMS\u00a0\u00bb, a soulign\u00e9 le chef de la diplomatie allemande, Heiko Maas.<\/p>\n<p>La Russie a d\u00e9nonc\u00e9 \u00ab\u00a0l&rsquo;approche tr\u00e8s \u00e9go\u00efste\u00a0\u00bb de Washington.<\/p>\n<p>Loin de ces pr\u00e9occupations, pr\u00e8s de la moiti\u00e9 des \u00e9coliers danois, petits drapeaux \u00e0 la main, ont \u00e9t\u00e9 invit\u00e9s \u00e0 regagner leurs \u00e9tablissements apr\u00e8s un mois de fermeture. Le pays a d\u00e9plor\u00e9 jusqu&rsquo;\u00e0 pr\u00e9sent 299 d\u00e9c\u00e8s pour pr\u00e8s de 6.700 cas.<\/p>\n<p>\u00ab\u00a0Nous devons retourner \u00e0 la vie quotidienne\u00a0\u00bb, se f\u00e9licite Caroline, une m\u00e8re de deux enfants \u00e0 Copenhague. Les classes ont \u00e9t\u00e9 am\u00e9nag\u00e9es pour offrir une distance de deux m\u00e8tres entre les tables. Mais la reprise est jug\u00e9e pr\u00e9matur\u00e9e par certains parents, pour qui un \u00ab\u00a0enfant n&rsquo;est pas un lapin de laboratoire\u00a0\u00bb.<\/p>\n<p>Les Cor\u00e9ens du Sud se sont eux rendus nombreux aux urnes hier pour les l\u00e9gislatives. Un signe de r\u00e9silience dans ce pays qui fut l&rsquo;un des premiers frapp\u00e9s apr\u00e8s la Chine, mais qui a su contenir la pand\u00e9mie gr\u00e2ce \u00e0 un d\u00e9pistage massif.<\/p>\n<p>Prise de temp\u00e9rature g\u00e9n\u00e9rale, isoloirs sp\u00e9ciaux pour les \u00e9lecteurs fi\u00e9vreux, bureaux de vote d\u00e9di\u00e9s aux personnes en quarantaine&#8230; \u00ab\u00a0C&rsquo;est tr\u00e8s bien organis\u00e9\u00a0\u00bb, a salu\u00e9 Kim Gwang-woo, 80 ans. \u00ab\u00a0Les gens gardent leurs distances et tout le monde porte des gants.\u00a0\u00bb<\/p>\n<p>Malgr\u00e9 le confinement de plus de la moiti\u00e9 de l&rsquo;humanit\u00e9 et une baisse de la pression hospitali\u00e8re dans la plupart des pays d&rsquo;Europe, la pand\u00e9mie continue de tuer massivement et engendre une incertitude \u00e9conomique \u00ab\u00a0consid\u00e9rable\u00a0\u00bb, selon le Fonds mon\u00e9taire international (FMI).<\/p>\n<p>Ville la plus frapp\u00e9e d&rsquo;Am\u00e9rique latine, Guayaquil, en Equateur, ne sait plus que faire de ses cadavres. \u00ab\u00a0Il n&rsquo;y a de place ni pour les vivants, ni pour les morts\u00a0\u00bb, s&rsquo;alarme Cynthia Viteri, la maire de cette cit\u00e9 portuaire de 2,7 millions d&rsquo;habitants o\u00f9 \u00ab\u00a0deux cimeti\u00e8res suppl\u00e9mentaires\u00a0\u00bb sont en cours d&rsquo;am\u00e9nagement.<\/p>\n<p>Plus de 126.000 morts ont \u00e9t\u00e9 d\u00e9nombr\u00e9s \u00e0 travers la plan\u00e8te et les Etats-Unis sont devenus le principal foyer du Covid-19. Le pays a recens\u00e9 plus de 2.200 morts en 24 heures et plus de 25.700 morts au total.<\/p>\n<p>Alors que la crise menace de se poursuivre pendant des mois, voire des ann\u00e9es, le FMI s&rsquo;est efforc\u00e9 de chiffrer ses cons\u00e9quences \u00e9conomiques, qu&rsquo;il a d\u00e9j\u00e0 compar\u00e9es \u00e0 celles de la crise de 1929. Pour l&rsquo;heure, l&rsquo;institution table sur une contraction de 3% du PIB mondial cette ann\u00e9e.<\/p>\n<p>Dans ce contexte, le pr\u00e9sident fran\u00e7ais Emmanuel Macron a jug\u00e9 \u00ab\u00a0indispensable\u00a0\u00bb un moratoire sur la dette des pays africains pour aider le continent \u00e0 traverser la crise, avant une r\u00e9union mercredi soir des ministres des Finances des pays du G20.<\/p>\n<p>En Europe, plusieurs pays \u00e0 l&rsquo;instar du Danemark ou de l&rsquo;Autriche, qui a rouvert mardi ses petits commerces non-essentiels, esquissent des plans de sortie progressive du confinement.<\/p>\n<p>La Commission europ\u00e9enne, qui a pr\u00e9sent\u00e9 hier sa feuille de route en la mati\u00e8re, insiste cependant sur la n\u00e9cessit\u00e9 d&rsquo;une \u00ab\u00a0action coordonn\u00e9e\u00a0\u00bb, pointant \u00e0 d\u00e9faut le risque d'\u00a0\u00bbeffets n\u00e9gatifs sur tous les Etats membres\u00a0\u00bb.<\/p>\n<p>La pr\u00e9sidente de la Commission, Ursula von der Leyen, a par ailleurs a annonc\u00e9 une conf\u00e9rence des donateurs le 4 mai pour la recherche d&rsquo;un vaccin.<\/p>\n<p>L&rsquo;Allemagne, relativement \u00e9pargn\u00e9e (environ 2.800 morts) par rapport aux pays comparables en termes de population, a de son c\u00f4t\u00e9 d\u00e9cid\u00e9 hier prolonger jusqu&rsquo;au 3 mai ses mesures coercitives, qui varient d&rsquo;une r\u00e9gion \u00e0 l&rsquo;autre.<\/p>\n<p>A l&rsquo;arr\u00eat depuis plus d&rsquo;un mois, l&rsquo;Italie (21.000 morts) a autoris\u00e9 des r\u00e9ouvertures localis\u00e9es et tr\u00e8s limit\u00e9es de certains commerces.<\/p>\n<p>En Espagne, troisi\u00e8me pays le plus endeuill\u00e9 au monde (plus de 18.500 morts), une partie des travailleurs ont repris lundi le chemin des usines et des chantiers, apr\u00e8s deux semaines d&rsquo;arr\u00eat quasi total de l&rsquo;\u00e9conomie.<\/p>\n<p>La France a \u00e9t\u00e9 le premier des grands pays les plus touch\u00e9s (avec plus de 15.700 d\u00e9c\u00e8s) \u00e0 donner une date, le 11 mai, pour un \u00e9ventuel d\u00e9but du d\u00e9confinement progressif.<\/p>\n<p>Deux nouveaux \u00e9v\u00e9nements sportifs et culturels majeurs se sont ajout\u00e9s mardi \u00e0 la liste de ceux touch\u00e9s par le coronavirus: le d\u00e9part du Tour de France cycliste sera report\u00e9, peut-\u00eatre au 29 ao\u00fbt, et l&rsquo;\u00e9dition 2020 du Festival de Cannes pourrait prendre de \u00ab\u00a0nouvelles formes\u00a0\u00bb.<\/p>\n<p>Auteur: letemps1<br \/>\n<a href=\"http:\/\/www.letemps.com.tn\/article\/112879\/leurope-fragilis%C3%A9-face-au-casse-t%C3%AAte-du-d%C3%A9confinement\">Cliquez ici pour lire l&rsquo;article depuis sa source.<\/a><\/p>\n","protected":false},"excerpt":{"rendered":"<p>La d\u00e9cision am\u00e9ricaine de couper les vivres \u00e0 l&rsquo;OMS en pleine pand\u00e9mie de coronavirus suscitait la consternation hier, la question du d\u00e9confinement restant \u00e9pineuse m\u00eame dans les pays r\u00e9put\u00e9s g\u00e9rer le mieux la crise. Premier en Europe, le Danemark a timidement rouvert ses \u00e9coles hier, une exp\u00e9rience scrut\u00e9e de pr\u00e8s par de nombreux Etats cherchant [&hellip;]<\/p>\n","protected":false},"author":1773,"featured_media":0,"comment_status":"closed","ping_status":"closed","sticky":false,"template":"","format":"standard","meta":{"fifu_image_url":"","fifu_image_alt":"","footnotes":""},"categories":[73,55],"tags":[],"class_list":["post-82591","post","type-post","status-publish","format-standard","hentry","category-actualite","category-tunisie"],"_links":{"self":[{"href":"https:\/\/linitiative.ca\/International\/wp-json\/wp\/v2\/posts\/82591","targetHints":{"allow":["GET"]}}],"collection":[{"href":"https:\/\/linitiative.ca\/International\/wp-json\/wp\/v2\/posts"}],"about":[{"href":"https:\/\/linitiative.ca\/International\/wp-json\/wp\/v2\/types\/post"}],"author":[{"embeddable":true,"href":"https:\/\/linitiative.ca\/International\/wp-json\/wp\/v2\/users\/1773"}],"replies":[{"embeddable":true,"href":"https:\/\/linitiative.ca\/International\/wp-json\/wp\/v2\/comments?post=82591"}],"version-history":[{"count":0,"href":"https:\/\/linitiative.ca\/International\/wp-json\/wp\/v2\/posts\/82591\/revisions"}],"wp:attachment":[{"href":"https:\/\/linitiative.ca\/International\/wp-json\/wp\/v2\/media?parent=82591"}],"wp:term":[{"taxonomy":"category","embeddable":true,"href":"https:\/\/linitiative.ca\/International\/wp-json\/wp\/v2\/categories?post=82591"},{"taxonomy":"post_tag","embeddable":true,"href":"https:\/\/linitiative.ca\/International\/wp-json\/wp\/v2\/tags?post=82591"}],"curies":[{"name":"wp","href":"https:\/\/api.w.org\/{rel}","templated":true}]}}