{"id":82596,"date":"2020-04-16T15:11:52","date_gmt":"2020-04-16T19:11:52","guid":{"rendered":"https:\/\/linitiative.ca\/International\/equipe-dalgerie-luis-fernandez-quand-jai-lance-belmadi-au-psg-cetait-dans-la-continuite-de-micoud-et-vieira\/"},"modified":"2020-04-16T15:11:52","modified_gmt":"2020-04-16T19:11:52","slug":"equipe-dalgerie-luis-fernandez-quand-jai-lance-belmadi-au-psg-cetait-dans-la-continuite-de-micoud-et-vieira","status":"publish","type":"post","link":"https:\/\/linitiative.ca\/International\/equipe-dalgerie-luis-fernandez-quand-jai-lance-belmadi-au-psg-cetait-dans-la-continuite-de-micoud-et-vieira\/","title":{"rendered":"Equipe d&rsquo;Alg\u00e9rie : Luis Fernandez: \u00abQuand j\u2019ai lanc\u00e9 Belmadi au PSG, c\u2019\u00e9tait dans la continuit\u00e9 de Micoud et Vieira\u00bb"},"content":{"rendered":"<div readability=\"32\">\n<p>Auteur : <span class=\"time\">jeudi 16 avril 2020 15:53<\/span><\/p>\n<\/div>\n<div id=\"post_core\" readability=\"68\">\n<p>Pour France Football, l\u2019ancien entra\u00eeneur du PSG, Luis Fernandez est revenu sur les d\u00e9buts de Djamel Belmadi sous le maillot Parisien. Celui qui a lanc\u00e9 Belmadi au PSG se rem\u00e9more les d\u00e9buts de l\u2019actuel s\u00e9lectionneur national sous le maillot parisien: \u00abQuand je le lance \u00e0 Paris, c&rsquo;est dans la continuit\u00e9 de ce que j&rsquo;ai fait avec Didier Domi et Nicolas Anelka, ou Johan Micoud et Patrick Vieira \u00e0 Cannes. Il l&rsquo;avait amplement m\u00e9rit\u00e9. J&rsquo;ai observ\u00e9 ses prises de balle, ses contr\u00f4les, son placement, son replacement tactique et je n&rsquo;ai pas eu de craintes. Ce n&rsquo;est pas quelqu&rsquo;un de grand. Il \u00e9tait avec sa taille, sa qualit\u00e9 de contr\u00f4le orient\u00e9, cette vitesse qu&rsquo;il avait en lui. Surtout, il avait un bon \u00e9tat d&rsquo;esprit. Je regarde toujours \u00e7a chez les jeunes, c&rsquo;est primordial. Voir s&rsquo;ils sont l\u00e0 plus t\u00f4t, \u00e0 l&rsquo;heure, s&rsquo;ils restent apr\u00e8s. Lui a toujours \u00e9t\u00e9 dans ce dernier registre. Il avait les qualit\u00e9s pour r\u00e9ussir au haut niveau, je l&rsquo;ai toujours dit. Il a aussi cette confiance en lui. Avec cette confiance, il faisait tout pour s&rsquo;imposer, pour r\u00e9ussir. C&rsquo;est ce qui lui a donn\u00e9 la volont\u00e9 de s&rsquo;accrocher au plus haut niveau. Mais ce n&rsquo;\u00e9tait pas de l&rsquo;arrogance. C&rsquo;est toujours quelqu&rsquo;un qui est rest\u00e9 humble et s\u00e9rieux. Mais je n&rsquo;ai jamais ressenti quelqu&rsquo;un en retrait pour autant, au contraire.\u00bb<\/p>\n<p><strong>\u00abJ&rsquo;ai observ\u00e9 ses prises de balle, ses contr\u00f4les, son placement, son replacement tactique et je n&rsquo;ai pas eu de craintes.\u00bb<\/strong><\/p>\n<p>\u00abSi je l&rsquo;ai gard\u00e9, c&rsquo;est que le caract\u00e8re et l&rsquo;attitude \u00e9taient parfaits, et pour moi c&rsquo;est une priorit\u00e9 chez un jeune. Il se comportait remarquablement bien. Si je l&rsquo;ai lanc\u00e9, c&rsquo;est qu&rsquo;il \u00e9tait sage. Tu apprends du parcours dans lequel tu commences. Quand on te donne ta chance et que tu r\u00e9ussis, tu te dis que plus tard, c&rsquo;est \u00e0 toi de faire partager aux autres. Djamel voit comme \u00e7a.\u00bb<\/p>\n<p><strong>Publi\u00e9 dans :<\/strong> <span>Belmadi<\/span><\/p>\n<\/div>\n<p>Auteur:<br \/>\n<a href=\"http:\/\/www.lebuteur.com\/article\/detail?titre=luis-fernandez-quand-jai-lance-belmadi-au-psg-cetait-dans-la-continuite-de-micoud-et-vieira&#038;id=95645&#038;utm_source=feedburner&#038;utm_medium=feed&#038;utm_campaign=Feed%3A+GalerieFArtciles+%28Les+derniers+articles++-+lebuteur.com%29\">Cliquez ici pour lire l&rsquo;article depuis sa source.<\/a><\/p>\n","protected":false},"excerpt":{"rendered":"<p>Auteur : jeudi 16 avril 2020 15:53 Pour France Football, l\u2019ancien entra\u00eeneur du PSG, Luis Fernandez est revenu sur les d\u00e9buts de Djamel Belmadi sous le maillot Parisien. Celui qui a lanc\u00e9 Belmadi au PSG se rem\u00e9more les d\u00e9buts de l\u2019actuel s\u00e9lectionneur national sous le maillot parisien: \u00abQuand je le lance \u00e0 Paris, c&rsquo;est dans [&hellip;]<\/p>\n","protected":false},"author":1738,"featured_media":82597,"comment_status":"closed","ping_status":"closed","sticky":false,"template":"","format":"standard","meta":{"fifu_image_url":"","fifu_image_alt":"","footnotes":""},"categories":[53,75],"tags":[],"class_list":["post-82596","post","type-post","status-publish","format-standard","has-post-thumbnail","hentry","category-algerie","category-sport"],"_links":{"self":[{"href":"https:\/\/linitiative.ca\/International\/wp-json\/wp\/v2\/posts\/82596","targetHints":{"allow":["GET"]}}],"collection":[{"href":"https:\/\/linitiative.ca\/International\/wp-json\/wp\/v2\/posts"}],"about":[{"href":"https:\/\/linitiative.ca\/International\/wp-json\/wp\/v2\/types\/post"}],"author":[{"embeddable":true,"href":"https:\/\/linitiative.ca\/International\/wp-json\/wp\/v2\/users\/1738"}],"replies":[{"embeddable":true,"href":"https:\/\/linitiative.ca\/International\/wp-json\/wp\/v2\/comments?post=82596"}],"version-history":[{"count":0,"href":"https:\/\/linitiative.ca\/International\/wp-json\/wp\/v2\/posts\/82596\/revisions"}],"wp:featuredmedia":[{"embeddable":true,"href":"https:\/\/linitiative.ca\/International\/wp-json\/"}],"wp:attachment":[{"href":"https:\/\/linitiative.ca\/International\/wp-json\/wp\/v2\/media?parent=82596"}],"wp:term":[{"taxonomy":"category","embeddable":true,"href":"https:\/\/linitiative.ca\/International\/wp-json\/wp\/v2\/categories?post=82596"},{"taxonomy":"post_tag","embeddable":true,"href":"https:\/\/linitiative.ca\/International\/wp-json\/wp\/v2\/tags?post=82596"}],"curies":[{"name":"wp","href":"https:\/\/api.w.org\/{rel}","templated":true}]}}