{"id":82604,"date":"2020-04-16T07:20:00","date_gmt":"2020-04-16T11:20:00","guid":{"rendered":"https:\/\/linitiative.ca\/International\/installation-officielle-du-directeur-general-de-la-documentation-et-de-la-securite-exterieure-mdn\/"},"modified":"2020-04-16T07:20:00","modified_gmt":"2020-04-16T11:20:00","slug":"installation-officielle-du-directeur-general-de-la-documentation-et-de-la-securite-exterieure-mdn","status":"publish","type":"post","link":"https:\/\/linitiative.ca\/International\/installation-officielle-du-directeur-general-de-la-documentation-et-de-la-securite-exterieure-mdn\/","title":{"rendered":"Installation officielle du Directeur G\u00e9n\u00e9ral de la Documentation et de la S\u00e9curit\u00e9 Ext\u00e9rieure (MDN)"},"content":{"rendered":"<p>Le G\u00e9n\u00e9ral-Major Sa\u00efd Chanegriha, Chef d\u2019Etat-Major de l\u2019ANP par int\u00e9rim ,a proc\u00e9d\u00e9, Jeudi 16 avril , \u00e0 l\u2019installation officielle du G\u00e9n\u00e9ral-Major Mohammed Bouzit , dans les fonctions de Directeur G\u00e9n\u00e9ral de la Documentation et de la S\u00e9curit\u00e9 Ext\u00e9rieure, en remplacement du Colonel REMILI Kamel-Eddine.au nom de Monsieur le Pr\u00e9sident de la R\u00e9publique, Chef Supr\u00eame des Forces Arm\u00e9es, Ministre de la D\u00e9fense Nationale, et conform\u00e9ment au D\u00e9cret pr\u00e9sidentiel du 15 avril 2020, selon un communiqu\u00e9 du MDN.<\/p>\n<p>A cette occasion, le G\u00e9n\u00e9ral-Major a tenu \u00e0 demander aux cadres de cette Direction, toutes cat\u00e9gories confondues, \u00ab\u00a0de soutenir et d\u2019assister leur nouveau Chef, \u00e0 travers leur engagement, \u00e0 tous les niveaux et dans la limite de leurs pr\u00e9rogatives, en s\u2019acquittant des missions qui leur sont d\u00e9volues, avec la rigueur et l\u2019assiduit\u00e9 requises, de mani\u00e8re \u00e0 assurer la protection des int\u00e9r\u00eats supr\u00eames de l\u2019Alg\u00e9rie\u00a0\u00bb.<\/p>\n<p><strong>R\u00e9daction Web<\/strong><\/p>\n<p>Auteur: elmoudjahid<br \/>\n<a href=\"http:\/\/www.elmoudjahid.com\/fr\/actualites\/151571\">Cliquez ici pour lire l&rsquo;article depuis sa source.<\/a><\/p>\n","protected":false},"excerpt":{"rendered":"<p>Le G\u00e9n\u00e9ral-Major Sa\u00efd Chanegriha, Chef d\u2019Etat-Major de l\u2019ANP par int\u00e9rim ,a proc\u00e9d\u00e9, Jeudi 16 avril , \u00e0 l\u2019installation officielle du G\u00e9n\u00e9ral-Major Mohammed Bouzit , dans les fonctions de Directeur G\u00e9n\u00e9ral de la Documentation et de la S\u00e9curit\u00e9 Ext\u00e9rieure, en remplacement du Colonel REMILI Kamel-Eddine.au nom de Monsieur le Pr\u00e9sident de la R\u00e9publique, Chef Supr\u00eame des [&hellip;]<\/p>\n","protected":false},"author":1744,"featured_media":0,"comment_status":"closed","ping_status":"closed","sticky":false,"template":"","format":"standard","meta":{"fifu_image_url":"","fifu_image_alt":"","footnotes":""},"categories":[73,53],"tags":[],"class_list":["post-82604","post","type-post","status-publish","format-standard","hentry","category-actualite","category-algerie"],"_links":{"self":[{"href":"https:\/\/linitiative.ca\/International\/wp-json\/wp\/v2\/posts\/82604","targetHints":{"allow":["GET"]}}],"collection":[{"href":"https:\/\/linitiative.ca\/International\/wp-json\/wp\/v2\/posts"}],"about":[{"href":"https:\/\/linitiative.ca\/International\/wp-json\/wp\/v2\/types\/post"}],"author":[{"embeddable":true,"href":"https:\/\/linitiative.ca\/International\/wp-json\/wp\/v2\/users\/1744"}],"replies":[{"embeddable":true,"href":"https:\/\/linitiative.ca\/International\/wp-json\/wp\/v2\/comments?post=82604"}],"version-history":[{"count":0,"href":"https:\/\/linitiative.ca\/International\/wp-json\/wp\/v2\/posts\/82604\/revisions"}],"wp:attachment":[{"href":"https:\/\/linitiative.ca\/International\/wp-json\/wp\/v2\/media?parent=82604"}],"wp:term":[{"taxonomy":"category","embeddable":true,"href":"https:\/\/linitiative.ca\/International\/wp-json\/wp\/v2\/categories?post=82604"},{"taxonomy":"post_tag","embeddable":true,"href":"https:\/\/linitiative.ca\/International\/wp-json\/wp\/v2\/tags?post=82604"}],"curies":[{"name":"wp","href":"https:\/\/api.w.org\/{rel}","templated":true}]}}