{"id":82605,"date":"2020-04-16T06:30:00","date_gmt":"2020-04-16T10:30:00","guid":{"rendered":"https:\/\/linitiative.ca\/International\/covid19-le-taux-doccupation-des-lits-de-reanimation-en-algerie-ne-depasse-pas-les-17-selon-pr-mahyaoui\/"},"modified":"2020-04-16T06:30:00","modified_gmt":"2020-04-16T10:30:00","slug":"covid19-le-taux-doccupation-des-lits-de-reanimation-en-algerie-ne-depasse-pas-les-17-selon-pr-mahyaoui","status":"publish","type":"post","link":"https:\/\/linitiative.ca\/International\/covid19-le-taux-doccupation-des-lits-de-reanimation-en-algerie-ne-depasse-pas-les-17-selon-pr-mahyaoui\/","title":{"rendered":"Covid19 : Le taux d\u2019occupation des lits de r\u00e9animation en Alg\u00e9rie ne d\u00e9passe pas les 17%, selon Pr Mahyaoui"},"content":{"rendered":"<div class=\"TxArtcile\">\n<div class=\"ImgCapt\"><img loading=\"lazy\" decoding=\"async\" width=\"208\" height=\"208\" src=\"http:\/\/www.elmoudjahid.com\/temp\/fr\/actualite2[151572].jfif\" alt=\"\"\/><span>D.R<\/span><\/div>\n<div id=\"text_article\">\n<div>\n<article about=\"\/news\/fr\/article\/20200416\/192369.html\" id=\"node-192369\" typeof=\"sioc:Item foaf:Document\" readability=\"8.5\">\n<div property=\"content:encoded\" readability=\"22\">\n<p class=\"c7\">\u00abC\u2019est un peu trop t\u00f4t pour tirer des conclusions\u00bb, pr\u00e9vient d&#8217;embl\u00e9e le\u00a0chef de service r\u00e9animation au CNMS\u00a0avant d\u2019avancer qu\u2019\u00abactuellement et en vue du nombre de personnes gu\u00e9ries et du nombre de personnes sous protocoles m\u00e9dical nous sommes satisfaits\u00bb.<\/p>\n<p class=\"c7\"><span class=\"c8\">En plus des bilans avanc\u00e9s quotidiennement\u00a0par le comit\u00e9 scientifique de lutte contre le covid19, l\u2019invit\u00e9 de la radio Chaine 3 r\u00e9v\u00e8le que le taux d\u2019occupation des lits de r\u00e9animation, en Alg\u00e9rie, ne d\u00e9passe pas, \u00e0 pr\u00e9sent les 17%. \u00abOn appr\u00e9hendait l\u2019afflux massif de patients en r\u00e9animation, mais gr\u00e2ce \u00e0 la mise en place rapide du protocole m\u00e9dical et \u00e0 la r\u00e9activit\u00e9 des trois services phares (m\u00e9decine interne, pneumologie et infection) les services ne sont pas satur\u00e9s et on n\u2019a pas eu une grande pression sur la r\u00e9animation\u00bb, a-t-il d\u00e9clar\u00e9.<\/span><\/p>\n<p class=\"c7\"><strong>Site : Radio nationale\u00a0<\/strong><\/p>\n<p class=\"c7\">.<\/p>\n<\/div>\n<\/article>\n<\/div>\n<\/div>\n<\/div>\n<div class=\"ModliArtilUne\">\n<ul>\n<li><strong>Publi\u00e9 dans :<\/strong><\/li>\n<\/ul>\n<\/div>\n<div class=\"MbComIns\" id=\"newcom\" readability=\"5.69402985075\">\n<h6>DONNEZ VOTRE AVIS<\/h6>\n<p>Il n&rsquo;y a actuellement aucune r\u00e9action \u00e0 cette information. Soyez le premier \u00e0 r\u00e9agir !<\/p>\n<p><a href=\"\" rel=\"#popup\" class=\"login resetbutton\">Identifiez-vous<\/a><a class=\"button\" href=\"http:\/\/www.elmoudjahid.com\/fr\/inscription\/\"><span>S&rsquo;inscrire<\/span><\/a><\/p>\n<\/div>\n<p>Auteur: elmoudjahid<br \/>\n<a href=\"http:\/\/www.elmoudjahid.com\/fr\/actualites\/151572\">Cliquez ici pour lire l&rsquo;article depuis sa source.<\/a><\/p>\n","protected":false},"excerpt":{"rendered":"<p>D.R \u00abC\u2019est un peu trop t\u00f4t pour tirer des conclusions\u00bb, pr\u00e9vient d&#8217;embl\u00e9e le\u00a0chef de service r\u00e9animation au CNMS\u00a0avant d\u2019avancer qu\u2019\u00abactuellement et en vue du nombre de personnes gu\u00e9ries et du nombre de personnes sous protocoles m\u00e9dical nous sommes satisfaits\u00bb. En plus des bilans avanc\u00e9s quotidiennement\u00a0par le comit\u00e9 scientifique de lutte contre le covid19, l\u2019invit\u00e9 de [&hellip;]<\/p>\n","protected":false},"author":1744,"featured_media":0,"comment_status":"closed","ping_status":"closed","sticky":false,"template":"","format":"standard","meta":{"fifu_image_url":"","fifu_image_alt":"","footnotes":""},"categories":[73,53],"tags":[],"class_list":["post-82605","post","type-post","status-publish","format-standard","hentry","category-actualite","category-algerie"],"_links":{"self":[{"href":"https:\/\/linitiative.ca\/International\/wp-json\/wp\/v2\/posts\/82605","targetHints":{"allow":["GET"]}}],"collection":[{"href":"https:\/\/linitiative.ca\/International\/wp-json\/wp\/v2\/posts"}],"about":[{"href":"https:\/\/linitiative.ca\/International\/wp-json\/wp\/v2\/types\/post"}],"author":[{"embeddable":true,"href":"https:\/\/linitiative.ca\/International\/wp-json\/wp\/v2\/users\/1744"}],"replies":[{"embeddable":true,"href":"https:\/\/linitiative.ca\/International\/wp-json\/wp\/v2\/comments?post=82605"}],"version-history":[{"count":0,"href":"https:\/\/linitiative.ca\/International\/wp-json\/wp\/v2\/posts\/82605\/revisions"}],"wp:attachment":[{"href":"https:\/\/linitiative.ca\/International\/wp-json\/wp\/v2\/media?parent=82605"}],"wp:term":[{"taxonomy":"category","embeddable":true,"href":"https:\/\/linitiative.ca\/International\/wp-json\/wp\/v2\/categories?post=82605"},{"taxonomy":"post_tag","embeddable":true,"href":"https:\/\/linitiative.ca\/International\/wp-json\/wp\/v2\/tags?post=82605"}],"curies":[{"name":"wp","href":"https:\/\/api.w.org\/{rel}","templated":true}]}}