{"id":82606,"date":"2020-04-16T08:00:00","date_gmt":"2020-04-16T12:00:00","guid":{"rendered":"https:\/\/linitiative.ca\/International\/tous-les-dossiers-de-financements-etrangers-de-la-presse-nationale-seront-ouverts\/"},"modified":"2020-04-16T08:00:00","modified_gmt":"2020-04-16T12:00:00","slug":"tous-les-dossiers-de-financements-etrangers-de-la-presse-nationale-seront-ouverts","status":"publish","type":"post","link":"https:\/\/linitiative.ca\/International\/tous-les-dossiers-de-financements-etrangers-de-la-presse-nationale-seront-ouverts\/","title":{"rendered":"Tous les dossiers de financements \u00e9trangers de la presse nationale seront ouverts"},"content":{"rendered":"<p><h2>\u00ab\u00a0Tous les dossiers de financements ext\u00e9rieurs au b\u00e9n\u00e9fice de la presse ou de tout autre secteur seront ouverts, c&rsquo;est-\u00e0-dire mis \u00e0 plat par les instances ad hoc de l&rsquo;Etat. Cet examen et cette exposition en d\u00e9tail seront effectu\u00e9s sous l&rsquo;angle de ce que ces financements \u00e9trangers rec\u00e8lent comme atteintes caract\u00e9ris\u00e9es \u00e0 la souverainet\u00e9 nationale. Ces financements alimentent, par ailleurs, les r\u00e9sistances aux r\u00e9formes patriotiques souhait\u00e9es\u00a0\u00bb, a affirm\u00e9 le minist\u00e8re dans un communiqu\u00e9.<\/h2>\n<h2>Le minist\u00e8re de la Communication a rappel\u00e9 que le premier responsable du secteur, Dr. Ammar Belhimer, porte-parole du gouvernement, avait r\u00e9cemment appel\u00e9 tous les acteurs de la presse nationale au \u00ab\u00a0strict respect de la loi, notamment en ce qui concerne les financements \u00e9trangers\u00a0\u00bb et avait pr\u00e9cis\u00e9 que \u00ab\u00a0ces financements ext\u00e9rieurs quelles qu&rsquo;en soient la nature, l&rsquo;origine et la provenance sont absolument interdits\u00a0\u00bb.<\/h2>\n<\/p>\n<div readability=\"48\">\n<p>Rappelant \u00e9galement que les financements ext\u00e9rieurs de la presse sont prohib\u00e9s en vertu de la loi organique n\u00b0 12-05 du 1er janvier 2012 relative \u00e0 l&rsquo;Information et de la loi n\u00b0 14-04 du 24 f\u00e9vrier 2014 relative \u00e0 l&rsquo;activit\u00e9 audiovisuelle, le minist\u00e8re de la Communication a relev\u00e9 que \u00ab\u00a0les financements \u00e9trangers de quelque activit\u00e9 que ce soit sont encadr\u00e9s par la loi \u00e0 laquelle nul ne peut d\u00e9roger\u00a0\u00bb.<\/p>\n<h3>\u00a0<\/h3>\n<p>S&rsquo;agissant de la presse nationale, l&rsquo;article 29 de la loi sur l&rsquo;Information stipule, en effet, de mani\u00e8re \u00ab\u00a0claire et pr\u00e9cise\u00a0\u00bb, que \u00ab\u00a0l&rsquo;aide mat\u00e9rielle directe et indirecte de toute partie \u00e9trang\u00e8re est interdite\u00a0\u00bb, a not\u00e9 la m\u00eame source, ajoutant que le m\u00eame article oblige tous les m\u00e9dias \u00e9crits et audiovisuels \u00e0 \u00ab\u00a0d\u00e9clarer ou \u00e0 justifier l&rsquo;origine des fonds constituants leur capital social et ceux n\u00e9cessaires \u00e0 leur gestion, conform\u00e9ment \u00e0 la l\u00e9gislation en vigueur\u00a0\u00bb.<\/p>\n<p>A propos des t\u00e9l\u00e9visions et des radios hertziennes ou satellitaires, des WebTV et des Web-radios, la loi n\u00b0 14-04 du 24 f\u00e9vrier 2014 \u00ab\u00a0\u00e9nonce, par ailleurs, et de mani\u00e8re nette, la stricte obligation de justifier de \u2018l&rsquo;exclusivit\u00e9 nationale\u2019 du capital social ainsi que de \u2018l&rsquo;origine des fonds investis\u2019\u00a0\u00bb.<\/p>\n<p>Cette mise \u00e0 plat des financements \u00e9trangers \u00ab\u00a0s&rsquo;inscrit en droite ligne de l&rsquo;entreprise de redressement national que le pr\u00e9sident de la R\u00e9publique, Monsieur Abdelmadjid Tebboune, a la ferme volont\u00e9 de mener \u00e0 son terme, et qui passe par une remise \u00e0 plat des bases institutionnelles et juridiques de l&rsquo;Etat et de l&rsquo;\u00e9conomie\u00a0\u00bb, a soulign\u00e9 encore la m\u00eame source.<\/p>\n<p>Il s&rsquo;agit dans ce cadre de \u00ab\u00a0proc\u00e9der \u00e0 un \u00e9tat des lieux sans concessions pour aboutir \u00e0 une reconstruction totale de l&rsquo;Etat qui est la base solide sur laquelle reposera la Nouvelle R\u00e9publique dont les 54 engagements pr\u00e9sidentiels de l&rsquo;\u00e9lection pr\u00e9sidentielle du 12 d\u00e9cembre 2019 ont en esquiss\u00e9 les lignes directrices\u00a0\u00bb, a conclu le communiqu\u00e9.<\/p>\n<p>APS<\/p>\n<\/div>\n<p>Auteur: elmoudjahid<br \/>\n<a href=\"http:\/\/www.elmoudjahid.com\/fr\/actualites\/151573\">Cliquez ici pour lire l&rsquo;article depuis sa source.<\/a><\/p>\n","protected":false},"excerpt":{"rendered":"<p>\u00ab\u00a0Tous les dossiers de financements ext\u00e9rieurs au b\u00e9n\u00e9fice de la presse ou de tout autre secteur seront ouverts, c&rsquo;est-\u00e0-dire mis \u00e0 plat par les instances ad hoc de l&rsquo;Etat. Cet examen et cette exposition en d\u00e9tail seront effectu\u00e9s sous l&rsquo;angle de ce que ces financements \u00e9trangers rec\u00e8lent comme atteintes caract\u00e9ris\u00e9es \u00e0 la souverainet\u00e9 nationale. Ces [&hellip;]<\/p>\n","protected":false},"author":1744,"featured_media":0,"comment_status":"closed","ping_status":"closed","sticky":false,"template":"","format":"standard","meta":{"fifu_image_url":"","fifu_image_alt":"","footnotes":""},"categories":[73,53],"tags":[],"class_list":["post-82606","post","type-post","status-publish","format-standard","hentry","category-actualite","category-algerie"],"_links":{"self":[{"href":"https:\/\/linitiative.ca\/International\/wp-json\/wp\/v2\/posts\/82606","targetHints":{"allow":["GET"]}}],"collection":[{"href":"https:\/\/linitiative.ca\/International\/wp-json\/wp\/v2\/posts"}],"about":[{"href":"https:\/\/linitiative.ca\/International\/wp-json\/wp\/v2\/types\/post"}],"author":[{"embeddable":true,"href":"https:\/\/linitiative.ca\/International\/wp-json\/wp\/v2\/users\/1744"}],"replies":[{"embeddable":true,"href":"https:\/\/linitiative.ca\/International\/wp-json\/wp\/v2\/comments?post=82606"}],"version-history":[{"count":0,"href":"https:\/\/linitiative.ca\/International\/wp-json\/wp\/v2\/posts\/82606\/revisions"}],"wp:attachment":[{"href":"https:\/\/linitiative.ca\/International\/wp-json\/wp\/v2\/media?parent=82606"}],"wp:term":[{"taxonomy":"category","embeddable":true,"href":"https:\/\/linitiative.ca\/International\/wp-json\/wp\/v2\/categories?post=82606"},{"taxonomy":"post_tag","embeddable":true,"href":"https:\/\/linitiative.ca\/International\/wp-json\/wp\/v2\/tags?post=82606"}],"curies":[{"name":"wp","href":"https:\/\/api.w.org\/{rel}","templated":true}]}}