{"id":82607,"date":"2020-04-16T12:20:00","date_gmt":"2020-04-16T16:20:00","guid":{"rendered":"https:\/\/linitiative.ca\/International\/reunion-du-gouvernent-examen-des-projets-de-lois-dans-les-secteurs-de-la-sante-et-de-la-justice\/"},"modified":"2020-04-16T12:20:00","modified_gmt":"2020-04-16T16:20:00","slug":"reunion-du-gouvernent-examen-des-projets-de-lois-dans-les-secteurs-de-la-sante-et-de-la-justice","status":"publish","type":"post","link":"https:\/\/linitiative.ca\/International\/reunion-du-gouvernent-examen-des-projets-de-lois-dans-les-secteurs-de-la-sante-et-de-la-justice\/","title":{"rendered":"R\u00e9union du gouvernent: Examen des projets de lois dans les secteurs de la sant\u00e9 et de la justice"},"content":{"rendered":"<p>Par ailleurs et conform\u00e9ment \u00e0 l\u2019ordre du jour de la r\u00e9union, il a \u00e9t\u00e9 proc\u00e9d\u00e9 \u00e0 la poursuite de la pr\u00e9sentation de plusieurs expos\u00e9s sectoriels li\u00e9s, essentiellement, \u00e0 la prise en charge des familles d\u00e9munies, la situation du march\u00e9 mondial des hydrocarbures, la r\u00e9forme \u00e9conomique concernant le secteur de l\u2019industrie et enfin, une communication se rapportant \u00e0 l\u2019\u00e9valuation de la situation sanitaire au niveau national, notamment celle li\u00e9e au coronavirus (Covid-19) et enfin une communication sur l\u2019effort des jeunes promoteurs de startup avec des moyens novateurs dans la lutte contre le Covid -19.<\/p>\n<p>Voici communiqu\u00e9 du Premier Ministere\u00a0<\/p>\n<ul>\n<li><strong>Le gouvernement a entendu un expos\u00e9 du Ministre de la justice, garde des sceaux sur un avant-projet de loi modifiant et compl\u00e9tant l\u2019ordonnance n\u00b0 66-156 du 8 juin 1966 portant sur le code p\u00e9nal.<\/strong><\/li>\n<\/ul>\n<p>Le projet s\u2019inscrit dans le cadre de l\u2019actualisation r\u00e9guli\u00e8re des incriminations pr\u00e9vues par le code p\u00e9nal pour prendre en charge les nouvelles menaces qui portent atteinte \u00e0 l\u2019ordre public, \u00e0 la coh\u00e9sion sociale et \u00e0 la stabilit\u00e9 de notre pays.<\/p>\n<ul>\n<li><strong>Le gouvernement a entendu la pr\u00e9sentation du Ministre de la sant\u00e9, de la population et de la r\u00e9forme hospitali\u00e8re d\u2019un projet de d\u00e9cret ex\u00e9cutif fixant les missions, l\u2019organisation et le fonctionnement de l\u2019\u00e9quipe sanitaire mobile institu\u00e9e aupr\u00e8s des \u00e9tablissements publics de sant\u00e9.<\/strong><\/li>\n<\/ul>\n<p>\u00a0Ce projet vise \u00e0 assurer une meilleure couverture sanitaire des populations \u00e9parses et\/ou nomades,\u00a0 habitant les r\u00e9gions des Hauts Plateaux et du Sud ainsi que les populations de certaines communes enclav\u00e9es du Nord du pays. Cette couverture sanitaire mobile est appel\u00e9 \u00e0 couvrir notamment, les activit\u00e9s suivantes\u00a0:<\/p>\n<p class=\"c6\">-les consultations, soins et d\u00e9pistage,<\/p>\n<p class=\"c6\">&#8211; la mise en \u0153uvre et le suivi des programmes de vaccination,<\/p>\n<p class=\"c7\">-le contr\u00f4le pr\u00e9natal\u00a0 et postnatal afin r\u00e9duire la mortalit\u00e9 maternelle et\u00a0\u00a0\u00a0 infantile,<\/p>\n<p class=\"c7\">&#8211; le planning familial,\u00a0<\/p>\n<p class=\"c7\">&#8211; la surveillance nutritionnelle.<\/p>\n<p class=\"c7\">\u00a0<\/p>\n<ul>\n<li><strong>Le gouvernement a ensuite pris connaissance d\u2019un projet de d\u00e9cret ex\u00e9cutif modifiant le d\u00e9cret ex\u00e9cutif n\u00b019-379 du 31 d\u00e9cembre 2019 d\u00e9finissant les modalit\u00e9s de contr\u00f4le administratif, technique et s\u00e9curit\u00e9 des substances et m\u00e9dicaments ayant des propri\u00e9t\u00e9s psychotropes.<\/strong><\/li>\n<\/ul>\n<p>Le projet de d\u00e9cret ex\u00e9cutif a pour but de modifier les dispositions de l\u2019article 41 du d\u00e9cret ex\u00e9cutif n\u00b019-379 du 31 d\u00e9cembre 2019. L\u2019amendement de cet article vise \u00e0 prolonger d\u2019une dur\u00e9e de six (6) mois le d\u00e9lai pr\u00e9vu pour les structures et les \u00e9tablissements publics et priv\u00e9s de sant\u00e9, afin de se conformer aux dispositions de ce d\u00e9cret ex\u00e9cutif.<\/p>\n<p>La prorogation du d\u00e9lai fix\u00e9 initialement \u00a0vise \u00e0 permettre aux structures et \u00e9tablissements publics et priv\u00e9s de disposer du temps n\u00e9cessaire pour adapter les outils et les supports de gestion d\u00e9di\u00e9s aux substances et aux m\u00e9dicaments ayant des propri\u00e9t\u00e9s psychotropes. \u00a0<\/p>\n<ul>\n<li><strong>Le gouvernement a entendu un expos\u00e9 du Ministre de l\u2019int\u00e9rieur, des collectivit\u00e9s locales et de\u00a0 l\u2019am\u00e9nagement du territoire relatif aux modalit\u00e9s et conditions de la prise en charge, dans le cadre des op\u00e9rations de solidarit\u00e9, des familles n\u00e9cessiteuses impact\u00e9es par la crise sanitaire et celles concern\u00e9es par les op\u00e9rations de solidarit\u00e9 pr\u00e9vues pour le mois de Ramadan.<\/strong><\/li>\n<\/ul>\n<ul>\n<li><strong>Le gouvernement a entendu une pr\u00e9sentation du Ministre de l\u2019\u00e9nergie sur la situation du march\u00e9 mondial du p\u00e9trole, \u00a0ses perspectives et ses impacts et ce \u00e0 la lumi\u00e8re des d\u00e9cisions prises lors de la 10<sup>\u00e8me<\/sup>\u00a0 r\u00e9union minist\u00e9rielle extraordinaire\u00a0 de l\u2019OPEP+\u00a0 tenue le 12 avril 2020.<\/strong><\/li>\n<\/ul>\n<ul>\n<li><strong>Le gouvernement a entendu\u00a0 un expos\u00e9 du Ministre de l\u2019industrie et des mines sur la r\u00e9forme de la gouvernance \u00e9conomique du secteur de l\u2019industrie.<\/strong><\/li>\n<\/ul>\n<p class=\"c8\">A cet effet, le ministre a fait \u00e9tat de diff\u00e9rents axes de r\u00e9forme qui concernent les domaines suivants\u00a0:<\/p>\n<p class=\"c8\">\u00a0<\/p>\n<ul>\n<li>La r\u00e9organisation de l\u2019administration centrale et locale du minist\u00e8re de l\u2019industrie ainsi que des \u00e9tablissements\u00a0 publics qui lui sont rattach\u00e9s pour \u00eatre en capacit\u00e9 de conduire les r\u00e9formes,<\/li>\n<li>le cadre l\u00e9gal r\u00e9gissant la promotion de l\u2019investissement,<\/li>\n<li>la gestion du secteur public \u00e9conomique marchand,<\/li>\n<li>le dispositif r\u00e9gissant les industries de montage,<\/li>\n<li>R\u00e9vision du dispositif r\u00e9gissant la sous-traitance industrielle et les activit\u00e9s d\u2019usinage,<\/li>\n<li>la rationalisation des encouragements\u00a0 \u00e0 l\u2019emploi industriel en favorisant les emplois \u00e0 forte valeur ajout\u00e9e dans la d\u00e9termination des avantages,<\/li>\n<li>la mise \u00e0 jour des avantages fiscaux\u00a0 li\u00e9s aux investissements des entreprises.<\/li>\n<\/ul>\n<ul>\n<li><strong>Le gouvernement a entendu la communication du Ministre de la sant\u00e9, de la population et de la r\u00e9forme hospitali\u00e8re sur l\u2019\u00e9volution de la situation sanitaire au niveau national li\u00e9e au Covid-19 ainsi que les dispositions prises par les pouvoirs publics pour faire face \u00e0 cette situation.<\/strong><\/li>\n<\/ul>\n<p>Auteur: elmoudjahid<br \/>\n<a href=\"http:\/\/www.elmoudjahid.com\/fr\/actualites\/151574\">Cliquez ici pour lire l&rsquo;article depuis sa source.<\/a><\/p>\n","protected":false},"excerpt":{"rendered":"<p>Par ailleurs et conform\u00e9ment \u00e0 l\u2019ordre du jour de la r\u00e9union, il a \u00e9t\u00e9 proc\u00e9d\u00e9 \u00e0 la poursuite de la pr\u00e9sentation de plusieurs expos\u00e9s sectoriels li\u00e9s, essentiellement, \u00e0 la prise en charge des familles d\u00e9munies, la situation du march\u00e9 mondial des hydrocarbures, la r\u00e9forme \u00e9conomique concernant le secteur de l\u2019industrie et enfin, une communication se [&hellip;]<\/p>\n","protected":false},"author":1744,"featured_media":0,"comment_status":"closed","ping_status":"closed","sticky":false,"template":"","format":"standard","meta":{"fifu_image_url":"","fifu_image_alt":"","footnotes":""},"categories":[73,53],"tags":[],"class_list":["post-82607","post","type-post","status-publish","format-standard","hentry","category-actualite","category-algerie"],"_links":{"self":[{"href":"https:\/\/linitiative.ca\/International\/wp-json\/wp\/v2\/posts\/82607","targetHints":{"allow":["GET"]}}],"collection":[{"href":"https:\/\/linitiative.ca\/International\/wp-json\/wp\/v2\/posts"}],"about":[{"href":"https:\/\/linitiative.ca\/International\/wp-json\/wp\/v2\/types\/post"}],"author":[{"embeddable":true,"href":"https:\/\/linitiative.ca\/International\/wp-json\/wp\/v2\/users\/1744"}],"replies":[{"embeddable":true,"href":"https:\/\/linitiative.ca\/International\/wp-json\/wp\/v2\/comments?post=82607"}],"version-history":[{"count":0,"href":"https:\/\/linitiative.ca\/International\/wp-json\/wp\/v2\/posts\/82607\/revisions"}],"wp:attachment":[{"href":"https:\/\/linitiative.ca\/International\/wp-json\/wp\/v2\/media?parent=82607"}],"wp:term":[{"taxonomy":"category","embeddable":true,"href":"https:\/\/linitiative.ca\/International\/wp-json\/wp\/v2\/categories?post=82607"},{"taxonomy":"post_tag","embeddable":true,"href":"https:\/\/linitiative.ca\/International\/wp-json\/wp\/v2\/tags?post=82607"}],"curies":[{"name":"wp","href":"https:\/\/api.w.org\/{rel}","templated":true}]}}