{"id":82609,"date":"2020-04-16T06:33:54","date_gmt":"2020-04-16T10:33:54","guid":{"rendered":"https:\/\/linitiative.ca\/International\/104091-foot-covid19-les-contrats-des-joueurs-demeurent-valables-jusqu-a-la-fin-de-la-saison\/"},"modified":"2020-04-16T06:33:54","modified_gmt":"2020-04-16T10:33:54","slug":"104091-foot-covid19-les-contrats-des-joueurs-demeurent-valables-jusqu-a-la-fin-de-la-saison","status":"publish","type":"post","link":"https:\/\/linitiative.ca\/International\/104091-foot-covid19-les-contrats-des-joueurs-demeurent-valables-jusqu-a-la-fin-de-la-saison\/","title":{"rendered":"FAF-Covid19: les contrats des joueurs demeurent valables jusqu&rsquo;\u00e0 la fin de la saison"},"content":{"rendered":"<div readability=\"30.9375\">\n<p><strong>ALGER &#8211; La <em><a href=\"http:\/\/www.faf.dz\/covid-19-reunion-du-groupe-de-travail-sur-lapres-crise\/\" target=\"_blank\" rel=\"noopener noreferrer\">F\u00e9d\u00e9ration alg\u00e9rienne de football<\/a><\/em> (FAF) a annonc\u00e9 que les contrats des joueurs demeurent valables, jusqu\u2019\u00e0 la fin de l\u2019actuelle saison 2019-2020, suspendue depuis le 16 mars en raison de l\u2019\u00e9pid\u00e9mie du nouveau coronavirus (Covid-19).<\/strong><\/p>\n<\/div>\n<div readability=\"73.2215692503\">\n<p>\u00ab\u00a0Pour pr\u00e9server l\u2019int\u00e9grit\u00e9 de la comp\u00e9tition et les int\u00e9r\u00eats des clubs, les contrats des joueurs demeurent valables jusqu\u2019\u00e0 la fin de l\u2019actuelle saison 2019-2020, quelle que soit la mention dat\u00e9e ou non (fin de saison) sur lesdits contrats. Le nombre de joueurs en fin de contrat et concern\u00e9s par cette d\u00e9cision est de 200, dont 105 pour la Ligue 1 professionnelle et 95 pour la Ligue 2. Les joueurs en pr\u00eats sont au nombre de 9 (5 en Ligue 1 et 4 en Ligue 2\u00a0\u00bb, a indiqu\u00e9 l\u2019instance f\u00e9d\u00e9rale dans un <em><strong><a href=\"http:\/\/www.faf.dz\/wp-content\/uploads\/2020\/04\/COMMUNIQUE-COVID-19.pdf\" target=\"_blank\" rel=\"noopener noreferrer\">communiqu\u00e9<\/a><\/strong><\/em> publi\u00e9 mercredi sur son site officiel.<\/p>\n<p>Des sujets d\u2019ordre juridiques, r\u00e9glementaires, financiers et autres organisationnels, ont \u00e9t\u00e9 \u00e9voqu\u00e9s lors de la premi\u00e8re r\u00e9union d\u2019un groupe de travail, tenue mardi par vid\u00e9oconf\u00e9rence, sous la pr\u00e9sidence du premier responsable de l&rsquo;instance f\u00e9d\u00e9rale Kheireddine Zetchi, afin de prendre en charge les difficult\u00e9s n\u00e9es de la crise sanitaire du nouveau coronavirus (Covid-19).<\/p>\n<blockquote readability=\"11\">\n<p><em><strong>Concernant les contrats arrivant \u00e0 expiration \u00e0 la fin de la saison, ou les nouveaux contrats d\u00e9j\u00e0 sign\u00e9s, la FAF a affirm\u00e9 qu&rsquo;elle \u00ab\u00a0ent\u00e9rinera la suspension de la relation de travail entre les joueurs\/entra\u00eeneurs\/membres des staffs techniques et leurs clubs employeurs respectifs, en raison de la cessation de toute activit\u00e9 footballistique due \u00e0 un cas de force majeure qu\u2019est la pand\u00e9mie du Covid-19\u00a0\u00bb.<\/strong><\/em><\/p>\n<\/blockquote>\n<hr\/>\n<h3>Lire aussi:\u00a0<a href=\"http:\/\/www.aps.dz\/sport\/103958-football-algerie-un-groupe-de-travail-pour-gerer-les-difficultes-causees-par-le-covid-19\" target=\"_blank\" rel=\"noopener noreferrer\">Football: Un groupe de travail pour g\u00e9rer les difficult\u00e9s caus\u00e9es par le Covid-19<\/a><\/h3>\n<hr\/>\n<blockquote readability=\"10\">\n<p><em><strong>Pour \u00e9viter un \u00e9ventuel litige entre le joueur et le club sur l\u2019ex\u00e9cution d\u2019un contrat comme les parties l\u2019avaient initialement pr\u00e9vu , \u00ab\u00a0la FAF invite tous les clubs (employeurs) et les joueurs \u2013 entra\u00eeneurs (employ\u00e9s) \u00e0 collaborer et n\u00e9gocier pour trouver un accord \u00e9crit (dont une copie sera remise aux instances du football) relatif aux conditions de travail applicables pour la p\u00e9riode au cours de laquelle les comp\u00e9titions sont suspendues, et ce en pr\u00e9servant les int\u00e9r\u00eats des deux parties. Les n\u00e9gociations sont men\u00e9es sous l\u2019\u00e9gide de la Ligue de football professionnelle (LFP)\u00a0\u00bb.<\/strong><\/em><\/p>\n<\/blockquote>\n<p>Concernant la prochaine p\u00e9riode d\u2019enregistrement (mercato estival), l\u2019instance f\u00e9d\u00e9rale souligne qu\u2019elle \u00ab\u00a0sera adapt\u00e9e aux dates de fin de l\u2019actuelle saison 2019-2020 et le d\u00e9but de la prochaine saison (2020-2021), dans le respect de la dur\u00e9e de la limite maximale (\u00e0 savoir 16 semaines), pr\u00e9vue par la r\u00e9glementation. La FAF est donc autoris\u00e9e \u00e0 modifier les dates de la saison et de la p\u00e9riode d\u2019enregistrement -directement dans TMS et en la notifiant \u00e0 la FIFA-\u00ab\u00a0.<\/p>\n<p>Enfin, s\u2019agissant du volet relatif \u00e0 la reprise de la comp\u00e9tition, le groupe de travail a estim\u00e9 qu\u2019il \u00e9tait \u00ab\u00a0pr\u00e9matur\u00e9 de s\u2019y prononcer en l\u2019absence de visibilit\u00e9 sur le d\u00e9but de la p\u00e9riode de d\u00e9confinement et le retour graduel \u00e0 une vie normale. Toutefois, il a \u00e9t\u00e9 d\u00e9cid\u00e9 de charger la LFP de mettre en place une commission, \u00e0 laquelle se joindront la Direction technique nationale (DTN) et la Commission m\u00e9dicale f\u00e9d\u00e9rale de la FAF, pour \u00e9tudier la meilleure possibilit\u00e9 d\u2019\u00e9tablir un sc\u00e9nario de reprise de la comp\u00e9tition\u00a0\u00bb.<\/p>\n<\/div>\n<p>Auteur:<br \/>\n<a href=\"http:\/\/www.aps.dz\/sport\/104091-foot-covid19-les-contrats-des-joueurs-demeurent-valables-jusqu-a-la-fin-de-la-saison?utm_source=feedburner&#038;utm_medium=feed&#038;utm_campaign=Feed%3A+aps-sport+%28APS+-+SPORT%29\">Cliquez ici pour lire l&rsquo;article depuis sa source.<\/a><\/p>\n","protected":false},"excerpt":{"rendered":"<p>ALGER &#8211; La F\u00e9d\u00e9ration alg\u00e9rienne de football (FAF) a annonc\u00e9 que les contrats des joueurs demeurent valables, jusqu\u2019\u00e0 la fin de l\u2019actuelle saison 2019-2020, suspendue depuis le 16 mars en raison de l\u2019\u00e9pid\u00e9mie du nouveau coronavirus (Covid-19). \u00ab\u00a0Pour pr\u00e9server l\u2019int\u00e9grit\u00e9 de la comp\u00e9tition et les int\u00e9r\u00eats des clubs, les contrats des joueurs demeurent valables jusqu\u2019\u00e0 [&hellip;]<\/p>\n","protected":false},"author":1790,"featured_media":0,"comment_status":"closed","ping_status":"closed","sticky":false,"template":"","format":"standard","meta":{"fifu_image_url":"","fifu_image_alt":"","footnotes":""},"categories":[53,75],"tags":[],"class_list":["post-82609","post","type-post","status-publish","format-standard","hentry","category-algerie","category-sport"],"_links":{"self":[{"href":"https:\/\/linitiative.ca\/International\/wp-json\/wp\/v2\/posts\/82609","targetHints":{"allow":["GET"]}}],"collection":[{"href":"https:\/\/linitiative.ca\/International\/wp-json\/wp\/v2\/posts"}],"about":[{"href":"https:\/\/linitiative.ca\/International\/wp-json\/wp\/v2\/types\/post"}],"author":[{"embeddable":true,"href":"https:\/\/linitiative.ca\/International\/wp-json\/wp\/v2\/users\/1790"}],"replies":[{"embeddable":true,"href":"https:\/\/linitiative.ca\/International\/wp-json\/wp\/v2\/comments?post=82609"}],"version-history":[{"count":0,"href":"https:\/\/linitiative.ca\/International\/wp-json\/wp\/v2\/posts\/82609\/revisions"}],"wp:attachment":[{"href":"https:\/\/linitiative.ca\/International\/wp-json\/wp\/v2\/media?parent=82609"}],"wp:term":[{"taxonomy":"category","embeddable":true,"href":"https:\/\/linitiative.ca\/International\/wp-json\/wp\/v2\/categories?post=82609"},{"taxonomy":"post_tag","embeddable":true,"href":"https:\/\/linitiative.ca\/International\/wp-json\/wp\/v2\/tags?post=82609"}],"curies":[{"name":"wp","href":"https:\/\/api.w.org\/{rel}","templated":true}]}}