{"id":82610,"date":"2020-04-16T12:38:42","date_gmt":"2020-04-16T16:38:42","guid":{"rendered":"https:\/\/linitiative.ca\/International\/104110-covid-19-nouredine-morceli-en-faveur-de-l-ouverture-des-centres-de-preparation-des-sportifs-d-elite-apres-depistage\/"},"modified":"2020-04-16T12:38:42","modified_gmt":"2020-04-16T16:38:42","slug":"104110-covid-19-nouredine-morceli-en-faveur-de-l-ouverture-des-centres-de-preparation-des-sportifs-d-elite-apres-depistage","status":"publish","type":"post","link":"https:\/\/linitiative.ca\/International\/104110-covid-19-nouredine-morceli-en-faveur-de-l-ouverture-des-centres-de-preparation-des-sportifs-d-elite-apres-depistage\/","title":{"rendered":"Covid-19: Nouredine Morceli en faveur de l&rsquo;ouverture des centres de  pr\u00e9paration des sportifs d\u2019\u00e9lite apr\u00e8s d\u00e9pistage"},"content":{"rendered":"<div readability=\"36\">\n<p><strong>ALGER- Le secr\u00e9taire d&rsquo;Etat charg\u00e9 du sport d&rsquo;\u00e9lite, Nouredine Morceli a appel\u00e9 \u00e0 l\u2019ouverture des complexes sportifs pour permettre aux sportifs d\u2019\u00e9lite de continuer \u00e0 s\u2019entra\u00eener pendant le confinement induit par la pand\u00e9mie de Covid-19 \u00e0 condition de les soumettre aux tests de d\u00e9pistage.<\/strong><\/p>\n<\/div>\n<div readability=\"71.5\">\n<p>Dans un entretien \u00e0 l&rsquo;APS, le secr\u00e9taire d\u2019Etat a indiqu\u00e9 que \u00ab\u00a0les sportifs d&rsquo;\u00e9lite alg\u00e9riens, actuellement confin\u00e9s, continuent de s&rsquo;entra\u00eener \u00e0 domicile pour ceux qui le peuvent afin de maintenir leur condition physique, mais cela ne saurait se substituer \u00e0 la pr\u00e9paration au niveau des complexes sportifs\u00a0\u00bb.<\/p>\n<p>Aussi, a-t-il appel\u00e9 \u00e0 \u00ab\u00a0l&rsquo;ouverture des infrastructures sportives afin de permettre aux sportifs d&rsquo;\u00e9lite de continuer \u00e0 se pr\u00e9parer pendant le confinement d\u00e9cr\u00e9t\u00e9 en raison de la pand\u00e9mie de Covid-19\u00a0\u00bb, en insistant toutefois sur \u00ab\u00a0l&rsquo;imp\u00e9ratif de les soumettre aux tests de d\u00e9pistage et de mobiliser une \u00e9quipe m\u00e9dicale comme \u00e7a se fait dans certains pays tels que les Etats-Unis d&rsquo;Am\u00e9rique\u00a0\u00bb.<\/p>\n<blockquote readability=\"10\">\n<p><strong><em>\u00ab\u00a0La sant\u00e9 du citoyen et du sportif \u00e9tant \u00e0 la base tout, les autorit\u00e9s alg\u00e9riennes prendront toute d\u00e9cision \u00e0 m\u00eame de garantir l\u2019int\u00e9grit\u00e9 de tous\u00a0\u00bb, a-t-il soutenu, estimant que \u00ab\u00a0le sportif de haut niveau ne peut pas se permettre d&rsquo;interrompre ses entra\u00eenements et sa pr\u00e9paration\u00a0\u00bb.<\/em><\/strong><\/p>\n<\/blockquote>\n<p>Le secr\u00e9taire d\u2019Etat s\u2019est, par ailleurs, f\u00e9licit\u00e9 des campagnes de sensibilisation men\u00e9es par les sportifs alg\u00e9riens sur les r\u00e9seaux sociaux ou \u00e0 travers les initiatives humanitaires et les aides mat\u00e9rielles qu&rsquo;ils fournissent dans tout le pays.<\/p>\n<p>Selon lui, \u00ab\u00a0il est du devoir de chaque athl\u00e8te d&rsquo;aider avec ce qu\u2019il peut dans la conjoncture que traverse le pays\u00a0\u00bb.<\/p>\n<p>Concernant le report des Jeux olympiques de Tokyo (2020) et des Jeux m\u00e9diterran\u00e9ens d\u2019Oran (2021), M. Morceli a not\u00e9 que \u00ab\u00a0la conjoncture actuelle ne permet pas aux athl\u00e8tes du monde entier de se pr\u00e9parer dans de bonnes conditions\u00a0\u00bb. Le report de ces deux manifestations est somme toute logique et va dans l&rsquo;int\u00e9r\u00eat des sportifs, a-t-il consid\u00e9r\u00e9.<\/p>\n<p>Pour conclure, le secr\u00e9taire d\u2019Etat charg\u00e9 du sport d&rsquo;\u00e9lite a adress\u00e9 un message aux sportifs alg\u00e9riens les invitant \u00e0 faire preuve de patience et de d\u00e9termination dans la conjoncture que traverse le pays et \u00e0 poursuivre leurs activit\u00e9s sportives pour garder la forme.<\/p>\n<\/div>\n<p>Auteur:<br \/>\n<a href=\"http:\/\/www.aps.dz\/sport\/104110-covid-19-nouredine-morceli-en-faveur-de-l-ouverture-des-centres-de-preparation-des-sportifs-d-elite-apres-depistage?utm_source=feedburner&#038;utm_medium=feed&#038;utm_campaign=Feed%3A+aps-sport+%28APS+-+SPORT%29\">Cliquez ici pour lire l&rsquo;article depuis sa source.<\/a><\/p>\n","protected":false},"excerpt":{"rendered":"<p>ALGER- Le secr\u00e9taire d&rsquo;Etat charg\u00e9 du sport d&rsquo;\u00e9lite, Nouredine Morceli a appel\u00e9 \u00e0 l\u2019ouverture des complexes sportifs pour permettre aux sportifs d\u2019\u00e9lite de continuer \u00e0 s\u2019entra\u00eener pendant le confinement induit par la pand\u00e9mie de Covid-19 \u00e0 condition de les soumettre aux tests de d\u00e9pistage. Dans un entretien \u00e0 l&rsquo;APS, le secr\u00e9taire d\u2019Etat a indiqu\u00e9 que [&hellip;]<\/p>\n","protected":false},"author":1790,"featured_media":0,"comment_status":"closed","ping_status":"closed","sticky":false,"template":"","format":"standard","meta":{"fifu_image_url":"","fifu_image_alt":"","footnotes":""},"categories":[53,75],"tags":[],"class_list":["post-82610","post","type-post","status-publish","format-standard","hentry","category-algerie","category-sport"],"_links":{"self":[{"href":"https:\/\/linitiative.ca\/International\/wp-json\/wp\/v2\/posts\/82610","targetHints":{"allow":["GET"]}}],"collection":[{"href":"https:\/\/linitiative.ca\/International\/wp-json\/wp\/v2\/posts"}],"about":[{"href":"https:\/\/linitiative.ca\/International\/wp-json\/wp\/v2\/types\/post"}],"author":[{"embeddable":true,"href":"https:\/\/linitiative.ca\/International\/wp-json\/wp\/v2\/users\/1790"}],"replies":[{"embeddable":true,"href":"https:\/\/linitiative.ca\/International\/wp-json\/wp\/v2\/comments?post=82610"}],"version-history":[{"count":0,"href":"https:\/\/linitiative.ca\/International\/wp-json\/wp\/v2\/posts\/82610\/revisions"}],"wp:attachment":[{"href":"https:\/\/linitiative.ca\/International\/wp-json\/wp\/v2\/media?parent=82610"}],"wp:term":[{"taxonomy":"category","embeddable":true,"href":"https:\/\/linitiative.ca\/International\/wp-json\/wp\/v2\/categories?post=82610"},{"taxonomy":"post_tag","embeddable":true,"href":"https:\/\/linitiative.ca\/International\/wp-json\/wp\/v2\/tags?post=82610"}],"curies":[{"name":"wp","href":"https:\/\/api.w.org\/{rel}","templated":true}]}}