{"id":82611,"date":"2020-04-16T02:05:31","date_gmt":"2020-04-16T06:05:31","guid":{"rendered":"https:\/\/linitiative.ca\/International\/marches-publics-suspension-des-penalites-de-retard-pour-les-entreprises\/"},"modified":"2020-04-16T02:05:31","modified_gmt":"2020-04-16T06:05:31","slug":"marches-publics-suspension-des-penalites-de-retard-pour-les-entreprises","status":"publish","type":"post","link":"https:\/\/linitiative.ca\/International\/marches-publics-suspension-des-penalites-de-retard-pour-les-entreprises\/","title":{"rendered":"March\u00e9s publics : Suspension des p\u00e9nalit\u00e9s de retard pour les entreprises"},"content":{"rendered":"<h4 class=\"title-14\"\/>\n<div class=\"featured_image\"><img loading=\"lazy\" decoding=\"async\" width=\"800\" height=\"445\" src=\"https:\/\/www.elwatan.com\/wp-content\/uploads\/2020\/04\/marche-col.jpg\" class=\"attachment-post-thumbnail size-post-thumbnail wp-post-image\" alt=\"\" srcset=\"https:\/\/www.elwatan.com\/wp-content\/uploads\/2020\/04\/marche-col.jpg 800w, https:\/\/www.elwatan.com\/wp-content\/uploads\/2020\/04\/marche-col-300x167.jpg 300w, https:\/\/www.elwatan.com\/wp-content\/uploads\/2020\/04\/marche-col-768x427.jpg 768w\" sizes=\"auto, (max-width: 800px) 100vw, 800px\"\/><\/div>\n<p class=\"p3\"><span class=\"s5\"><strong>A<\/strong><\/span><span class=\"s6\">pr\u00e8s l\u2019instruction envoy\u00e9e hier aux membres de son gouvernement, portant sur une large concertation avec le patronat et les syndicats pour pr\u00e9server l\u2019entreprise et l\u2019emploi, le Premier ministre, Abdelaziz Djerad, qui anticipe et passe \u00e0 l\u2019action, a d\u00e9cid\u00e9 hier de la suspension de l\u2019application des p\u00e9nalit\u00e9s de retard pour les entreprises, afin d\u2019att\u00e9nuer les effets des mesures de pr\u00e9vention et de lutte contre l\u2019\u00e9pid\u00e9mie de Covid-19 sur l\u2019outil national de r\u00e9alisation.<\/span><\/p>\n<p class=\"p3\"><span class=\"s6\">Dans une seconde instruction diffus\u00e9e par l\u2019APS, Abdelaziz Djerad mesure l\u2019extr\u00eame urgence de venir en aide aux op\u00e9rateurs \u00e9conomiques. <em>\u00abConscient de la responsabilit\u00e9 qui lui incombe pour prot\u00e9ger son tissu industriel<\/em>, indique-t-il, <em>le gouvernement, en application des directives du pr\u00e9sident de la R\u00e9publique, Abdelmadjid Tebboune, a pris des mesures d\u2019ordre fiscal, parafiscal et d\u2019emprunts afin de soutenir les entreprises en difficult\u00e9 suite \u00e0 la crise sanitaire \u00e0 laquelle fait face notre pays.\u00bb<\/em><\/span><\/p>\n<p class=\"p3\"><span class=\"s6\">Le document du Premier minist\u00e8re, qui a \u00e9t\u00e9 transmis aussi bien aux membres du gouvernement qu\u2019aux walis, met l\u2019accent sur l\u2019\u00e9volution de la situation sanitaire li\u00e9e \u00e0 l\u2019\u00e9pid\u00e9mie de Covid-19 et les effets induits par les mesures de pr\u00e9vention et de lutte contre cette \u00e9pid\u00e9mie ont <em>\u00abimpact\u00e9 n\u00e9gativement l\u2019outil national de r\u00e9alisation, qui subit de plein fouet le ralentissement de son activit\u00e9 en raison du retard d\u2019approvisionnement en mat\u00e9riaux et en mati\u00e8res premi\u00e8res et de l\u2019indisponibilit\u00e9 de la main-d\u2019\u0153uvre en raison de la suspension temporaire des moyens de transport\u00bb.<\/em><\/span><\/p>\n<p class=\"p3\"><span class=\"s6\"><em>\u00abPour ne pas p\u00e9naliser les entreprises, se trouvant dans l\u2019impossibilit\u00e9 d\u2019assurer la r\u00e9alisation des travaux et prestations pr\u00e9vus, il est fait application des dispositions de l\u2019article 147 du d\u00e9cret pr\u00e9sidentiel n\u00b0 15-247 du 16 septembre 2015, portant r\u00e9glementation des march\u00e9s publics et des d\u00e9l\u00e9gations de service public\u00bb<\/em>.<\/span><\/p>\n<p class=\"p3\"><span class=\"s6\">Cet article pr\u00e9voit, selon la m\u00eame source, <em>\u00abla suspension des d\u00e9lais contractuels et la non-application des p\u00e9nalit\u00e9s financi\u00e8res de retard, dans la limite fix\u00e9e par les ordres d\u2019arr\u00eat et de reprise de services pris en cons\u00e9quence par le service contractant\u00bb<\/em>. Ainsi, l\u2019instruction du Premier ministre affirme que <em>\u00abpour tous les march\u00e9s publics de l\u2019Etat, des collectivit\u00e9s locales, des organismes et \u00e9tablissements publics, les p\u00e9nalit\u00e9s de retard ne seront pas appliqu\u00e9es, \u00e0 compter de la date de publication du d\u00e9cret ex\u00e9cutif n\u00b0 20-69 du 21 mars 2020, relatif aux mesures de pr\u00e9vention et de lutte contre la propagation du coronavirus\u00bb<\/em>.<\/span><\/p>\n<p class=\"p3\"><span class=\"s6\">Il est pr\u00e9cis\u00e9 en effet que <em>\u00ables dispositions de l\u2019article 147 du code des march\u00e9s<\/em> publics, doivent \u00eatre appliqu\u00e9es par les ma\u00eetres d\u2019ouvrage, sur demande des entreprises contractantes.<\/span><\/p>\n<p class=\"p3\"><span class=\"s6\">Afin d\u2019amortir les cons\u00e9quences financi\u00e8res de cette crise sur les entreprises publiques et priv\u00e9es de r\u00e9alisation et sur l\u2019emploi, Abdelaziz Djerad a charg\u00e9 le ministre des Finances de d\u00e9gager et de notifier, sous le sceau de l\u2019urgence, aux diff\u00e9rents ma\u00eetres d\u2019ouvrage, les cr\u00e9dits de paiement et les r\u00e9\u00e9valuations n\u00e9cessaires au paiement des cr\u00e9ances d\u00e9tenues par ces entreprises au titre de la commande publique<strong>\u00bb<\/strong>.<\/span><\/p>\n<p class=\"p3\"><span class=\"s6\">D\u2019autres mesures seront prises, laisse entendre l\u2019instruction du Premier ministre, qui indique que <em>\u00able gouvernement continuera d\u2019examiner l\u2019ensemble des voies et moyens permettant de r\u00e9pondre aux difficult\u00e9s que les entreprises alg\u00e9riennes rencontrent en raison de la crise sanitaire\u00bb<\/em>. Abdelaziz Djerad affirme attacher <em>\u00abla plus haute importance \u00e0 l\u2019application rigoureuse et diligente de la pr\u00e9sente instruction\u00bb. <span class=\"Apple-converted-space\">\u00a0 \u00a0\u00a0<\/span><\/em><\/span><\/p>\n<p><span class=\"post-views-label\">Post Views:<\/span> <span class=\"post-views-count\">558<\/span><\/p>\n<p><br class=\"c2\"\/><br class=\"c5\"\/><\/p>\n<p>Auteur: Anis Khecheba<br \/>\n<a href=\"https:\/\/www.elwatan.com\/edition\/economie\/marches-publics-suspension-des-penalites-de-retard-pour-les-entreprises-16-04-2020\">Cliquez ici pour lire l&rsquo;article depuis sa source.<\/a><\/p>\n","protected":false},"excerpt":{"rendered":"<p>Apr\u00e8s l\u2019instruction envoy\u00e9e hier aux membres de son gouvernement, portant sur une large concertation avec le patronat et les syndicats pour pr\u00e9server l\u2019entreprise et l\u2019emploi, le Premier ministre, Abdelaziz Djerad, qui anticipe et passe \u00e0 l\u2019action, a d\u00e9cid\u00e9 hier de la suspension de l\u2019application des p\u00e9nalit\u00e9s de retard pour les entreprises, afin d\u2019att\u00e9nuer les effets [&hellip;]<\/p>\n","protected":false},"author":1743,"featured_media":0,"comment_status":"closed","ping_status":"closed","sticky":false,"template":"","format":"standard","meta":{"fifu_image_url":"","fifu_image_alt":"","footnotes":""},"categories":[73,53],"tags":[],"class_list":["post-82611","post","type-post","status-publish","format-standard","hentry","category-actualite","category-algerie"],"_links":{"self":[{"href":"https:\/\/linitiative.ca\/International\/wp-json\/wp\/v2\/posts\/82611","targetHints":{"allow":["GET"]}}],"collection":[{"href":"https:\/\/linitiative.ca\/International\/wp-json\/wp\/v2\/posts"}],"about":[{"href":"https:\/\/linitiative.ca\/International\/wp-json\/wp\/v2\/types\/post"}],"author":[{"embeddable":true,"href":"https:\/\/linitiative.ca\/International\/wp-json\/wp\/v2\/users\/1743"}],"replies":[{"embeddable":true,"href":"https:\/\/linitiative.ca\/International\/wp-json\/wp\/v2\/comments?post=82611"}],"version-history":[{"count":0,"href":"https:\/\/linitiative.ca\/International\/wp-json\/wp\/v2\/posts\/82611\/revisions"}],"wp:attachment":[{"href":"https:\/\/linitiative.ca\/International\/wp-json\/wp\/v2\/media?parent=82611"}],"wp:term":[{"taxonomy":"category","embeddable":true,"href":"https:\/\/linitiative.ca\/International\/wp-json\/wp\/v2\/categories?post=82611"},{"taxonomy":"post_tag","embeddable":true,"href":"https:\/\/linitiative.ca\/International\/wp-json\/wp\/v2\/tags?post=82611"}],"curies":[{"name":"wp","href":"https:\/\/api.w.org\/{rel}","templated":true}]}}