{"id":82614,"date":"2020-04-16T02:15:51","date_gmt":"2020-04-16T06:15:51","guid":{"rendered":"https:\/\/linitiative.ca\/International\/des-professionnels-de-sante-appellent-a-securiser-les-malades-chroniques\/"},"modified":"2020-04-16T02:15:51","modified_gmt":"2020-04-16T06:15:51","slug":"des-professionnels-de-sante-appellent-a-securiser-les-malades-chroniques","status":"publish","type":"post","link":"https:\/\/linitiative.ca\/International\/des-professionnels-de-sante-appellent-a-securiser-les-malades-chroniques\/","title":{"rendered":"Des professionnels de sant\u00e9 appellent \u00e0 s\u00e9curiser les malades chroniques"},"content":{"rendered":"<h4 class=\"title-14\">Hospitalisation des patients atteints de Covid-19 en intra-service<\/h4>\n<div class=\"featured_image\"><img loading=\"lazy\" decoding=\"async\" width=\"700\" height=\"350\" src=\"https:\/\/www.elwatan.com\/wp-content\/uploads\/2020\/04\/MALADES.jpg\" class=\"attachment-post-thumbnail size-post-thumbnail wp-post-image\" alt=\"\" srcset=\"https:\/\/www.elwatan.com\/wp-content\/uploads\/2020\/04\/MALADES.jpg 700w, https:\/\/www.elwatan.com\/wp-content\/uploads\/2020\/04\/MALADES-300x150.jpg 300w\" sizes=\"auto, (max-width: 700px) 100vw, 700px\"\/><\/div>\n<p class=\"p4\"><span class=\"s4\"><strong>D<\/strong><\/span><span class=\"s5\">e nombreux sp\u00e9cialistes redoutent la multiplication de cas de contamination de l\u2019infection virale et un croisement d\u2019infections au sein des h\u00f4pitaux, o\u00f9 des lits pour les patients atteints du Covid-19 ont \u00e9t\u00e9 lib\u00e9r\u00e9s sans les pr\u00e9cautions requises au pr\u00e9alable pour prot\u00e9ger les malades non infect\u00e9s.<\/span><\/p>\n<p class=\"p5\"><span class=\"s5\">Pourtant, le dispositif de prise de patients atteints du Covid-19 pr\u00e9voit des dispositions claires \u00e0 ce sujet. <em>\u00abPour pr\u00e9venir une \u00e9ventuelle propagation dans un \u00e9tablissement hospitalier, le patient doit \u00eatre imm\u00e9diatement mis en isolement respiratoire, dans une chambre individuelle, chambre double ou en salle commune d\u00e9di\u00e9e aux patients atteints du Covid-19, les autres patients pr\u00e9sents dans le service doivent \u00eatre \u00e9loign\u00e9s ou transf\u00e9r\u00e9s vers une autre structure\u00bb<\/em>, lit-on dans la note envoy\u00e9e \u00e0 tous les \u00e9tablissements de sant\u00e9 publique faisant obligation de d\u00e9gager un lit dans chaque service, puis 10 lits vu l\u2019augmentation du nombre de cas.<\/span><\/p>\n<p class=\"p5\"><span class=\"s5\"><em>\u00abCertains \u00e9tablissements ont effectivement respect\u00e9 les recommandations du minist\u00e8re de la Sant\u00e9 en mettant en place un service Covid, d\u00e9di\u00e9 exclusivement \u00e0 cette maladie sans les autres patients. Comme il a \u00e9t\u00e9 aussi pr\u00e9conis\u00e9 des acc\u00e8s diff\u00e9rents dans certains services o\u00f9 les malades non infect\u00e9s \u00e9taient contraints de rester dans ces services\u00bb<\/em>, rel\u00e8vent des praticiens qui s\u2019inqui\u00e8tent pour leurs patients.<\/span><\/p>\n<p class=\"p5\"><span class=\"s5\">Contrairement \u00e0 cette organisation, des structures dont l\u2019architecture ne permet pas de s\u00e9parer les patients ont quand m\u00eame hospitalis\u00e9 des personnes atteintes de Covid-19 sans prendre en compte la s\u00e9curit\u00e9 des autres malades. <em>\u00abOutre les malades hospitalis\u00e9s pour diverses pathologies dans d\u2019autres sp\u00e9cialit\u00e9s, nos patients sont renvoy\u00e9s malgr\u00e9 les cas d\u2019urgence, il nous est impossible d\u2019assurer une consultation sachant que le risque d\u2019\u00eatre contamin\u00e9 est important d\u00e8s l\u2019acc\u00e8s au service\u00bb<\/em>, d\u00e9plore un sp\u00e9cialiste, qui reproche \u00e0 son administration de ne pas avoir pris les dispositions n\u00e9cessaires pour une meilleure organisation de la prise en charge des malades.<\/span><\/p>\n<p class=\"p5\"><span class=\"s5\">Plusieurs services dans les principaux CHU d\u2019Alger ont \u00e9t\u00e9 mobilis\u00e9s et ont lib\u00e9r\u00e9 des places pour l\u2019hospitalisation des cas de Covid-19, b\u00e9nins, mod\u00e9r\u00e9s ou s\u00e9v\u00e8res et mis sous traitement. Une organisation que le P<sup>r<\/sup> Mansour Brouri, ex-chef de service de m\u00e9decine interne \u00e0 Birtraria qui appel\u00e9 \u00e0 revoir cette organisation, conteste par le fait d\u2019avoir mis des malades atteints de Covid-19 dans les m\u00eames services, \u00e0 c\u00f4t\u00e9 d\u2019autres malades hospitalis\u00e9s, m\u00eame si cela a \u00e9t\u00e9 dans une aile s\u00e9par\u00e9e.<\/span><\/p>\n<p class=\"p5\"><span class=\"s5\"><em>\u00abIl ne faut pas oublier que ce sont des malades chroniques qui sont fragiles et sujets \u00e0 risque au Covid-19.\u00bb<\/em> Et d\u2019ajouter : <em>\u00abJe pense qu\u2019on aurait d\u00fb pr\u00e9parer des h\u00f4pitaux exclusivement d\u00e9di\u00e9s \u00e0 la prise en charge des personnes atteintes de Covid-19, au moins dans un premier temps, dans certaines grandes villes, et transf\u00e9rer les autres activit\u00e9s vers d\u2019autres structures hospitali\u00e8res, et ce n\u2019est pas trop tard. Cela rassurera les malades ainsi que le personnel m\u00e9dical et param\u00e9dical.\u00bb<\/em><\/span><\/p>\n<p class=\"p5\"><span class=\"s5\">Ce qui permettra, selon lui, de centraliser les urgences en cas d\u2019aggravation de la situation. Et de d\u00e9plorer : <em>\u00abL\u2019hospitalisation de plusieurs agents de s\u00e9curit\u00e9, des infirmiers et infirmi\u00e8res contamin\u00e9s dans un h\u00f4pital d\u2019Alger a donn\u00e9 raison \u00e0 ces personnels param\u00e9dicaux, qui ont r\u00e9agi contre ce type de regroupement \u00e0 tr\u00e8s haut risque d\u00e9cid\u00e9 par leur chef de service et l\u2019administration.\u00bb<\/em><\/span><\/p>\n<p class=\"p5\"><span class=\"s5\">Le P<sup>r<\/sup> Nibouche, chef de service de cardiologie \u00e0 l\u2019h\u00f4pital Parnet, \u00e0 Alger, rappelle que la d\u00e9cision d\u2019affecter un service \u00e0 cette \u00e9pid\u00e9mie rel\u00e8ve des comp\u00e9tences de l\u2019\u00e9quipe des \u00e9pid\u00e9miologistes.<\/span><\/p>\n<p class=\"p5\"><span class=\"s5\"><em>\u00abC\u2019est aux \u00e9pid\u00e9miologistes de valider ou non selon des crit\u00e8res bien \u00e9tablis\u00bb<\/em>, a-t-il not\u00e9, avant de rejeter cat\u00e9goriquement la mise en place des unit\u00e9s individualis\u00e9es mais intra-service. <em>\u00abNous devons mettre \u00e0 l\u2019abri les malades non infect\u00e9s qui sont immunod\u00e9prim\u00e9s du fait de leurs maladies chroniques, telles que les maladies cardiovasculaires.<\/em><\/span><\/p>\n<p class=\"p5\"><span class=\"s5\"><em>Ils pr\u00e9sentent tous les facteurs de risque, on doit assurer leur s\u00e9curit\u00e9. Il est plut\u00f4t plus raisonnable de lib\u00e9rer tout le service et le d\u00e9dier totalement au Covid-19, si la structure s\u2019y pr\u00eate, et transf\u00e9rer les autres malades vers une autre structure\u00bb<\/em>, a-t-il indiqu\u00e9. Et d\u2019appeler \u00e0 assurer la s\u00e9curit\u00e9 aux patients et aux personnels de sant\u00e9.<span class=\"Apple-converted-space\">\u00a0<\/span><\/span><\/p>\n<p><span class=\"post-views-label\">Post Views:<\/span> <span class=\"post-views-count\">5\u00a0110<\/span><\/p>\n<p><br class=\"c2\"\/><br class=\"c5\"\/><\/p>\n<p>Auteur: Anis Khecheba<br \/>\n<a href=\"https:\/\/www.elwatan.com\/edition\/actualite\/des-professionnels-de-sante-appellent-a-securiser-les-malades-chroniques-16-04-2020\">Cliquez ici pour lire l&rsquo;article depuis sa source.<\/a><\/p>\n","protected":false},"excerpt":{"rendered":"<p>Hospitalisation des patients atteints de Covid-19 en intra-service De nombreux sp\u00e9cialistes redoutent la multiplication de cas de contamination de l\u2019infection virale et un croisement d\u2019infections au sein des h\u00f4pitaux, o\u00f9 des lits pour les patients atteints du Covid-19 ont \u00e9t\u00e9 lib\u00e9r\u00e9s sans les pr\u00e9cautions requises au pr\u00e9alable pour prot\u00e9ger les malades non infect\u00e9s. Pourtant, le [&hellip;]<\/p>\n","protected":false},"author":1743,"featured_media":0,"comment_status":"closed","ping_status":"closed","sticky":false,"template":"","format":"standard","meta":{"fifu_image_url":"","fifu_image_alt":"","footnotes":""},"categories":[73,53],"tags":[],"class_list":["post-82614","post","type-post","status-publish","format-standard","hentry","category-actualite","category-algerie"],"_links":{"self":[{"href":"https:\/\/linitiative.ca\/International\/wp-json\/wp\/v2\/posts\/82614","targetHints":{"allow":["GET"]}}],"collection":[{"href":"https:\/\/linitiative.ca\/International\/wp-json\/wp\/v2\/posts"}],"about":[{"href":"https:\/\/linitiative.ca\/International\/wp-json\/wp\/v2\/types\/post"}],"author":[{"embeddable":true,"href":"https:\/\/linitiative.ca\/International\/wp-json\/wp\/v2\/users\/1743"}],"replies":[{"embeddable":true,"href":"https:\/\/linitiative.ca\/International\/wp-json\/wp\/v2\/comments?post=82614"}],"version-history":[{"count":0,"href":"https:\/\/linitiative.ca\/International\/wp-json\/wp\/v2\/posts\/82614\/revisions"}],"wp:attachment":[{"href":"https:\/\/linitiative.ca\/International\/wp-json\/wp\/v2\/media?parent=82614"}],"wp:term":[{"taxonomy":"category","embeddable":true,"href":"https:\/\/linitiative.ca\/International\/wp-json\/wp\/v2\/categories?post=82614"},{"taxonomy":"post_tag","embeddable":true,"href":"https:\/\/linitiative.ca\/International\/wp-json\/wp\/v2\/tags?post=82614"}],"curies":[{"name":"wp","href":"https:\/\/api.w.org\/{rel}","templated":true}]}}