{"id":82615,"date":"2020-04-16T02:20:10","date_gmt":"2020-04-16T06:20:10","guid":{"rendered":"https:\/\/linitiative.ca\/International\/lepidemie-de-covid-19-se-stabilise-apres-20-jours-de-confinement-total-blida-respire-mieux\/"},"modified":"2020-04-16T02:20:10","modified_gmt":"2020-04-16T06:20:10","slug":"lepidemie-de-covid-19-se-stabilise-apres-20-jours-de-confinement-total-blida-respire-mieux","status":"publish","type":"post","link":"https:\/\/linitiative.ca\/International\/lepidemie-de-covid-19-se-stabilise-apres-20-jours-de-confinement-total-blida-respire-mieux\/","title":{"rendered":"L\u2019\u00e9pid\u00e9mie de covid-19 se stabilise apr\u00e8s 20 jours de confinement total : Blida respire mieux"},"content":{"rendered":"<h4 class=\"title-14\"\/>\n<div class=\"featured_image\"><img loading=\"lazy\" decoding=\"async\" width=\"1000\" height=\"478\" src=\"https:\/\/www.elwatan.com\/wp-content\/uploads\/2020\/04\/BLIDA.jpg\" class=\"attachment-post-thumbnail size-post-thumbnail wp-post-image\" alt=\"L\u2019\u00e9pid\u00e9mie de covid-19 se stabilise apr\u00e8s 20 jours de confinement total : Blida respire mieux\" srcset=\"https:\/\/www.elwatan.com\/wp-content\/uploads\/2020\/04\/BLIDA.jpg 1000w, https:\/\/www.elwatan.com\/wp-content\/uploads\/2020\/04\/BLIDA-300x143.jpg 300w, https:\/\/www.elwatan.com\/wp-content\/uploads\/2020\/04\/BLIDA-768x367.jpg 768w\" sizes=\"auto, (max-width: 1000px) 100vw, 1000px\"\/><\/div>\n<p class=\"p1\"><strong>Blida continue d\u2019enterrer ses morts en silence, m\u00eame si leur nombre est en constante baisse, assure-t-on. Ces d\u00e9c\u00e8s et le confinement total, malgr\u00e9 ses nombreux bienfaits, p\u00e8sent lourd sur l\u2019\u00e9tat psychologique des Blid\u00e9ens.<\/strong><\/p>\n<p class=\"p1\"><span class=\"s1\">M<\/span><span class=\"s2\">ardi soir, des photos circulant sur les r\u00e9seaux sociaux montraient l\u2019accalmie \u00e0 l\u2019h\u00f4pital Brahim Tirichine de Blida. D\u2019habitude bond\u00e9e de monde sur fond retentissement des sir\u00e8nes d\u2019ambulances depuis le d\u00e9but de la pand\u00e9mie, la cour de cet \u00e9tablissement hospitalier \u00e9tait quasiment vide et le service des urgences n\u2019\u00e9tait plus d\u00e9bord\u00e9. Le chef de permanence, ce jour-l\u00e0, confirme\u00a0: \u00ab<em>Effectivement, c\u2019est du jamais vu depuis un mois\u00a0!\u00a0Pourvu que cela dure\u2026<\/em>\u00bb<\/span><\/p>\n<p class=\"p1\"><span class=\"s2\">Quelques heures auparavant, des m\u00e9decins au service r\u00e9animation du Chu Frantz Fanon confirmaient, eux aussi, la \u00abtendance\u00bb. <em>\u00ab\u00a0Il y a de moins en moins de cas graves n\u00e9cessitant une r\u00e9animation. Et aussi, il y a beaucoup de cas de gu\u00e9rison<\/em>\u00a0\u00bb, ont-ils insist\u00e9. Et dire qu\u2019il y a une quinzaine de jours, le service r\u00e9animation du Chu de Blida enregistrait 17 d\u00e9c\u00e8s (un pic) en une journ\u00e9e. Ces derniers jours, le chiffre ne passe pas les cinq d\u00e9c\u00e8s.<\/span><\/p>\n<p class=\"p4\"><span class=\"s2\">Adel Boudahdir, m\u00e9decin r\u00e9animateur au CHU Frantz Fanon, a \u00e9crit mardi sur son compte Facebook\u00a0: \u00ab<em>L\u2019heure de la victoire approche. Restez juste chez vous\u2026<\/em>\u00bb Est-ce le d\u00e9but de la fin\u00a0tant esp\u00e9r\u00e9e par la population\u00a0? Les m\u00e9decins semblent optimistes, mais insistent toujours sur le confinement. \u00ab<em>Tant qu\u2019on respecte les r\u00e8gles de confinement et d\u2019hygi\u00e8ne, on peut esp\u00e9rer une remarquable am\u00e9lioration de la situation dans les jours \u00e0 venir. Sinon, le m\u00eame sc\u00e9nario risque de se produire car le virus est toujours l\u00e0 et peut facilement se propager si on lui en donne l\u2019occasion.\u00bb<\/em><\/span><\/p>\n<p class=\"p4\"><span class=\"s2\">Toutefois, des communes qui \u00e9taient, au d\u00e9but de la pand\u00e9mie, \u00e9pargn\u00e9es par le coronavirus, connaissent une augmentation inqui\u00e9tante des cas positifs et des d\u00e9c\u00e8s, comme c\u2019est le cas \u00e0 Mouza\u00efa et sa r\u00e9gion, \u00e0 l\u2019ouest de Blida, ou \u00e0 Bougara, \u00e0 l\u2019est de la wilaya. Le pr\u00e9sident de l\u2019APC de Bougara a d\u2019ailleurs pris l\u2019initiative de sensibiliser r\u00e9guli\u00e8rement la population de sa commune, surtout les jeunes, quant \u00e0 la n\u00e9cessit\u00e9 de se confiner pour \u00e9viter la propagation du virus.<\/span><\/p>\n<p class=\"p4\"><span class=\"s2\">A travers des vid\u00e9os qu\u2019il poste sur les r\u00e9seaux sociaux, il les appelle \u00e0 \u00e9viter les regroupements et les sorties sans raison valable sous peine de fortes sanctions. \u00ab<em>A Bougara, les jeunes sont tr\u00e8s r\u00e9calcitrants et pensent que la maladie n\u2019arrive qu\u2019aux autres. Beaucoup de jeunes ne veulent surtout pas rester confin\u00e9s chez eux, malheureusement\u00bb,<\/em> regrette une journaliste habitant la localit\u00e9.<\/span><\/p>\n<p class=\"p4\"><strong><span class=\"s2\">Le calvaire des journaliers<\/span><\/strong><\/p>\n<p class=\"p4\"><span class=\"s2\">Les journaliers peinent \u00e0 joindre les deux bouts depuis le d\u00e9but du confinement total, il y a environ un mois. Et ce sont surtout les personnes activant dans les m\u00e9tiers et pay\u00e9s \u00e0 la journ\u00e9e qui sont les plus touch\u00e9es. \u00ab<em>D\u2019habitude, mon emploi du temps est tr\u00e8s charg\u00e9 \u00e0 la veille du Ramadhan. A Blida, il y a beaucoup de familles qui ont comme habitude d\u2019effectuer le grand nettoyage au mois de Cha\u00e2bane et font appel aux peintres.<\/em><\/span><\/p>\n<p class=\"p4\"><span class=\"s2\"><em>C\u2019est la p\u00e9riode o\u00f9 les peintres se frottent les mains et gagnent le plus d\u2019argent. Cette ann\u00e9e, l\u2019exception est dure pour nous. Me concernant, je compte sur la solidarit\u00e9 familiale pour joindre les deux bouts. Mais jusqu\u2019\u00e0 quand\u00a0?\u00bb,<\/em> s\u2019interroge un peintre d\u2019un air craintif. \u00ab<em>Je n\u2019ai gagn\u00e9 aucun sou depuis plus d\u2019un mois et l\u00e0 je me retrouve livr\u00e9 \u00e0 moi-m\u00eame. La pand\u00e9mie ne va pas dispara\u00eetre du jour au lendemain malheureusement\u00bb,<\/em> ajoute un plombier.<\/span><\/p>\n<p class=\"p4\"><span class=\"s2\">Les femmes pr\u00e9paratrices de p\u00e2tisserie orientales, notamment pour les f\u00eates de mariage, n\u2019ont jamais connu une crise pareille. Confinement oblige et interdiction de tout regroupement jusqu\u2019\u00e0 nouvel ordre, le retour des f\u00eates et c\u00e9r\u00e9monies n\u2019est pas donc pour demain. Seule exception\u00a0: les confectionneuses et couturi\u00e8res sont les plus demand\u00e9es en ces temps exceptionnels.<\/span><\/p>\n<p class=\"p4\"><span class=\"s2\">Ainsi, des ateliers de couture ne ch\u00f4ment pas\u00a0; ils se sp\u00e9cialisent, depuis un certain temps, dans la confection de bavettes et de combinaisons pour le personnel hospitalier. La demande est pressante et l\u2019offre ne suffit plus. Les propri\u00e9taires de ces ateliers lancent souvent des offres d\u2019emploi temporaires de couturi\u00e8res dans le cadre de la sous-traitance. Et ces derni\u00e8res travaillent \u00e0 partir de leurs domiciles.<\/span><\/p>\n<p class=\"p4\"><span class=\"s2\">Blida continue d\u2019enterrer ses morts en silence, m\u00eame si leur nombre est en constante baisse, assure-t-on. Ces d\u00e9c\u00e8s et le confinement total, malgr\u00e9 ses nombreux bienfaits, p\u00e8sent lourd sur l\u2019\u00e9tat psychologique des Blid\u00e9ens. Les d\u00e9placements intercommunaux sont toujours interdits, sauf autorisation d\u00e9livr\u00e9e par les autorit\u00e9s comp\u00e9tentes pour des motifs professionnels ou d\u2019urgence.<\/span><\/p>\n<p class=\"p4\"><span class=\"s2\">Et pour d\u00e9courager les Blid\u00e9ens \u00e0 rouler en voiture et rester confiner, les stations-service sont quasiment toutes ferm\u00e9es. A Blida et sa p\u00e9riph\u00e9rie, une seule station est op\u00e9rationnelle. Aussi, plus de 1000 v\u00e9hicules et deux roues ont \u00e9t\u00e9 mis \u00e0 la fourri\u00e8re parce que leurs conducteurs ont roul\u00e9 sans autorisation. En d\u00e9pit de la situation difficile \u00e0 laquelle ils sont confront\u00e9s, les Blid\u00e9ens essayent tant bien que mal de faire preuve de patience en attendant des jours meilleurs. <span class=\"Apple-converted-space\">\u00a0 \u00a0 \u00a0 \u00a0 \u00a0<\/span><\/span><\/p>\n<p><span class=\"post-views-label\">Post Views:<\/span> <span class=\"post-views-count\">9\u00a0780<\/span><\/p>\n<p><br class=\"c2\"\/><br class=\"c5\"\/><\/p>\n<p>Auteur: Anis Khecheba<br \/>\n<a href=\"https:\/\/www.elwatan.com\/a-la-une\/lepidemie-de-covid-19-se-stabilise-apres-20-jours-de-confinement-total-blida-respire-mieux-16-04-2020\">Cliquez ici pour lire l&rsquo;article depuis sa source.<\/a><\/p>\n","protected":false},"excerpt":{"rendered":"<p>Blida continue d\u2019enterrer ses morts en silence, m\u00eame si leur nombre est en constante baisse, assure-t-on. Ces d\u00e9c\u00e8s et le confinement total, malgr\u00e9 ses nombreux bienfaits, p\u00e8sent lourd sur l\u2019\u00e9tat psychologique des Blid\u00e9ens. Mardi soir, des photos circulant sur les r\u00e9seaux sociaux montraient l\u2019accalmie \u00e0 l\u2019h\u00f4pital Brahim Tirichine de Blida. D\u2019habitude bond\u00e9e de monde sur [&hellip;]<\/p>\n","protected":false},"author":1743,"featured_media":0,"comment_status":"closed","ping_status":"closed","sticky":false,"template":"","format":"standard","meta":{"fifu_image_url":"","fifu_image_alt":"","footnotes":""},"categories":[73,53],"tags":[],"class_list":["post-82615","post","type-post","status-publish","format-standard","hentry","category-actualite","category-algerie"],"_links":{"self":[{"href":"https:\/\/linitiative.ca\/International\/wp-json\/wp\/v2\/posts\/82615","targetHints":{"allow":["GET"]}}],"collection":[{"href":"https:\/\/linitiative.ca\/International\/wp-json\/wp\/v2\/posts"}],"about":[{"href":"https:\/\/linitiative.ca\/International\/wp-json\/wp\/v2\/types\/post"}],"author":[{"embeddable":true,"href":"https:\/\/linitiative.ca\/International\/wp-json\/wp\/v2\/users\/1743"}],"replies":[{"embeddable":true,"href":"https:\/\/linitiative.ca\/International\/wp-json\/wp\/v2\/comments?post=82615"}],"version-history":[{"count":0,"href":"https:\/\/linitiative.ca\/International\/wp-json\/wp\/v2\/posts\/82615\/revisions"}],"wp:attachment":[{"href":"https:\/\/linitiative.ca\/International\/wp-json\/wp\/v2\/media?parent=82615"}],"wp:term":[{"taxonomy":"category","embeddable":true,"href":"https:\/\/linitiative.ca\/International\/wp-json\/wp\/v2\/categories?post=82615"},{"taxonomy":"post_tag","embeddable":true,"href":"https:\/\/linitiative.ca\/International\/wp-json\/wp\/v2\/tags?post=82615"}],"curies":[{"name":"wp","href":"https:\/\/api.w.org\/{rel}","templated":true}]}}