{"id":82616,"date":"2020-04-16T09:29:00","date_gmt":"2020-04-16T13:29:00","guid":{"rendered":"https:\/\/linitiative.ca\/International\/taicir-masmoudi\/"},"modified":"2020-04-16T09:29:00","modified_gmt":"2020-04-16T13:29:00","slug":"taicir-masmoudi","status":"publish","type":"post","link":"https:\/\/linitiative.ca\/International\/taicir-masmoudi\/","title":{"rendered":"Taicir Masmoudi"},"content":{"rendered":"<p><strong><span class=\"c3\"><span class=\"c2\">Dipl\u00f4mes Obtenus<\/span><\/span><\/strong><\/p>\n<p><span class=\"c5\"><strong><span class=\"c4\">Le Doctorat en Droit,<\/span><\/strong><\/span><\/p>\n<p>sujet de th\u00e8se: <strong>\u00abLes clauses d\u2019agr\u00e9ment et de Pr\u00e9emption dans les soci\u00e9t\u00e9s de capitaux\u00bb<\/strong>; th\u00e8se soutenue le 12 mai 2018 \u00e0 la Facult\u00e9 de Droit de Sfax.<\/p>\n<p><span class=\"c4\"><span class=\"c6\"><strong>2006 &#8211; 2007\u00a0 \u00a0\u00a0<\/strong><\/span><\/span><\/p>\n<p>Mast\u00e8re en droit de affaires, Sujet de m\u00e9moire: <strong>\u00abLa r\u00e9gularisation et le droit des soci\u00e9t\u00e9s commerciales\u00bb<\/strong> (Facult\u00e9 de Droit de Sfax)<\/p>\n<p><span class=\"c5\"><strong><span class=\"c4\">2002 &#8211; 2003<\/span><\/strong><\/span><\/p>\n<p>Maitrise en Droit:(Facult\u00e9 de Droit de Sfax)<\/p>\n<p><strong><span class=\"c5\"><span class=\"c4\">2000 &#8211; 2001\u00a0<\/span><\/span><\/strong><\/p>\n<p>Duelle en Droit (Facult\u00e9\u00a0 de Droit De Sfax)\u00a0<\/p>\n<p><strong><span class=\"c5\"><span class=\"c4\">1998-1999<\/span><\/span><\/strong><\/p>\n<p>Baccalaur\u00e9at en Lettres\u00a0 mention\u02f8assez bien<\/p>\n<p><span class=\"c2\"><span class=\"c3\"><strong>Exp\u00e9riences Professionnelles<\/strong><\/span><\/span><\/p>\n<p><span class=\"c5\"><strong><span class=\"c4\">2019 &#8211; 2O20<\/span><\/strong><\/span><\/p>\n<p>Assistant\u00a0 contractuel \u00e0 l\u2019Institut Sup\u00e9rieur des Etudes Juridiques et Politiques de Kairouan\u00a0<\/p>\n<p><span class=\"c5\"><span class=\"c4\"><strong>2018 \u2013 2019<\/strong><\/span><\/span><\/p>\n<p>Assistant\u00a0 contractuel \u00e0 l\u2019Institut Sup\u00e9rieur des Etudes Juridiques et Politiques de Kairouan:<\/p>\n<p><span class=\"c4\"><span class=\"c5\"><strong>2016 &#8211; 2017<\/strong><\/span><\/span><\/p>\n<p>Assistant vacataire la Facult\u00e9 de Droit de Sfax:Droit des soci\u00e9t\u00e9s\u00a0commerciales<\/p>\n<p><span class=\"c5\"><span class=\"c4\"><strong>2013 &#8211; 2019<\/strong><\/span><\/span><\/p>\n<p>Membre dans l\u2019Unit\u00e9 de recherche \u00abDroit commercial et mondialisation\u00bb dirig\u00e9e par le Professeur Ahmed Omrane<\/p>\n<p><span class=\"c5\"><span class=\"c4\"><strong>2010 &#8211; 2011<\/strong><\/span><\/span><\/p>\n<p>Assistant contractuel \u00e0 l\u2019Institut Sup\u00e9rieur d\u2019Informatique et de Multim\u00e9dia de Sfax (ISIMS)<\/p>\n<p><strong><span class=\"c5\"><span class=\"c4\">2009 &#8211; 2010<\/span><\/span><\/strong><\/p>\n<p>Assistant contractuel \u00e0 l\u2019Institut Sup\u00e9rieur d\u2019Informatique et de Multim\u00e9dia de Sfax (ISIMS)<\/p>\n<p><span class=\"c5\"><span class=\"c4\"><strong>2008 &#8211; 2009<\/strong><\/span><\/span><\/p>\n<p>Assistant contractuel \u00e0 l\u2019Institut Sup\u00e9rieur d\u2019Informatique et de Multim\u00e9dia de Sfax (ISIMS)<\/p>\n<p><span class=\"c5\"><span class=\"c4\"><strong>2007 &#8211; 2008<\/strong><\/span><\/span><\/p>\n<p>Assistant contractuel \u00e0 L\u2019Institut Sup\u00e9rieur des Etudes Juridiques de Gab\u00e8s (ISEJG)<\/p>\n<p><strong><span class=\"c5\"><span class=\"c4\">2005 &#8211; 2006<\/span><\/span><\/strong><\/p>\n<p>Responsable au recouvrement des cr\u00e9ances\u00a0 au sein de la soci\u00e9t\u00e9 industrielle de R\u00e9frig\u00e9ration du Sud<\/p>\n<p><span class=\"c2\"><span class=\"c3\"><strong>Articles publi\u00e9s et en cours de publication<\/strong><\/span><\/span><\/p>\n<p><strong><span class=\"c4\">1 &#8211;\u00a0<\/span><\/strong><strong>Plaidoyer pour la cons\u00e9cration de la soci\u00e9t\u00e9 par actions simplifi\u00e9e (SAS) en droit tunisien,<\/strong> article publi\u00e9 \u00e0 la revue <strong>\u00abEtudes Juridiques\u00bb<\/strong>\u00a0 N\u00b0 21, 2014, Universit\u00e9 de Sfax, Facult\u00e9 de Droit de Sfax, p 177.<\/p>\n<p><span class=\"c4\"><strong>2 &#8211;<\/strong><\/span> <strong>Transparence et Concurrence,<\/strong> article publi\u00e9 \u00e0 la revue <strong>\u00abEtudes Juridiques\u00bb<\/strong> N\u00b0 22, 2015, Universit\u00e9 de Sfax, Facult\u00e9 de Droit de Sfax, p 219<\/p>\n<p><span class=\"c4\"><strong>3 &#8211;<\/strong><\/span>\u00a0\u0645\u0642\u0627\u0644 \u0641\u064a \u0637\u0648\u0631 \u0627\u0644\u0646\u0634\u0631: \u0627\u0644\u0635\u0643\u0648\u0643 \u0627\u0644\u0625\u0633\u0644\u0627\u0645\u064a\u0629 \u0628\u064a\u0646 \u0627\u0644\u062e\u0636\u0648\u0639 \u0644\u0644\u0636\u0648\u0627\u0628\u0637\u00a0 \u0627\u0644\u0642\u0627\u0646\u0648\u0646\u064a\u0629 \u0648\u00a0 \u0645\u0631\u0627\u0639\u0627\u0629\u00a0 \u0627\u0644\u0645\u062a\u0637\u0644\u0628\u0627\u062a \u0627\u0644\u0634\u0631\u0639\u064a\u0629<\/p>\n<p><span class=\"c2\"><span class=\"c3\"><strong>Communications dans des manifestations scientifiques<\/strong><\/span><\/span><\/p>\n<p><span class=\"c4\"><strong>1 &#8211;\u00a0<\/strong><\/span>\u0627\u0644\u0645\u0634\u0627\u0631\u0643\u0629 \u0641\u064a \u0627\u0644\u0645\u0644\u062a\u0642\u0649 \u0627\u0644\u0639\u0644\u0645\u064a \u0627\u0644\u0645\u062a\u0639\u0644\u0642 \u0628 <strong>\u00ab\u00a0\u0627\u0644\u062a\u0634\u0631\u064a\u0639\u0627\u062a \u0627\u0644\u0627\u0642\u062a\u0635\u0627\u062f\u064a\u0629 \u0645\u0627 \u0628\u0639\u062f \u0627\u0644\u062b\u0648\u0631\u0629: \u0642\u064a\u0645\u0629 \u0645\u0636\u0627\u0641\u0629 \u0672\u0645 \u0625\u0636\u0639\u0627\u0641 \u0644\u0644\u0645\u0646\u0638\u0648\u0645\u0629\u066c\u00a0\u00bb\u00a0<\/strong>\u0627\u0644\u0630\u064a \u0646\u0638\u0645\u0647 \u0627\u0644\u0645\u0639\u0647\u062f \u0627\u0644\u0639\u0627\u0644\u064a \u0644\u0644\u062f\u0631\u0627\u0633\u0627\u062a \u0627\u0644\u0642\u0627\u0646\u0648\u0646\u064a\u0629 \u0648\u0627\u0644\u0633\u064a\u0627\u0633\u064a\u0629 \u0628\u0642\u0627\u0628\u0633 \u0648\u0627\u0644\u0645\u0644\u062a\u0626\u0645 \u064a\u0648\u0645\u064a 24\u0648 25 \u0672\u0641\u0631\u064a\u0644 \u0628\u0643\u0644\u064a\u0629 \u0627\u0644\u0639\u0644\u0648\u0645 \u0628\u0642\u0627\u0628\u0633 \u066c \u0645\u0648\u0636\u0648\u0639 \u0627\u0644\u0645\u062f\u0627\u062e\u0644\u0629: <strong>\u066c\u0627\u0644\u0635\u0643\u0648\u0643 \u0627\u0644\u0625\u0633\u0644\u0627\u0645\u064a\u0629 \u0641\u064a \u062a\u0648\u0646\u0633 \u0628\u064a\u0646 \u0627\u0644\u062e\u0636\u0648\u0639 \u0644\u0644\u0636\u0648\u0627\u0628\u0637\u00a0 \u0627\u0644\u0642\u0627\u0646\u0648\u0646\u064a\u0629 \u0648\u0645\u0631\u0627\u0639\u0627\u0629\u00a0 \u0627\u0644\u0645\u062a\u0637\u0644\u0628\u0627\u062a \u0627\u0644\u0634\u0631\u0639\u064a\u0629<\/strong>\u00a0<\/p>\n<p><span class=\"c4\"><strong>2 &#8211;<\/strong><\/span>\u0627\u0644\u0645\u0634\u0627\u0631\u0643\u0629 \u0641\u064a \u0627\u0644\u0645\u0644\u062a\u0642\u0649 \u0627\u0644\u0639\u0644\u0645\u064a \u0627\u0644\u0645\u062a\u0639\u0644\u0642 \u0628 <strong>\u00ab\u00a0\u0645\u062c\u0644\u0629 \u0627\u0644\u0634\u0631\u0643\u0627\u062a \u0627\u0644\u062a\u062c\u0627\u0631\u064a\u0629 \u062b\u0645\u0627\u0646\u064a\u0629 \u0639\u0634\u0631 \u0633\u0646\u0629 \u0628\u0639\u062f\u00a0\u00bb\u066c\u00a0<\/strong>\u0627\u0644\u0630\u064a \u0646\u0638\u0645\u0647 \u0627\u0644\u0645\u0639\u0647\u062f \u0627\u0644\u0639\u0627\u0644\u064a \u0644\u0644\u062f\u0631\u0627\u0633\u0627\u062a \u0627\u0644\u0642\u0627\u0646\u0648\u0646\u064a\u0629 \u0648 \u0627\u0644\u0633\u064a\u0627\u0633\u064a\u0629 \u0628\u0642\u0627\u0628\u0633 \u0648\u0627\u0644\u0645\u0644\u062a\u0626\u0645 \u064a\u0648\u0645\u064a4 \u06485 \u062f\u064a\u0633\u0645\u0628\u0631\u00a0 2018 \u0628\u0627\u0644\u0645\u0639\u0647\u062f \u0627\u0644\u0639\u0627\u0644\u064a \u0644\u0644\u0641\u0646\u0648\u0646 \u0648\u0627\u0644\u062d\u0631\u0641 \u0628\u0642\u0627\u0628\u0633\u066c <strong>\u0645\u0648\u0636\u0648\u0639 \u0627\u0644\u0645\u062f\u0627\u062e\u0644\u0629<\/strong><\/p>\n<p>\u00ab\u00a0La diversification \u2215 L\u2019\u00e9miettement\u00a0 de l\u2019actionnariat\u00a0\u00bb<\/p>\n<p>Auteur:<br \/>\n<a href=\"https:\/\/www.leaders.com.tn\/article\/29700-taicir-masmoudi\">Cliquez ici pour lire l&rsquo;article depuis sa source.<\/a><\/p>\n","protected":false},"excerpt":{"rendered":"<p>Dipl\u00f4mes Obtenus Le Doctorat en Droit, sujet de th\u00e8se: \u00abLes clauses d\u2019agr\u00e9ment et de Pr\u00e9emption dans les soci\u00e9t\u00e9s de capitaux\u00bb; th\u00e8se soutenue le 12 mai 2018 \u00e0 la Facult\u00e9 de Droit de Sfax. 2006 &#8211; 2007\u00a0 \u00a0\u00a0 Mast\u00e8re en droit de affaires, Sujet de m\u00e9moire: \u00abLa r\u00e9gularisation et le droit des soci\u00e9t\u00e9s commerciales\u00bb (Facult\u00e9 de [&hellip;]<\/p>\n","protected":false},"author":1772,"featured_media":0,"comment_status":"closed","ping_status":"closed","sticky":false,"template":"","format":"standard","meta":{"fifu_image_url":"","fifu_image_alt":"","footnotes":""},"categories":[73,55],"tags":[],"class_list":["post-82616","post","type-post","status-publish","format-standard","hentry","category-actualite","category-tunisie"],"_links":{"self":[{"href":"https:\/\/linitiative.ca\/International\/wp-json\/wp\/v2\/posts\/82616","targetHints":{"allow":["GET"]}}],"collection":[{"href":"https:\/\/linitiative.ca\/International\/wp-json\/wp\/v2\/posts"}],"about":[{"href":"https:\/\/linitiative.ca\/International\/wp-json\/wp\/v2\/types\/post"}],"author":[{"embeddable":true,"href":"https:\/\/linitiative.ca\/International\/wp-json\/wp\/v2\/users\/1772"}],"replies":[{"embeddable":true,"href":"https:\/\/linitiative.ca\/International\/wp-json\/wp\/v2\/comments?post=82616"}],"version-history":[{"count":0,"href":"https:\/\/linitiative.ca\/International\/wp-json\/wp\/v2\/posts\/82616\/revisions"}],"wp:attachment":[{"href":"https:\/\/linitiative.ca\/International\/wp-json\/wp\/v2\/media?parent=82616"}],"wp:term":[{"taxonomy":"category","embeddable":true,"href":"https:\/\/linitiative.ca\/International\/wp-json\/wp\/v2\/categories?post=82616"},{"taxonomy":"post_tag","embeddable":true,"href":"https:\/\/linitiative.ca\/International\/wp-json\/wp\/v2\/tags?post=82616"}],"curies":[{"name":"wp","href":"https:\/\/api.w.org\/{rel}","templated":true}]}}