{"id":82622,"date":"2020-04-16T12:46:50","date_gmt":"2020-04-16T16:46:50","guid":{"rendered":"https:\/\/linitiative.ca\/International\/agriculture-durable-gcam-et-lafd-joignent-leurs-forces\/"},"modified":"2020-04-16T12:46:50","modified_gmt":"2020-04-16T16:46:50","slug":"agriculture-durable-gcam-et-lafd-joignent-leurs-forces","status":"publish","type":"post","link":"https:\/\/linitiative.ca\/International\/agriculture-durable-gcam-et-lafd-joignent-leurs-forces\/","title":{"rendered":"Agriculture durable : GCAM et l\u2019AFD joignent leurs forces"},"content":{"rendered":"<p><strong>Les deux institutions viennent de parapher un nouvel accord. Il intervient apr\u00e8s la signature d\u2019une ligne de cr\u00e9dit de 560 millions de DH.<\/strong><\/p>\n<div class=\"c10\"\/>\n<p>L\u2019Agence Fran\u00e7aise de D\u00e9veloppement (AFD) et le Groupe Cr\u00e9dit Agricole du Maroc (GCAM) ont conclu une convention de subvention d\u2019un montant de 16,8 millions de DH. Ces financements seront mobilis\u00e9s en faveur des exploitations agricoles et des unit\u00e9s agro-industrielles. L\u2019objectif est d\u2019encourager des projets ayant un impact en mati\u00e8re de d\u00e9veloppement durable et de protection des ressources naturelles.<\/p>\n<p>L\u2019AFD pr\u00e9cise que dans le contexte de la crise sanitaire du Covid-19, un versement anticip\u00e9, d\u2019un montant de 336 millions de DH a \u00e9t\u00e9 r\u00e9alis\u00e9 sur cette ligne de cr\u00e9dit afin de faciliter l\u2019acc\u00e8s des TPE\/PME au financement. Ces fonds permettront d\u2019apporter rapidement un soutien au secteur productif agricole.<\/p>\n<p>Lire aussi : <a href=\"https:\/\/www.challenge.ma\/maroc-pret-de-150-millions-deuros-de-lafd-en-faveur-de-linsertion-economique-des-jeunes-126197\/\" target=\"_blank\" rel=\"noreferrer noopener\" aria-label=\" (s&#x2019;ouvre dans un nouvel onglet)\">Maroc : Pr\u00eat de 150 millions d\u2019euros de l\u2019AFD en faveur de l\u2019insertion \u00e9conomique des jeunes<\/a><\/p>\n<p>\u00ab La nouvelle ligne qui vient d\u2019\u00eatre octroy\u00e9e au Groupe Cr\u00e9dit Agricole du Maroc vient consolider et consacrer la relation durable entre notre institution et l\u2019AFD. Nous en sommes particuli\u00e8rement heureux d\u2019autant plus que c\u2019est la 4\u00e8me ligne qui a \u00e9t\u00e9 mise en place en notre faveur. C\u2019est, pour nous, une marque de confiance de la part de l\u2019AFD et une reconnaissance ind\u00e9niable de la solidit\u00e9 de nos fondamentaux et de notre business model, ce dont nous sommes fiers au vu de l\u2019expertise et de la rigueur qui caract\u00e9risent les approches m\u00e9thodologiques de ce bailleur de fonds. Elle nous permettra notamment d\u2019appuyer et de renforcer nos actions de soutien aux secteurs de l\u2019agriculture et de l\u2019agro-industrie et de continuer \u00e0 d\u00e9cliner efficacement notre mission de service public et de d\u2019appui aux populations d\u00e9favoris\u00e9es\u00a0\u00bb, souligne Tariq Sijilmassi, pr\u00e9sident du directoire du Groupe Cr\u00e9dit Agricole du Maroc.<\/p>\n<p>\u00a0\u00ab Nous sommes pleinement mobilis\u00e9s pour accompagner nos partenaires dans les actions qui permettront de traverser cette crise sanitaire dont l\u2019impact \u00e9conomique est encore difficile \u00e0 \u00e9valuer. Il est important de marquer notre pleine confiance dans le secteur bancaire marocain pour apporter un soutien aux acteurs \u00e9conomiques du monde agricole dans cette p\u00e9riode de forte incertitude. Mais au-del\u00e0 de l\u2019urgence et des enjeux de court terme, notre partenariat reste r\u00e9solument orient\u00e9 vers des enjeux de long terme, ceux du d\u00e9veloppement d\u2019une \u00e9conomie agricole performante, socialement responsable et r\u00e9siliente au changement climatique \u00bb, explique pour sa part Mihoub Mezouaghi, directeur de l\u2019AFD au Maroc.<\/p>\n<p>Lire aussi : <a href=\"https:\/\/www.challenge.ma\/gcam-a-la-rescousse-des-agriculteurs-134427\/\" target=\"_blank\" rel=\"noreferrer noopener\" aria-label=\" (s&#x2019;ouvre dans un nouvel onglet)\">GCAM \u00e0 la rescousse des agriculteurs<\/a><\/p>\n<p>Ce nouvel accord s\u2019inscrit dans la lign\u00e9e des objectifs poursuivis par la nouvelle strat\u00e9gie du minist\u00e8re de l\u2019Agriculture, de la P\u00eache maritime, du D\u00e9veloppement rural et des Eaux For\u00eats et \u00ab Generation Green \u00bb. Les ressources financi\u00e8res et techniques mobilis\u00e9es doivent ainsi accompagner le d\u00e9veloppement du tissu des TPE et PME agricoles dans les territoires ruraux. Les projets qui participent au d\u00e9ploiement d\u2019une agriculture plus durable et locale sont particuli\u00e8rement vis\u00e9s : irrigation raisonn\u00e9e, efficacit\u00e9 \u00e9nerg\u00e9tique, agriculture biologique, traitement des d\u00e9chets agricoles ou encore agriculture de terroir.<\/p>\n<p>La subvention d\u2019appui technique de 16,8 millions de DH accord\u00e9e par l\u2019AFD doit contribuer \u00e0 la transformation des pratiques des acteurs du monde agricole vers une agriculture plus durable et respectueuse des ressources naturelles. Un accompagnement adapt\u00e9, \u00e0 la fois technique et financier, sera ainsi propos\u00e9 aux porteurs de projets d\u2019installation ou de reconversion \u00e0 l\u2019agriculture biologique, de revalorisation des d\u00e9chets agricoles ou encore de d\u00e9veloppement des \u00e9nergies renouvelables. La subvention permettra en outre de structurer et d\u2019enrichir l\u2019offre du GCAM en mati\u00e8re de financement d\u2019une agriculture durable.<\/p>\n<div class=\"c17\">\n<fieldset class=\"c16\">\n<legend><strong><span class=\"c11\">Challenge<\/span><span class=\"c12\">news<\/span><\/strong><\/legend>\n<div class=\"c15\">Le meilleur de Challenge s\u00e9lectionn\u00e9 par la r\u00e9daction :<\/p>\n<\/div>\n<\/fieldset>\n<\/div>\n<p>Auteur: Karim Handaoui<br \/>\n<a href=\"https:\/\/www.challenge.ma\/agriculture-durable-gcam-et-lafd-joignent-leurs-forces-137546\/\">Cliquez ici pour lire l&rsquo;article depuis sa source.<\/a><\/p>\n","protected":false},"excerpt":{"rendered":"<p>Les deux institutions viennent de parapher un nouvel accord. Il intervient apr\u00e8s la signature d\u2019une ligne de cr\u00e9dit de 560 millions de DH. L\u2019Agence Fran\u00e7aise de D\u00e9veloppement (AFD) et le Groupe Cr\u00e9dit Agricole du Maroc (GCAM) ont conclu une convention de subvention d\u2019un montant de 16,8 millions de DH. Ces financements seront mobilis\u00e9s en faveur [&hellip;]<\/p>\n","protected":false},"author":1787,"featured_media":0,"comment_status":"closed","ping_status":"closed","sticky":false,"template":"","format":"standard","meta":{"fifu_image_url":"","fifu_image_alt":"","footnotes":""},"categories":[78,54],"tags":[],"class_list":["post-82622","post","type-post","status-publish","format-standard","hentry","category-economie","category-maroc"],"_links":{"self":[{"href":"https:\/\/linitiative.ca\/International\/wp-json\/wp\/v2\/posts\/82622","targetHints":{"allow":["GET"]}}],"collection":[{"href":"https:\/\/linitiative.ca\/International\/wp-json\/wp\/v2\/posts"}],"about":[{"href":"https:\/\/linitiative.ca\/International\/wp-json\/wp\/v2\/types\/post"}],"author":[{"embeddable":true,"href":"https:\/\/linitiative.ca\/International\/wp-json\/wp\/v2\/users\/1787"}],"replies":[{"embeddable":true,"href":"https:\/\/linitiative.ca\/International\/wp-json\/wp\/v2\/comments?post=82622"}],"version-history":[{"count":0,"href":"https:\/\/linitiative.ca\/International\/wp-json\/wp\/v2\/posts\/82622\/revisions"}],"wp:attachment":[{"href":"https:\/\/linitiative.ca\/International\/wp-json\/wp\/v2\/media?parent=82622"}],"wp:term":[{"taxonomy":"category","embeddable":true,"href":"https:\/\/linitiative.ca\/International\/wp-json\/wp\/v2\/categories?post=82622"},{"taxonomy":"post_tag","embeddable":true,"href":"https:\/\/linitiative.ca\/International\/wp-json\/wp\/v2\/tags?post=82622"}],"curies":[{"name":"wp","href":"https:\/\/api.w.org\/{rel}","templated":true}]}}