{"id":82624,"date":"2020-04-16T13:05:07","date_gmt":"2020-04-16T17:05:07","guid":{"rendered":"https:\/\/linitiative.ca\/International\/virus-des-questions-philosophiques\/"},"modified":"2020-04-16T13:05:07","modified_gmt":"2020-04-16T17:05:07","slug":"virus-des-questions-philosophiques","status":"publish","type":"post","link":"https:\/\/linitiative.ca\/International\/virus-des-questions-philosophiques\/","title":{"rendered":"Virus\u00a0: Des questions philosophiques"},"content":{"rendered":"<p>Le d\u00e9bat scientifique bat son plein sans aucune certitude, juste des questions. La <strong>m\u00e9decine<\/strong> n\u2019est pas une science exacte et aujourd\u2019hui l\u2019on marche sur la base d\u2019approximations successives, d\u2019intuitions, d\u2019empirisme, souvent d\u00e9mentis quelque temps apr\u00e8s. C\u2019est juste que tous les progr\u00e8s accumul\u00e9s ne permettent pas d\u2019avoir des r\u00e9ponses d\u00e9finitives, \u00e0 la vitesse de la propagation du virus. Ainsi, le fait que d\u2019anciens malades gu\u00e9ris, redeviennent positifs pose la question de l\u2019immunisation. On ouvre des portes, suscitant des espoirs, on les referme apr\u00e8s. La science est ce qu\u2019elle a toujours \u00e9t\u00e9\u00a0: en perp\u00e9tuel mouvement. Cela fait une belle jambe aux familles des morts, mais il faut l\u2019accepter.<\/p>\n<div class=\"c10\"\/>\n<p>Sur le plan \u00e9conomique, c\u2019est un mort qui para\u00eet remporter la\u00a0palme, Keynes est demand\u00e9 aux commandes, mais cela risque de ne pas suffire. Car c\u2019est la question des in\u00e9galit\u00e9s sociales qui ressurgit avec force et Keynes n\u2019y r\u00e9pond pas fondamentalement. Des mouvements sociaux auront lieu, avec des implications fortes sur le plan politique, le pire n\u2019est pas s\u00fbr, c\u2019est-\u00e0-dire l\u2019envol\u00e9e des populismes, la r\u00e9surgence des gauches de gouvernement, m\u00eame d\u00e9barrass\u00e9es des concessions honteuses au <strong>lib\u00e9ralisme<\/strong>, non plus, parce que ces concessions l\u2019ont d\u00e9natur\u00e9.<\/p>\n<blockquote class=\"wp-block-quote\">\n<p>Notre mode de consommation, notre relation aux choses mat\u00e9rielles, \u00e0 la nature, \u00e0 ce qu\u2019est r\u00e9ellement l\u2019\u00e9panouissement personnel est remis en question.<\/p>\n<\/blockquote>\n<p>Cependant, il y a plus important, ce sont les questions sur ce qu\u2019est \u00eatre un humain. Je suis un homme des cavernes sur le plan digital, cela fera plaisir \u00e0 mon ami de 45 ans, Na\u00efm Kamal. Moi cela me fait plaisir que tous les penseurs s\u2019accordent pour dire que le virtuel ne remplace pas le monde r\u00e9el et que nous avons besoin de relations sociales.<\/p>\n<p>La relation au travail est aussi questionn\u00e9e. Le t\u00e9l\u00e9travail c\u2019est utile, performant. Mais le travail pour \u00eatre \u00e9panouissant, doit \u00eatre aussi un lieu d\u2019\u00e9changes, de rencontres, de vie. Notre mode de <strong>consommation<\/strong>, notre relation aux choses mat\u00e9rielles, \u00e0 la nature, \u00e0 ce qu\u2019est r\u00e9ellement l\u2019\u00e9panouissement personnel est remis en question. On ne recommencera pas comme si de rien n\u2019\u00e9tait.<\/p>\n<div class=\"c17\">\n<fieldset class=\"c16\">\n<legend><strong><span class=\"c11\">Challenge<\/span><span class=\"c12\">news<\/span><\/strong><\/legend>\n<div class=\"c15\">Le meilleur de Challenge s\u00e9lectionn\u00e9 par la r\u00e9daction :<\/p>\n<\/div>\n<\/fieldset>\n<\/div>\n<p>Auteur: Jamal Berraoui<br \/>\n<a href=\"https:\/\/www.challenge.ma\/virus-des-questions-philosophiques-137556\/\">Cliquez ici pour lire l&rsquo;article depuis sa source.<\/a><\/p>\n","protected":false},"excerpt":{"rendered":"<p>Le d\u00e9bat scientifique bat son plein sans aucune certitude, juste des questions. La m\u00e9decine n\u2019est pas une science exacte et aujourd\u2019hui l\u2019on marche sur la base d\u2019approximations successives, d\u2019intuitions, d\u2019empirisme, souvent d\u00e9mentis quelque temps apr\u00e8s. C\u2019est juste que tous les progr\u00e8s accumul\u00e9s ne permettent pas d\u2019avoir des r\u00e9ponses d\u00e9finitives, \u00e0 la vitesse de la propagation [&hellip;]<\/p>\n","protected":false},"author":1787,"featured_media":0,"comment_status":"closed","ping_status":"closed","sticky":false,"template":"","format":"standard","meta":{"fifu_image_url":"","fifu_image_alt":"","footnotes":""},"categories":[78,54],"tags":[],"class_list":["post-82624","post","type-post","status-publish","format-standard","hentry","category-economie","category-maroc"],"_links":{"self":[{"href":"https:\/\/linitiative.ca\/International\/wp-json\/wp\/v2\/posts\/82624","targetHints":{"allow":["GET"]}}],"collection":[{"href":"https:\/\/linitiative.ca\/International\/wp-json\/wp\/v2\/posts"}],"about":[{"href":"https:\/\/linitiative.ca\/International\/wp-json\/wp\/v2\/types\/post"}],"author":[{"embeddable":true,"href":"https:\/\/linitiative.ca\/International\/wp-json\/wp\/v2\/users\/1787"}],"replies":[{"embeddable":true,"href":"https:\/\/linitiative.ca\/International\/wp-json\/wp\/v2\/comments?post=82624"}],"version-history":[{"count":0,"href":"https:\/\/linitiative.ca\/International\/wp-json\/wp\/v2\/posts\/82624\/revisions"}],"wp:attachment":[{"href":"https:\/\/linitiative.ca\/International\/wp-json\/wp\/v2\/media?parent=82624"}],"wp:term":[{"taxonomy":"category","embeddable":true,"href":"https:\/\/linitiative.ca\/International\/wp-json\/wp\/v2\/categories?post=82624"},{"taxonomy":"post_tag","embeddable":true,"href":"https:\/\/linitiative.ca\/International\/wp-json\/wp\/v2\/tags?post=82624"}],"curies":[{"name":"wp","href":"https:\/\/api.w.org\/{rel}","templated":true}]}}