{"id":82625,"date":"2020-04-16T15:06:03","date_gmt":"2020-04-16T19:06:03","guid":{"rendered":"https:\/\/linitiative.ca\/International\/coronavirus-la-cndp-sexprime-sur-lapplication-de-tracking\/"},"modified":"2020-04-16T15:06:03","modified_gmt":"2020-04-16T19:06:03","slug":"coronavirus-la-cndp-sexprime-sur-lapplication-de-tracking","status":"publish","type":"post","link":"https:\/\/linitiative.ca\/International\/coronavirus-la-cndp-sexprime-sur-lapplication-de-tracking\/","title":{"rendered":"Coronavirus : la CNDP s\u2019exprime sur l\u2019application de tracking"},"content":{"rendered":"<p><strong>La Commission nationale de contr\u00f4le de la protection des donn\u00e9es \u00e0 caract\u00e8re personnel (CNDP) r\u00e9agit \u00e0 la volont\u00e9 du gouvernement de mettre en place une application \u00ab\u00a0Contact tracing\u00a0\u00bb.<\/strong><\/p>\n<div class=\"c10\"\/>\n<p>En d\u00e9but de semaine, le gouvernement a lanc\u00e9 un appel \u00e0 manifestation pour la conception d\u2019une application de tracking permettant d\u2019identifier les personnes en contact avec un patient contamin\u00e9 au coronavirus.<\/p>\n<p>Faisant suite \u00e0 cet appel, la CNDP a annonc\u00e9 qu\u2019elle \u00ab\u00a0se tient \u00e0 la disposition des autorit\u00e9s gouvernementales pour les accompagner \u00e0 conforter le cadre de confiance num\u00e9rique pouvant contribuer \u00e0 g\u00e9rer les deux priorit\u00e9s du moment: le risque sanitaire et le maintien de l\u2019activit\u00e9 \u00e9conomique\u00a0\u00bb. La commission se tient \u00e9galement \u00e0 la disposition des citoyens pour r\u00e9pondre \u00e0 leurs interrogations et suivre leurs craintes et inqui\u00e9tudes au sujet du non-respect de leur vie priv\u00e9e et de leurs donn\u00e9es \u00e0 caract\u00e8re personnel.<\/p>\n<p>Lire aussi : <a href=\"https:\/\/www.challenge.ma\/coronavirus-deconfinement-le-ministere-de-la-sante-a-la-recherche-dune-solution-digitale-137012\/\" target=\"_blank\" rel=\"noreferrer noopener\" aria-label=\"Coronavirus\/d&#xE9;confinement : le minist&#xE8;re de la Sant&#xE9; &#xE0; la recherche d&#x2019;une solution digitale (s&#x2019;ouvre dans un nouvel onglet)\">Coronavirus\/d\u00e9confinement : le minist\u00e8re de la Sant\u00e9 \u00e0 la recherche d\u2019une solution digitale<\/a><\/p>\n<p>\u00ab\u00a0Il est louable que le gouvernement anticipe, et la CNDP salue le courage politique et op\u00e9rationnel avec lequel le minist\u00e8re de la Sant\u00e9 et le minist\u00e8re de l\u2019Int\u00e9rieur adoptent cette d\u00e9marche proactive\u00a0\u00bb, s\u2019est r\u00e9jouie la Commission. Elle insiste, toutefois, sur la n\u00e9cessit\u00e9 de conforter la confiance, en particulier num\u00e9rique. \u00ab\u00a0Si celle-ci n\u2019est pas assur\u00e9e, le n\u00e9cessaire large usage de l\u2019application s\u2019en trouvera affect\u00e9 et les r\u00e9sultats escompt\u00e9s alt\u00e9r\u00e9s\u00a0\u00bb, note-t-elle. La commission recommande, \u00e0 cet \u00e9gard, que l\u2019usage de ce type d\u2019application soit d\u00e9ploy\u00e9 sur la base d\u2019une confiance volontariste et non sur la base d\u2019une obligation difficile \u00e0 mettre en \u0153uvre.<\/p>\n<p>Pour assurer cette condition sine qua non de confiance concernant la collecte et l\u2019utilisation des donn\u00e9es \u00e0 caract\u00e8re personnel, la CNDP recommande fortement au gouvernement de veiller \u00e0 garantir la compl\u00e9mentarit\u00e9 annonc\u00e9e comme n\u00e9cessaire entre le pistage et l\u2019usage de cette application, d\u2019une part, et la politique de d\u00e9pistage et de tests au Covid-19, d\u2019autre part. La Commission estime que \u00ab\u00a0l\u2019insuffisance du d\u00e9pistage peut remettre en cause l\u2019int\u00e9r\u00eat du pistage\u00a0\u00bb et qu\u2019il faut justifier que cette compl\u00e9mentarit\u00e9 et les algorithmes utilis\u00e9s r\u00e9pondent effectivement \u00e0 la finalit\u00e9 du contr\u00f4le de la propagation de la pand\u00e9mie.<\/p>\n<p>Lire aussi : <a href=\"https:\/\/www.challenge.ma\/ce-que-vous-devez-savoir-sur-le-coronavirus-134568\/\" target=\"_blank\" rel=\"noreferrer noopener\" aria-label=\" (s&#x2019;ouvre dans un nouvel onglet)\">Ce que vous devez savoir sur le coronavirus<\/a><\/p>\n<p>Dans le m\u00eame sillage, la CNDP souligne l\u2019importance de veiller \u00e0 d\u00e9finir, de fa\u00e7on explicite, la finalit\u00e9 strat\u00e9gique et les moyens op\u00e9rationnels et techniques pour l\u2019atteindre. Elle ajoute que les moyens op\u00e9rationnels et techniques pour y parvenir doivent distinguer les moyens de type \u00ab\u00a0tracing\u00a0\u00bb induits par des technologies comme le Bluetooth et les moyens de type \u00ab\u00a0tracking\u00a0\u00bb induits par des technologies comme la g\u00e9olocalisation et le GPS. \u00ab\u00a0Les moyens utilis\u00e9s doivent \u00eatre ad\u00e9quats avec la finalit\u00e9 strat\u00e9gique\u00a0\u00bb, insiste la CNDP.<\/p>\n<p>Elle recommande aussi de veiller \u00e0 informer, en application du principe de transparence, l\u2019utilisateur cibl\u00e9 de la finalit\u00e9 affich\u00e9e et des moyens utilis\u00e9s pour l\u2019atteindre, de m\u00eame pour veiller \u00e0 ce que seules les autorit\u00e9s d\u00fbment habilit\u00e9es (sanitaires, mais aussi le personnel d\u2019autorit\u00e9 r\u00e9guli\u00e8rement affect\u00e9 afin de faire respecter les d\u00e9cisions sanitaires) soient en mesure d\u2019acc\u00e9der, chaque agent selon ses missions, aux seules donn\u00e9es \u00e0 caract\u00e8re personnel jug\u00e9es n\u00e9cessaires \u00e0 l\u2019ex\u00e9cution de ses missions propres en conformit\u00e9 avec la finalit\u00e9 affich\u00e9e.<\/p>\n<p>Il ne faut pas non plus r\u00e9utiliser les donn\u00e9es \u00e0 caract\u00e8re personnel autrement que pour la finalit\u00e9 affich\u00e9e, poursuit la CNDP, ajoutant qu\u2019il sera obligatoire de d\u00e9truire les donn\u00e9es collect\u00e9es et g\u00e9n\u00e9r\u00e9es \u00e0 la sortie de l\u2019\u00e9tat d\u2019urgence sanitaire, sauf celles pouvant alimenter, de fa\u00e7on anonymis\u00e9e et r\u00e9glementaire, la recherche scientifique.<\/p>\n<p>La commission recommande \u00e9galement de prendre en consid\u00e9ration que l\u2019administration, vu la sensibilit\u00e9 du sujet, ne peut recourir \u00e0 l\u2019acquisition de bo\u00eete noire (black box) et qu\u2019elle doit \u00eatre en ma\u00eetrise compl\u00e8te des codes d\u00e9velopp\u00e9s et des architectures mises en \u0153uvre.<\/p>\n<div class=\"c17\">\n<fieldset class=\"c16\">\n<legend><strong><span class=\"c11\">Challenge<\/span><span class=\"c12\">news<\/span><\/strong><\/legend>\n<div class=\"c15\">Le meilleur de Challenge s\u00e9lectionn\u00e9 par la r\u00e9daction :<\/p>\n<\/div>\n<\/fieldset>\n<\/div>\n<p>Auteur: Karim Handaoui<br \/>\n<a href=\"https:\/\/www.challenge.ma\/coronavirus-la-cndp-sexprime-sur-lapplication-de-tracking-137591\/\">Cliquez ici pour lire l&rsquo;article depuis sa source.<\/a><\/p>\n","protected":false},"excerpt":{"rendered":"<p>La Commission nationale de contr\u00f4le de la protection des donn\u00e9es \u00e0 caract\u00e8re personnel (CNDP) r\u00e9agit \u00e0 la volont\u00e9 du gouvernement de mettre en place une application \u00ab\u00a0Contact tracing\u00a0\u00bb. En d\u00e9but de semaine, le gouvernement a lanc\u00e9 un appel \u00e0 manifestation pour la conception d\u2019une application de tracking permettant d\u2019identifier les personnes en contact avec un [&hellip;]<\/p>\n","protected":false},"author":1787,"featured_media":0,"comment_status":"closed","ping_status":"closed","sticky":false,"template":"","format":"standard","meta":{"fifu_image_url":"","fifu_image_alt":"","footnotes":""},"categories":[78,54],"tags":[],"class_list":["post-82625","post","type-post","status-publish","format-standard","hentry","category-economie","category-maroc"],"_links":{"self":[{"href":"https:\/\/linitiative.ca\/International\/wp-json\/wp\/v2\/posts\/82625","targetHints":{"allow":["GET"]}}],"collection":[{"href":"https:\/\/linitiative.ca\/International\/wp-json\/wp\/v2\/posts"}],"about":[{"href":"https:\/\/linitiative.ca\/International\/wp-json\/wp\/v2\/types\/post"}],"author":[{"embeddable":true,"href":"https:\/\/linitiative.ca\/International\/wp-json\/wp\/v2\/users\/1787"}],"replies":[{"embeddable":true,"href":"https:\/\/linitiative.ca\/International\/wp-json\/wp\/v2\/comments?post=82625"}],"version-history":[{"count":0,"href":"https:\/\/linitiative.ca\/International\/wp-json\/wp\/v2\/posts\/82625\/revisions"}],"wp:attachment":[{"href":"https:\/\/linitiative.ca\/International\/wp-json\/wp\/v2\/media?parent=82625"}],"wp:term":[{"taxonomy":"category","embeddable":true,"href":"https:\/\/linitiative.ca\/International\/wp-json\/wp\/v2\/categories?post=82625"},{"taxonomy":"post_tag","embeddable":true,"href":"https:\/\/linitiative.ca\/International\/wp-json\/wp\/v2\/tags?post=82625"}],"curies":[{"name":"wp","href":"https:\/\/api.w.org\/{rel}","templated":true}]}}