{"id":82627,"date":"2020-04-16T16:10:02","date_gmt":"2020-04-16T20:10:02","guid":{"rendered":"https:\/\/linitiative.ca\/International\/tunisie-video-et-pendant-ce-temps-abdellatif-mekki-part-en-campagne\/"},"modified":"2020-04-16T16:10:02","modified_gmt":"2020-04-16T20:10:02","slug":"tunisie-video-et-pendant-ce-temps-abdellatif-mekki-part-en-campagne","status":"publish","type":"post","link":"https:\/\/linitiative.ca\/International\/tunisie-video-et-pendant-ce-temps-abdellatif-mekki-part-en-campagne\/","title":{"rendered":"Tunisie \u2013 VIDEO\u00a0: Et pendant ce temps, Abdellatif Mekki part en campagne\u00a0!"},"content":{"rendered":"<div class=\"post-cont-in left relative\">\n<p>Le pays retient son souffle, le gouvernement est en train de se couper les cheveux en quatre, les \u00e9v\u00e8nements, sur le terrain, sont en train de montrer que la situation commence \u00e0 \u00e9chapper au contr\u00f4le des acteurs, les personnels de sant\u00e9, soutenus par leur syndicat, se rebellent contre les d\u00e9cisions de leur hi\u00e9rarchie\u2026<\/p>\n<div class=\"code-block code-block-1 c3\"><ins class=\"adsbygoogle c2\" data-ad-layout=\"in-article\" data-ad-format=\"fluid\" data-ad-client=\"ca-pub-2102118777505746\" data-ad-slot=\"7301775417\"\/> <\/div>\n<p>Et, pendant ce temps, celui qui est suppos\u00e9 \u00eatre le premier acteur de cette guerre qu\u2019on m\u00e8ne contre le <a href=\"https:\/\/www.tunisienumerique.com\/tunisie-actualite\/coronavirus\/\" title=\"coronavirus\" target=\"_top\" class=\"auto-link\" rel=\"noopener noreferrer\">coronavirus<\/a>, et qui est le ministre de la sant\u00e9, et, au m\u00e9pris de la gravit\u00e9 de la situation, semble partir en campagne \u00e9lectorale intempestive. Une campagne pour quoi, et pour briguer quel poste\u00a0? Il est le seul \u00e0 pouvoir y r\u00e9pondre, bien que tout le monde ait sa petite id\u00e9e par rapport \u00e0 \u00e7\u00e0.<\/p>\n<p>Mais, \u00e0 voir ses sorties m\u00e9diatiques, le z\u00e8le de son d\u00e9partement de presse, le d\u00e9vouement de ses partisans qui sont en train d\u2019\u00e9cumer les r\u00e9seaux sociaux, pour vanter les qualit\u00e9s de leur \u00ab\u00a0g\u00e9n\u00e9ral\u00a0\u00bb, il n\u2019y a aucun doute, il ne peut s\u2019agir que d\u2019une campagne.<\/p>\n<p>Ainsi, et rien que pour ce jeudi, le ministre de la sant\u00e9 a op\u00e9r\u00e9 deux sorties surm\u00e9diatis\u00e9es qui n\u2019avaient, vu les circonstances, pas lieu d\u2019\u00eatre. Il s\u2019est d\u00e9plac\u00e9 \u00e0 Sousse pour inaugurer une unit\u00e9 covid \u00e0 l\u2019h\u00f4pital Sahloul, alors que cette unit\u00e9 est le fruit de l\u2019effort exclusif d\u2019un homme d\u2019affaires de la r\u00e9gion. Mais, on pourrait comprendre cette sortie, dans la mesure o\u00f9 il est, chez quelques uns, toujours, bon de s\u2019approprier les m\u00e9rites d\u2019autrui. Mais \u00e0 l\u2019occasion de cette sortie, Mekki a pu b\u00e9n\u00e9ficier d\u2019un accueil digne d\u2019un chef de guerre, au point que cet accueil est devenu la ris\u00e9e de tout le monde, vu le non respect total des pr\u00e9cautions et r\u00e8gles de pr\u00e9vention, entre autres, la distanciation sociale.<\/p>\n<p>Mais comme on ne pourrait s\u2019arr\u00eater en si bon chemin, le ministre s\u2019est autoris\u00e9 un crochet par le studio d\u2019une radio locale, histoire de se rappeler au bon souvenir des auditeurs, et leur faire croire qu\u2019il est l\u00e0, et qu\u2019il ma\u00eetrise la situation.<\/p>\n<p>Ensuite, il a pris le temps de se rendre, toujours accompagn\u00e9 \u00a0par son armada d\u2019\u00e9quipe de presse, \u00e0 Monastir, pour, soi-disant, superviser les conditions d\u2019h\u00e9bergement des malades du coronavirus, dans un h\u00f4tel de la ville. Et pour pr\u00e9tendre montrer aux gens que tout \u00e9tait au meilleur des mondes dans ces centres d\u2019h\u00e9bergement, alors que les t\u00e9moignages du contraire ne cessent de se multiplier depuis leur mise en activit\u00e9.<\/p>\n<p>Mais il va, certainement, lui falloir attendre encore un peu, avant de crier victoire et de vouloir surfer sur cet exploit. Car il doit \u00eatre bien plac\u00e9 pour savoir que la partie est loin d\u2019\u00eatre gagn\u00e9e, et qu\u2019il ne devrait pas se laisser leurrer par les chiffres des derniers jours\u00a0!<br \/><iframe loading=\"lazy\" class=\"c4\" src=\"https:\/\/www.facebook.com\/plugins\/video.php?href=https%3A%2F%2Fwww.facebook.com%2FRadio.JawharaFM%2Fvideos%2F658853438249417%2F&amp;show_text=0&amp;width=560\" width=\"560\" height=\"315\" frameborder=\"0\" scrolling=\"no\" allowfullscreen=\"allowfullscreen\">[embedded content]<\/iframe><\/p>\n<p><img loading=\"lazy\" decoding=\"async\" class=\"aligncenter size-full wp-image-513874\" src=\"https:\/\/www.tunisienumerique.com\/wp-content\/uploads\/2020\/04\/makk-5.jpg\" alt=\"\" width=\"681\" height=\"960\"\/><\/p>\n<p><img loading=\"lazy\" decoding=\"async\" class=\"aligncenter size-full wp-image-513875\" src=\"https:\/\/www.tunisienumerique.com\/wp-content\/uploads\/2020\/04\/makk1.jpg\" alt=\"\" width=\"720\" height=\"417\"\/><\/p>\n<p><img loading=\"lazy\" decoding=\"async\" class=\"aligncenter wp-image-513876\" src=\"https:\/\/www.tunisienumerique.com\/wp-content\/uploads\/2020\/04\/makk2.jpg\" alt=\"\" width=\"721\" height=\"485\" srcset=\"https:\/\/www.tunisienumerique.com\/wp-content\/uploads\/2020\/04\/makk2.jpg 960w, https:\/\/www.tunisienumerique.com\/wp-content\/uploads\/2020\/04\/makk2-768x516.jpg 768w\" sizes=\"auto, (max-width: 721px) 100vw, 721px\"\/><\/p>\n<div class=\"swp_social_panel swp_horizontal_panel swp_flat_fresh swp_default_full_color swp_individual_full_color swp_other_full_color scale-100 scale-\" data-min-width=\"1100\" data-float-color=\"#ffffff\" data-float=\"bottom\" data-float-mobile=\"bottom\" data-transition=\"slide\">\n<div class=\"nc_tweetContainer swp_share_button total_shares total_sharesalt\"><span class=\"swp_count\">11 <span class=\"swp_label\">Partages<\/span><\/span><\/div>\n<\/div>\n<p><strong>Que se passe-t-il en Tunisie?<\/strong><br \/>Nous expliquons sur notre <a href=\"https:\/\/www.youtube.com\/channel\/UCRzypVq0B_yBad5eGrwBx0Q?sub_confirmation=1\" target=\"_blank\" rel=\"noopener noreferrer\">cha\u00eene YouTube<\/a> . <a href=\"https:\/\/www.youtube.com\/channel\/UCRzypVq0B_yBad5eGrwBx0Q?sub_confirmation=1\" target=\"_blank\" rel=\"noopener noreferrer\">Abonnez-vous!<\/a><\/p>\n<div class=\"mvp-org-wrap mvp-org-logo\" itemprop=\"publisher\" itemscope=\"\" itemtype=\"https:\/\/schema.org\/Organization\"><img decoding=\"async\" src=\"https:\/\/www.tunisienumerique.com\/wp-content\/uploads\/2017\/02\/logo_tunisie_numerique.png\"\/><\/div>\n<div class=\"mvp-related-posts left relative\">\n<h4 class=\"post-header\"><span class=\"post-header\">Lire aussi<\/span><\/h4>\n<\/div>\n<div id=\"article-ad\"><ins class=\"adsbygoogle c5\" data-ad-client=\"ca-pub-2102118777505746\" data-ad-slot=\"6513972734\" data-ad-format=\"auto\" data-full-width-responsive=\"true\"\/> <\/div>\n<\/div>\n<div id=\"post-sidebar-wrap\"><ins class=\"adsbygoogle c5\" data-ad-client=\"ca-pub-2102118777505746\" data-ad-slot=\"6168283410\" data-ad-format=\"auto\" data-full-width-responsive=\"true\"\/> <\/div>\n<p>Auteur: Ramsis<br \/>\n<a href=\"https:\/\/www.tunisienumerique.com\/tunisie-video-et-pendant-ce-temps-abdellatif-mekki-part-en-campagne\/\">Cliquez ici pour lire l&rsquo;article depuis sa source.<\/a><\/p>\n","protected":false},"excerpt":{"rendered":"<p>Le pays retient son souffle, le gouvernement est en train de se couper les cheveux en quatre, les \u00e9v\u00e8nements, sur le terrain, sont en train de montrer que la situation commence \u00e0 \u00e9chapper au contr\u00f4le des acteurs, les personnels de sant\u00e9, soutenus par leur syndicat, se rebellent contre les d\u00e9cisions de leur hi\u00e9rarchie\u2026 Et, pendant [&hellip;]<\/p>\n","protected":false},"author":1789,"featured_media":0,"comment_status":"closed","ping_status":"closed","sticky":false,"template":"","format":"standard","meta":{"fifu_image_url":"","fifu_image_alt":"","footnotes":""},"categories":[73,55],"tags":[],"class_list":["post-82627","post","type-post","status-publish","format-standard","hentry","category-actualite","category-tunisie"],"_links":{"self":[{"href":"https:\/\/linitiative.ca\/International\/wp-json\/wp\/v2\/posts\/82627","targetHints":{"allow":["GET"]}}],"collection":[{"href":"https:\/\/linitiative.ca\/International\/wp-json\/wp\/v2\/posts"}],"about":[{"href":"https:\/\/linitiative.ca\/International\/wp-json\/wp\/v2\/types\/post"}],"author":[{"embeddable":true,"href":"https:\/\/linitiative.ca\/International\/wp-json\/wp\/v2\/users\/1789"}],"replies":[{"embeddable":true,"href":"https:\/\/linitiative.ca\/International\/wp-json\/wp\/v2\/comments?post=82627"}],"version-history":[{"count":0,"href":"https:\/\/linitiative.ca\/International\/wp-json\/wp\/v2\/posts\/82627\/revisions"}],"wp:attachment":[{"href":"https:\/\/linitiative.ca\/International\/wp-json\/wp\/v2\/media?parent=82627"}],"wp:term":[{"taxonomy":"category","embeddable":true,"href":"https:\/\/linitiative.ca\/International\/wp-json\/wp\/v2\/categories?post=82627"},{"taxonomy":"post_tag","embeddable":true,"href":"https:\/\/linitiative.ca\/International\/wp-json\/wp\/v2\/tags?post=82627"}],"curies":[{"name":"wp","href":"https:\/\/api.w.org\/{rel}","templated":true}]}}