{"id":82630,"date":"2020-04-16T17:15:42","date_gmt":"2020-04-16T21:15:42","guid":{"rendered":"https:\/\/linitiative.ca\/International\/tunisie-le-conseil-de-lordre-des-pharmaciens-appelle-a-publier-le-cout-et-le-prix-de-revient-des-masques-de-protection\/"},"modified":"2020-04-16T17:15:42","modified_gmt":"2020-04-16T21:15:42","slug":"tunisie-le-conseil-de-lordre-des-pharmaciens-appelle-a-publier-le-cout-et-le-prix-de-revient-des-masques-de-protection","status":"publish","type":"post","link":"https:\/\/linitiative.ca\/International\/tunisie-le-conseil-de-lordre-des-pharmaciens-appelle-a-publier-le-cout-et-le-prix-de-revient-des-masques-de-protection\/","title":{"rendered":"Tunisie \u2013 Le conseil de l\u2019ordre des pharmaciens appelle \u00e0 publier le co\u00fbt et le prix de revient des masques de protection"},"content":{"rendered":"<div class=\"post-cont-in left relative\">\n<p>Suite \u00e0 la pol\u00e9mique suscit\u00e9e par les d\u00e9clarations de certaines personnes assurant que le prix de revient des masques de protection ne d\u00e9passe pas quelques centaines de millimes, alors que l\u2019Etat se propose de les revendre \u00e0 plus de deux dinars pi\u00e8ce, le conseil de l\u2019ordre des pharmaciens a publi\u00e9 un communiqu\u00e9 dans lequel il appelle les autorit\u00e9s \u00e0 publier le prix de revient de ces masques et le d\u00e9tail de leur co\u00fbt, depuis la mati\u00e8re premi\u00e8re \u00e0 la production, et jusqu\u2019\u00e0 la vente au public.<\/p>\n<div class=\"code-block code-block-1 c3\"><ins class=\"adsbygoogle c2\" data-ad-layout=\"in-article\" data-ad-format=\"fluid\" data-ad-client=\"ca-pub-2102118777505746\" data-ad-slot=\"7301775417\"\/> <\/div>\n<p>Par ailleurs, le conseil de l\u2019ordre a demand\u00e9 aux autorit\u00e9s de prendre le temps de constituer un stock de ces produits avant de d\u00e9marrer leur vente au public, et d\u2019assurer une bonne coordination entre les diff\u00e9rents intervenants dans le circuit de leur vente.<\/p>\n<div class=\"swp_social_panel swp_horizontal_panel swp_flat_fresh swp_default_full_color swp_individual_full_color swp_other_full_color scale-100 scale-\" data-min-width=\"1100\" data-float-color=\"#ffffff\" data-float=\"bottom\" data-float-mobile=\"bottom\" data-transition=\"slide\">\n<div class=\"nc_tweetContainer swp_share_button total_shares total_sharesalt\"><span class=\"swp_count\">1 <span class=\"swp_label\">Partages<\/span><\/span><\/div>\n<\/div>\n<p><strong>Que se passe-t-il en Tunisie?<\/strong><br \/>Nous expliquons sur notre <a href=\"https:\/\/www.youtube.com\/channel\/UCRzypVq0B_yBad5eGrwBx0Q?sub_confirmation=1\" target=\"_blank\" rel=\"noopener noreferrer\">cha\u00eene YouTube<\/a> . <a href=\"https:\/\/www.youtube.com\/channel\/UCRzypVq0B_yBad5eGrwBx0Q?sub_confirmation=1\" target=\"_blank\" rel=\"noopener noreferrer\">Abonnez-vous!<\/a><\/p>\n<div class=\"mvp-org-wrap mvp-org-logo\" itemprop=\"publisher\" itemscope=\"\" itemtype=\"https:\/\/schema.org\/Organization\"><img decoding=\"async\" src=\"https:\/\/www.tunisienumerique.com\/wp-content\/uploads\/2017\/02\/logo_tunisie_numerique.png\"\/><\/div>\n<div class=\"mvp-related-posts left relative\">\n<h4 class=\"post-header\"><span class=\"post-header\">Lire aussi<\/span><\/h4>\n<\/div>\n<div id=\"article-ad\"><ins class=\"adsbygoogle c4\" data-ad-client=\"ca-pub-2102118777505746\" data-ad-slot=\"6513972734\" data-ad-format=\"auto\" data-full-width-responsive=\"true\"\/> <\/div>\n<\/div>\n<div id=\"post-sidebar-wrap\"><ins class=\"adsbygoogle c4\" data-ad-client=\"ca-pub-2102118777505746\" data-ad-slot=\"6168283410\" data-ad-format=\"auto\" data-full-width-responsive=\"true\"\/> <\/div>\n<p>Auteur: LM<br \/>\n<a href=\"https:\/\/www.tunisienumerique.com\/tunisie-le-conseil-de-lordre-des-pharmaciens-appelle-a-publier-le-cout-et-le-prix-de-revient-des-masques-de-protection\/\">Cliquez ici pour lire l&rsquo;article depuis sa source.<\/a><\/p>\n","protected":false},"excerpt":{"rendered":"<p>Suite \u00e0 la pol\u00e9mique suscit\u00e9e par les d\u00e9clarations de certaines personnes assurant que le prix de revient des masques de protection ne d\u00e9passe pas quelques centaines de millimes, alors que l\u2019Etat se propose de les revendre \u00e0 plus de deux dinars pi\u00e8ce, le conseil de l\u2019ordre des pharmaciens a publi\u00e9 un communiqu\u00e9 dans lequel il [&hellip;]<\/p>\n","protected":false},"author":1789,"featured_media":0,"comment_status":"closed","ping_status":"closed","sticky":false,"template":"","format":"standard","meta":{"fifu_image_url":"","fifu_image_alt":"","footnotes":""},"categories":[73,55],"tags":[],"class_list":["post-82630","post","type-post","status-publish","format-standard","hentry","category-actualite","category-tunisie"],"_links":{"self":[{"href":"https:\/\/linitiative.ca\/International\/wp-json\/wp\/v2\/posts\/82630","targetHints":{"allow":["GET"]}}],"collection":[{"href":"https:\/\/linitiative.ca\/International\/wp-json\/wp\/v2\/posts"}],"about":[{"href":"https:\/\/linitiative.ca\/International\/wp-json\/wp\/v2\/types\/post"}],"author":[{"embeddable":true,"href":"https:\/\/linitiative.ca\/International\/wp-json\/wp\/v2\/users\/1789"}],"replies":[{"embeddable":true,"href":"https:\/\/linitiative.ca\/International\/wp-json\/wp\/v2\/comments?post=82630"}],"version-history":[{"count":0,"href":"https:\/\/linitiative.ca\/International\/wp-json\/wp\/v2\/posts\/82630\/revisions"}],"wp:attachment":[{"href":"https:\/\/linitiative.ca\/International\/wp-json\/wp\/v2\/media?parent=82630"}],"wp:term":[{"taxonomy":"category","embeddable":true,"href":"https:\/\/linitiative.ca\/International\/wp-json\/wp\/v2\/categories?post=82630"},{"taxonomy":"post_tag","embeddable":true,"href":"https:\/\/linitiative.ca\/International\/wp-json\/wp\/v2\/tags?post=82630"}],"curies":[{"name":"wp","href":"https:\/\/api.w.org\/{rel}","templated":true}]}}