{"id":82632,"date":"2020-04-16T15:22:01","date_gmt":"2020-04-16T19:22:01","guid":{"rendered":"https:\/\/linitiative.ca\/International\/debats-autour-du-coronavirus\/"},"modified":"2020-04-16T15:22:01","modified_gmt":"2020-04-16T19:22:01","slug":"debats-autour-du-coronavirus","status":"publish","type":"post","link":"https:\/\/linitiative.ca\/International\/debats-autour-du-coronavirus\/","title":{"rendered":"DEBATS AUTOUR DU CORONAVIRUS"},"content":{"rendered":"<div class=\"stream-item stream-item-above-post-content\">\n<p><noscript><\/p>\n<p><a href=\"\/\/www3.smartadserver.com\/ac?jump=1&amp;nwid=2136&amp;siteid=240610&amp;pgname=rg&amp;fmtid=49046&amp;visit=m&amp;tmstp=[timestamp]&amp;out=nonrich\" target=\"_blank\" rel=\"noopener noreferrer\"><img decoding=\"async\" src=\"\/\/www3.smartadserver.com\/ac?out=nonrich&amp;nwid=2136&amp;siteid=240610&amp;pgname=rg&amp;fmtid=49046&amp;visit=m&amp;tmstp=[timestamp]\" border=\"0\" alt=\"\"\/><\/a><\/p>\n<p><\/noscript><\/div>\n<p class=\"c3\"><em>Depuis l\u2019av\u00e8nement du Covid-19, l\u2019on assiste \u00e0 un d\u00e9bat interminable sur l\u2019origine de cet \u00eatre microscopique qui trouble le sommeil du monde entier. En effet, pendant que les uns estiment que le virus vient d\u2019un animal sauvage appel\u00e9 le pangolin, d\u2019autres affirment qu\u2019il a \u00e9t\u00e9 fabriqu\u00e9 dans un laboratoire avant d\u2019\u00eatre inocul\u00e9 \u00e0 l\u2019homme. Qui a raison\u00a0? Qui a tort\u00a0? Je ne saurais y r\u00e9pondre, tant chacun y va de ses arguments\u00a0; les uns parfois aussi sp\u00e9cieux que ridicules. D\u2019ailleurs, pour moi, le d\u00e9bat ne se trouve pas \u00e0 ce niveau. Il est plut\u00f4t ailleurs. Le plus urgent pour l\u2019humanit\u00e9 n\u2019est pas de savoir d\u2019o\u00f9 est venu le virus dont on dit qu\u2019il a la forme d\u2019une couronne. Ce qui importe, pour l\u2019instant, c\u2019est de lui trouver un rem\u00e8de efficace afin de sauver l\u2019humanit\u00e9 en p\u00e9ril. Et il suffit de consid\u00e9rer le nombre de d\u00e9c\u00e8s par jour dans le monde, pour comprendre que l\u2019heure n\u2019est pas aux d\u00e9bats inutiles. Plut\u00f4t donc que de passer le temps \u00e0 chercher le sexe des anges, allons au charbon pour trouver un vaccin ou un produit pour an\u00e9antir la pand\u00e9mie en cours qui, dans certains pays, fait pr\u00e8s d\u2019un millier de morts par jour. Je le dis parce que je sais que notre monde moderne, quoi que s\u00e9rieusement \u00e9prouv\u00e9, en est capable. A condition seulement que nous d\u00e9passions les d\u00e9bats futiles auxquels nous prenons du plaisir \u00e0 accorder de l\u2019importance. J\u2019\u00e9tais d\u2019ailleurs tr\u00e8s en boule lorsque, la derni\u00e8re fois, j\u2019ai entendu deux hommes engag\u00e9s dans un d\u00e9bat o\u00f9 l\u2019un affirmait que l\u2019on dit normalement la Covid-19 et l\u2019autre soutenait le contraire. Je n\u2019en croyais pas mes oreilles\u00a0; tant nos deux messieurs \u00e9taient dans leur s\u00e9rieux. Honn\u00eatement, bonnes gens, en quoi ce d\u00e9bat nous fait-il avancer\u00a0? Que l\u2019on dise le Covid-19 ou la Covid-19, o\u00f9 est le probl\u00e8me\u00a0? Je n\u2019en vois pas personnellement.<\/em><\/p>\n<p class=\"c3\"><strong><em>Je demande \u00e0 tous les th\u00e9oriciens et autres th\u00e9seurs de la boucler pour permettre aux chercheurs d\u2019avancer dans leurs travaux<\/em><\/strong><\/p>\n<p class=\"c3\"><em>D\u2019ailleurs, je pense que ceux qui passent le temps \u00e0 discutailler sur ces d\u00e9tails gagneraient \u00e0 canaliser leurs \u00e9nergies dans la recherche d\u2019un rem\u00e8de pour sauver l\u2019esp\u00e8ce humaine plus que jamais menac\u00e9e dans son existence. Une fois cette urgence pass\u00e9e, on pourra se donner le temps pour chercher l\u2019origine et le genre du coronavirus, si l\u2019on estime cela n\u00e9cessaire. Pour le moment, je demande \u00e0 tous les th\u00e9oriciens et autres th\u00e9seurs de la boucler pour permettre aux chercheurs d\u2019avancer dans leurs travaux. Je veux que cela soit bien compris de tous. Je n\u2019aime pas le bavardage inutile. Car, face cette \u00e0 \u00e9preuve, l\u2019on a seulement besoin du concret. Le concret, rien que le concret. C\u2019est en cela que je tire personnellement mon chapeau \u00e0 ceux-l\u00e0 qui ont con\u00e7u la chloroquine et l\u2019apivirine. Je ne m\u2019\u00e9rige pas en leur avocat d\u00e9fenseur. Non, tel n\u2019est pas mon propos. Mais je veux dire tout simplement que quoi que l\u2019on dise, il faut leur reconna\u00eetre le m\u00e9rite d\u2019avoir propos\u00e9 quelque chose \u00e0 l\u2019Homme. Et je suis s\u00fbr que si deux, trois voire quatre autres chercheurs arrivent \u00e0 proposer autre chose de concret, les lignent bougeront dans la lutte contre la pand\u00e9mie du nouveau coronavirus.<\/em><\/p>\n<p class=\"c3\"><strong><em>\u00ab\u00a0Le Fou\u00a0\u00bb<\/em><\/strong><\/p>\n<p>Auteur: Le Pays<br \/>\n<a href=\"http:\/\/lepays.bf\/debats-autour-du-coronavirus\/\">Cliquez ici pour lire l&rsquo;article depuis sa source.<\/a><\/p>\n","protected":false},"excerpt":{"rendered":"<p>Depuis l\u2019av\u00e8nement du Covid-19, l\u2019on assiste \u00e0 un d\u00e9bat interminable sur l\u2019origine de cet \u00eatre microscopique qui trouble le sommeil du monde entier. En effet, pendant que les uns estiment que le virus vient d\u2019un animal sauvage appel\u00e9 le pangolin, d\u2019autres affirment qu\u2019il a \u00e9t\u00e9 fabriqu\u00e9 dans un laboratoire avant d\u2019\u00eatre inocul\u00e9 \u00e0 l\u2019homme. Qui [&hellip;]<\/p>\n","protected":false},"author":1813,"featured_media":0,"comment_status":"closed","ping_status":"closed","sticky":false,"template":"","format":"standard","meta":{"fifu_image_url":"","fifu_image_alt":"","footnotes":""},"categories":[73,81],"tags":[],"class_list":["post-82632","post","type-post","status-publish","format-standard","hentry","category-actualite","category-burkina-faso"],"_links":{"self":[{"href":"https:\/\/linitiative.ca\/International\/wp-json\/wp\/v2\/posts\/82632","targetHints":{"allow":["GET"]}}],"collection":[{"href":"https:\/\/linitiative.ca\/International\/wp-json\/wp\/v2\/posts"}],"about":[{"href":"https:\/\/linitiative.ca\/International\/wp-json\/wp\/v2\/types\/post"}],"author":[{"embeddable":true,"href":"https:\/\/linitiative.ca\/International\/wp-json\/wp\/v2\/users\/1813"}],"replies":[{"embeddable":true,"href":"https:\/\/linitiative.ca\/International\/wp-json\/wp\/v2\/comments?post=82632"}],"version-history":[{"count":0,"href":"https:\/\/linitiative.ca\/International\/wp-json\/wp\/v2\/posts\/82632\/revisions"}],"wp:attachment":[{"href":"https:\/\/linitiative.ca\/International\/wp-json\/wp\/v2\/media?parent=82632"}],"wp:term":[{"taxonomy":"category","embeddable":true,"href":"https:\/\/linitiative.ca\/International\/wp-json\/wp\/v2\/categories?post=82632"},{"taxonomy":"post_tag","embeddable":true,"href":"https:\/\/linitiative.ca\/International\/wp-json\/wp\/v2\/tags?post=82632"}],"curies":[{"name":"wp","href":"https:\/\/api.w.org\/{rel}","templated":true}]}}